{"id":277659,"date":"2025-12-08T12:49:09","date_gmt":"2025-12-08T12:49:09","guid":{"rendered":"https:\/\/www.europesays.com\/es\/277659\/"},"modified":"2025-12-08T12:49:09","modified_gmt":"2025-12-08T12:49:09","slug":"adios-a-openbank-el-banco-santander-aprueba-la-absorcion-de-su-filial-mas-popular","status":"publish","type":"post","link":"https:\/\/www.europesays.com\/es\/277659\/","title":{"rendered":"\u00bfAdi\u00f3s a Openbank? El Banco Santander aprueba la absorci\u00f3n de su filial m\u00e1s popular"},"content":{"rendered":"<p>El <strong>Banco Santander<\/strong> avanza para reordenar su negocio digital y de consumo al aprobar la <strong>extinci\u00f3n societaria de Openbank<\/strong>, su banco 100% online, mediante una fusi\u00f3n por absorci\u00f3n dentro de <strong>Santander Consumer Finance (SCF)<\/strong>. <\/p>\n<p>Lejos de ser un cierre cl\u00e1sico, se trata de una operaci\u00f3n de <strong>simplificaci\u00f3n estructural<\/strong> y de impulso a la estrategia del <strong>Digital Consumer Bank<\/strong> en Europa.<\/p>\n<p>Seg\u00fan el Bolet\u00edn Oficial del Registro Mercantil, la junta de <strong>Santander Consumer Finance<\/strong> y el consejo de <strong>Openbank<\/strong> ya han aprobado la fusi\u00f3n que supondr\u00e1 la <strong>extinci\u00f3n de Openbank como sociedad<\/strong>, con el traspaso de todos sus <strong>activos y pasivos<\/strong> a SCF. <\/p>\n<p>El \u00faltimo paso pendiente es el visto bueno del <strong>Ministerio de Econom\u00eda, Comercio y Empresa<\/strong>, del <strong>Banco de Espa\u00f1a<\/strong> y del <strong>Banco Central Europeo (BCE)<\/strong>, que deben autorizar formalmente la operaci\u00f3n.<\/p>\n<p>Openbank es actualmente el <strong>banco retail digital<\/strong> del grupo, con presencia en <strong>Espa\u00f1a, Alemania, Portugal y Pa\u00edses Bajos<\/strong>, donde ofrece <strong>cuentas corrientes, cuentas de ahorro, tarjetas, pr\u00e9stamos e hipotecas<\/strong> completamente online. <\/p>\n<p>La integraci\u00f3n se realizar\u00e1 bajo el r\u00e9gimen especial <strong>simplificado de fusiones<\/strong> al tratarse de dos filiales con la misma matriz, el Banco Santander, lo que reduce plazos y tr\u00e1mites legales.<\/p>\n<p>La entidad ha subrayado que se trata de un <strong>cambio societario interno<\/strong>, orientado a simplificar estructuras y ganar eficiencia, y que <strong>no afectar\u00e1 a los clientes<\/strong> ni a los productos que ya tienen contratados. <\/p>\n<p>Las condiciones de las cuentas, dep\u00f3sitos o pr\u00e9stamos seguir\u00e1n vigentes, puesto que se respetan los derechos adquiridos y lo que cambia es la entidad que figura como titular en el registro, no la relaci\u00f3n contractual b\u00e1sica.<\/p>\n<p><strong>Con OpenBank, un gigante digital de consumo en Europa<\/strong><\/p>\n<p>La operaci\u00f3n encaja en el plan del grupo para reforzar su <strong>divisi\u00f3n Digital Consumer Bank<\/strong>, que agrupa el negocio de <strong>financiaci\u00f3n al consumo<\/strong> y la banca digital en Europa. <\/p>\n<p><strong>Santander Consumer Finance<\/strong> es una de las mayores financieras especializadas en el <strong>sector del autom\u00f3vil<\/strong> en el continente, con acuerdos con fabricantes y concesionarios en numerosos pa\u00edses.<\/p>\n<p><img loading=\"lazy\" decoding=\"async\" width=\"1199\" height=\"675\" src=\"data:image\/svg+xml,%3Csvg%20xmlns=\" http:=\"\" alt=\"banco santander ana botin\" class=\"wp-image-950248\" data-lazy- data-lazy- data-lazy-src=\"https:\/\/www.europesays.com\/es\/wp-content\/uploads\/2025\/12\/banco-santander-ana-botin.jpg\"\/>Ana Bot\u00edn, presidenta del Banco Santander.<\/p>\n<p>Por su parte, <strong>Openbank<\/strong> aporta una <strong>plataforma tecnol\u00f3gica 100% en la nube<\/strong>, construida internamente por el grupo y dise\u00f1ada para operar de forma escalable en distintos mercados. <\/p>\n<p>La integraci\u00f3n persigue eliminar <strong>duplicidades de gobernanza, sistemas y costes<\/strong> entre dos estructuras que ya compart\u00edan la misma matriz y una parte relevante de equipos directivos.<\/p>\n<p>El objetivo es que la futura plataforma combinada pueda <strong>captar dep\u00f3sitos minoristas online<\/strong> en toda Europa, utilizando la marca digital, para financiar el negocio de <strong>cr\u00e9dito al consumo, financiaci\u00f3n de veh\u00edculos y pagos<\/strong> que ya gestiona SCF. <\/p>\n<p>Esta f\u00f3rmula permite al grupo abaratar su coste de financiaci\u00f3n y competir de forma m\u00e1s directa con neobancos y fintech especializadas, manteniendo al mismo tiempo la escala y el m\u00fasculo de una gran entidad bancaria.<\/p>\n<p>En esta reorganizaci\u00f3n tambi\u00e9n se contempla el impulso a la <strong>distribuci\u00f3n de seguros<\/strong> en mercados como <strong>Alemania, Austria, Pa\u00edses Bajos y Portugal<\/strong>, para lo que el grupo ha solicitado la notificaci\u00f3n necesaria ante la <strong>Direcci\u00f3n General de Seguros y Fondos de Pensiones (DGSFP)<\/strong>. Se busca as\u00ed aumentar los ingresos por <strong>productos combinados<\/strong> (cr\u00e9dito m\u00e1s seguros) y mejorar el margen por cliente dentro del ecosistema digital.<\/p>\n","protected":false},"excerpt":{"rendered":"El Banco Santander avanza para reordenar su negocio digital y de consumo al aprobar la extinci\u00f3n societaria de&hellip;\n","protected":false},"author":2,"featured_media":277660,"comment_status":"","ping_status":"","sticky":false,"template":"","format":"standard","meta":{"footnotes":""},"categories":[80],"tags":[67588,7811,82,95,94,25,24,7812,23],"class_list":{"0":"post-277659","1":"post","2":"type-post","3":"status-publish","4":"format-standard","5":"has-post-thumbnail","7":"category-economia","8":"tag-ana-botu00edn","9":"tag-banco-santander","10":"tag-business","11":"tag-economia","12":"tag-economy","13":"tag-es","14":"tag-espana","15":"tag-openbank","16":"tag-spain"},"share_on_mastodon":{"url":"https:\/\/pubeurope.com\/@es\/115684033853788841","error":""},"_links":{"self":[{"href":"https:\/\/www.europesays.com\/es\/wp-json\/wp\/v2\/posts\/277659","targetHints":{"allow":["GET"]}}],"collection":[{"href":"https:\/\/www.europesays.com\/es\/wp-json\/wp\/v2\/posts"}],"about":[{"href":"https:\/\/www.europesays.com\/es\/wp-json\/wp\/v2\/types\/post"}],"author":[{"embeddable":true,"href":"https:\/\/www.europesays.com\/es\/wp-json\/wp\/v2\/users\/2"}],"replies":[{"embeddable":true,"href":"https:\/\/www.europesays.com\/es\/wp-json\/wp\/v2\/comments?post=277659"}],"version-history":[{"count":0,"href":"https:\/\/www.europesays.com\/es\/wp-json\/wp\/v2\/posts\/277659\/revisions"}],"wp:featuredmedia":[{"embeddable":true,"href":"https:\/\/www.europesays.com\/es\/wp-json\/wp\/v2\/media\/277660"}],"wp:attachment":[{"href":"https:\/\/www.europesays.com\/es\/wp-json\/wp\/v2\/media?parent=277659"}],"wp:term":[{"taxonomy":"category","embeddable":true,"href":"https:\/\/www.europesays.com\/es\/wp-json\/wp\/v2\/categories?post=277659"},{"taxonomy":"post_tag","embeddable":true,"href":"https:\/\/www.europesays.com\/es\/wp-json\/wp\/v2\/tags?post=277659"}],"curies":[{"name":"wp","href":"https:\/\/api.w.org\/{rel}","templated":true}]}}