{"id":277677,"date":"2025-12-08T13:10:10","date_gmt":"2025-12-08T13:10:10","guid":{"rendered":"https:\/\/www.europesays.com\/es\/277677\/"},"modified":"2025-12-08T13:10:10","modified_gmt":"2025-12-08T13:10:10","slug":"las-cifras-de-la-junta-general-de-accionistas-2025","status":"publish","type":"post","link":"https:\/\/www.europesays.com\/es\/277677\/","title":{"rendered":"Las cifras de la Junta General de Accionistas 2025"},"content":{"rendered":"<p>La Real Sociedad celebrar\u00e1 el mi\u00e9rcoles su Junta General de Accionistas. Ser\u00e1 en el escenario habitual, el Palacio de Congresos Kursaal a partir de las 19h.<\/p>\n<p>La Real someter\u00e1 a la aprobaci\u00f3n de sus accionistas las Cuentas Anuales y el Informe de gesti\u00f3n correspondientes al ejercicio cerrado el pasado 30 de junio. Estas cuentas presentan como datos m\u00e1s relevantes, un resultado positivo de 16,9 millones de euros y un EBITDA de 45,2 millones de euros. Asimismo, destacar que los Fondos Propios a dicha fecha ascienden a 79,7 millones de euros y el Patrimonio Neto se sit\u00faa en 92,7 millones de euros.<\/p>\n<p>De igual manera se propondr\u00e1 la aprobaci\u00f3n del Presupuesto del ejercicio econ\u00f3mico comprendido entre el 1 de julio de 2025 y el 30 de junio de 2026. Un Presupuesto que prev\u00e9 un resultado positivo de 17,8 millones de euros sobre unos ingresos de 178,1 millones de euros y unos gastos de 160, 2 millones de euros.<\/p>\n<p>Queremos rese\u00f1ar que este Presupuesto contempla una subida de las cuotas de los abonos del 2,5%.<\/p>\n<p>Tambi\u00e9n se someter\u00e1 a aprobaci\u00f3n el estado de informaci\u00f3n no financiera que aborda cuestiones tan relevantes como el compromiso de la entidad con la sostenibilidad medioambiental, la lucha contra la corrupci\u00f3n y el soborno, el respeto de los derechos humanos o temas sociales y relativos al personal.<\/p>\n<p>De igual manera los accionistas deber\u00e1n votar la propuesta de nombrar a Agem Consultores y Auditores SL como auditor de cuentas para el ejercicio 2025 &#8211; 2026.<\/p>\n<p>Para profundizar en estos temas y compartir reflexiones y opiniones, animamos a los accionistas a que asistan el mi\u00e9rcoles al Kursaal.<\/p>\n","protected":false},"excerpt":{"rendered":"La Real Sociedad celebrar\u00e1 el mi\u00e9rcoles su Junta General de Accionistas. Ser\u00e1 en el escenario habitual, el Palacio&hellip;\n","protected":false},"author":2,"featured_media":277678,"comment_status":"","ping_status":"","sticky":false,"template":"","format":"standard","meta":{"footnotes":""},"categories":[93],"tags":[168,25,24,282,1044,798,492,23,167],"class_list":{"0":"post-277677","1":"post","2":"type-post","3":"status-publish","4":"format-standard","5":"has-post-thumbnail","7":"category-deportes","8":"tag-deportes","9":"tag-es","10":"tag-espana","11":"tag-futbol","12":"tag-liga","13":"tag-real","14":"tag-sociedad","15":"tag-spain","16":"tag-sports"},"share_on_mastodon":{"url":"https:\/\/pubeurope.com\/@es\/115684116118709696","error":""},"_links":{"self":[{"href":"https:\/\/www.europesays.com\/es\/wp-json\/wp\/v2\/posts\/277677","targetHints":{"allow":["GET"]}}],"collection":[{"href":"https:\/\/www.europesays.com\/es\/wp-json\/wp\/v2\/posts"}],"about":[{"href":"https:\/\/www.europesays.com\/es\/wp-json\/wp\/v2\/types\/post"}],"author":[{"embeddable":true,"href":"https:\/\/www.europesays.com\/es\/wp-json\/wp\/v2\/users\/2"}],"replies":[{"embeddable":true,"href":"https:\/\/www.europesays.com\/es\/wp-json\/wp\/v2\/comments?post=277677"}],"version-history":[{"count":0,"href":"https:\/\/www.europesays.com\/es\/wp-json\/wp\/v2\/posts\/277677\/revisions"}],"wp:featuredmedia":[{"embeddable":true,"href":"https:\/\/www.europesays.com\/es\/wp-json\/wp\/v2\/media\/277678"}],"wp:attachment":[{"href":"https:\/\/www.europesays.com\/es\/wp-json\/wp\/v2\/media?parent=277677"}],"wp:term":[{"taxonomy":"category","embeddable":true,"href":"https:\/\/www.europesays.com\/es\/wp-json\/wp\/v2\/categories?post=277677"},{"taxonomy":"post_tag","embeddable":true,"href":"https:\/\/www.europesays.com\/es\/wp-json\/wp\/v2\/tags?post=277677"}],"curies":[{"name":"wp","href":"https:\/\/api.w.org\/{rel}","templated":true}]}}