{"id":277681,"date":"2025-12-08T13:12:18","date_gmt":"2025-12-08T13:12:18","guid":{"rendered":"https:\/\/www.europesays.com\/es\/277681\/"},"modified":"2025-12-08T13:12:18","modified_gmt":"2025-12-08T13:12:18","slug":"luis-tosar-el-cine-americano-acostumbra-a-que-las-cosas-se-resuelvan-facil-la-vida-no-es-asi-libertad-digital","status":"publish","type":"post","link":"https:\/\/www.europesays.com\/es\/277681\/","title":{"rendered":"Luis Tosar: \u00abEl cine americano acostumbra a que las cosas se resuelvan f\u00e1cil, la vida no es as\u00ed\u00bb &#8211; Libertad Digital"},"content":{"rendered":"<p><strong>Rafa Cobos, <\/strong>director de <strong>Golpes<\/strong>, junto a los actores <strong>Luis Tosar y Jes\u00fas Carroza,<\/strong> han pasado por los micr\u00f3fonos de <strong>esRadio<\/strong> en <a href=\"https:\/\/esradio.libertaddigital.com\/es-cine\/\" rel=\"nofollow noopener\" target=\"_blank\"><strong>esCine<\/strong><\/a> para hablar del estreno de una pel\u00edcula ambientada en los a\u00f1os 80 cuando un Migueli sale de la c\u00e1rcel y re\u00fane a su antigua banda para atracar bancos y joyer\u00edas. El polic\u00eda encargado de detenerle, Sabino, es su propio hermano.<\/p>\n<p>Rafa Cobos ha explicado que el origen de Golpes parte de un impulso muy concreto: \u00ab<strong>El principio de todo fue justo el cine quinqui<\/strong>\u00ab. Un territorio cinematogr\u00e1fico con el que creci\u00f3 y que, seg\u00fan ha afirmado, \u00ab<strong>resultaba interesante utilizar porque era una plataforma perfecta para tocar un tema espinoso y trascendental como es el de la memoria<\/strong>\u00ab.<\/p>\n<p>Es la manera de reivindicar esa mirada contempor\u00e1nea que permite <strong>profundizar en un trasfondo que atraviesa a todos los personajes<\/strong>. Y es que para el director, volver a ese universo no significaba copiarlo, sino tomar distancia y que el cine quinqui respirara de otra forma.<\/p>\n<p>Dos hermanos frente a una herida sin cerrar<\/p>\n<p>Luis Tosar encarna a Sabino, un hombre marcado por aquello que nunca dijo: \u00ab\u00c9l no sabe c\u00f3mo resolver el problema que ha ido pesando y acumul\u00e1ndose a lo largo de los a\u00f1os\u00bb, ha admitido. Su personaje carga con d\u00e9cadas de silencio emocional: \u00abHa vivido en una Espa\u00f1a en el que el tema de la salud mental era totalmente intocable\u00bb. Una incapacidad que se convierte en bloqueo vital: \u00ab<strong>Sabino tiene tal quilombo mental y tal empanada emocional que no sabe ni por d\u00f3nde empezar<\/strong>\u00ab.<\/p>\n<p>    Relacionado<\/p>\n<p>Jes\u00fas Carroza, por su parte, da vida a Migueli, un personaje impulsivo pero luminoso en su propia precariedad: \u00abEs un t\u00edo listo, que se ha rodeado de amigos, se ha ido buscando la vida y tiene un sitio donde quedarse\u00bb. Ambos, ha sostenido, avanzan desde heridas comunes, pero diferentes a la vez: \u00ab<strong>Tienen su justificante, pero formas distintas de resolverlo<\/strong>. <strong>A\u00fan as\u00ed<\/strong>,<strong> los dos est\u00e1n jodidos<\/strong>\u00ab.<\/p>\n<p>El director ha subrayado estas \u00faltimas palabras de Jes\u00fas Carroza: \u00abEst\u00e1n muy jodidos, pero de distinta manera\u00bb. Adem\u00e1s ha resumido la fractura que define la pel\u00edcula: \u00ab<strong>Hay un acontecimiento de arranque que determina c\u00f3mo son socialmente y c\u00f3mo van a ser socialmente estos dos tipos<\/strong>\u00ab.<\/p>\n<p>Encuentros, derrotas y peque\u00f1as esperanzas<\/p>\n<p>Uno de los momentos m\u00e1s devastadores de la pel\u00edcula se ha reflejado en la lectura de Cobos: \u00abCuando la mujer le dice &#8216;ya es tarde&#8217;, se va y se queda solo\u00bb. Luis Tosar ha profundizado en ese instante que quiebra el fr\u00e1gil equilibrio del personaje: \u00ab<strong>La esperanza de que la vida podr\u00eda volver a tener sentido, cae como una losa<\/strong>\u00ab.<\/p>\n<p>Tosar tambi\u00e9n ha apuntado que, aunque el cine americano acostumbra a que las cosas se resuelvan f\u00e1cil, \u00abla vida en realidad no es as\u00ed y lo normal es que esto que ocurre en la pel\u00edcula suceda\u00bb. Aun as\u00ed, el largometraje ha reservado un resquicio de ternura. Miguel encuentra un refugio emocional en \u00c1ngela, interpretada por Teresa Garz\u00f3n, como ha apuntado Carroza: \u00ab<strong>Nos necesit\u00e1bamos los dos<\/strong>\u00ab.<\/p>\n<p><strong>Pincha en el audio <\/strong>para escuchar la entrevista completa.<\/p>\n","protected":false},"excerpt":{"rendered":"Rafa Cobos, director de Golpes, junto a los actores Luis Tosar y Jes\u00fas Carroza, han pasado por los&hellip;\n","protected":false},"author":2,"featured_media":277682,"comment_status":"","ping_status":"","sticky":false,"template":"","format":"standard","meta":{"footnotes":""},"categories":[91],"tags":[67598,146,147,25,24,12677,67600,67601,66666,15752,911,67599,3889,1171,23],"class_list":{"0":"post-277681","1":"post","2":"type-post","3":"status-publish","4":"format-standard","5":"has-post-thumbnail","7":"category-entretenimiento","8":"tag-cine-quinqui","9":"tag-entertainment","10":"tag-entretenimiento","11":"tag-es","12":"tag-espana","13":"tag-golpes","14":"tag-herida-emocional","15":"tag-herida-social","16":"tag-jesus-carroza","17":"tag-luis-tosar","18":"tag-memoria","19":"tag-rafa-cobos","20":"tag-sector-del-cine","21":"tag-sevilla","22":"tag-spain"},"share_on_mastodon":{"url":"https:\/\/pubeurope.com\/@es\/115684124041427153","error":""},"_links":{"self":[{"href":"https:\/\/www.europesays.com\/es\/wp-json\/wp\/v2\/posts\/277681","targetHints":{"allow":["GET"]}}],"collection":[{"href":"https:\/\/www.europesays.com\/es\/wp-json\/wp\/v2\/posts"}],"about":[{"href":"https:\/\/www.europesays.com\/es\/wp-json\/wp\/v2\/types\/post"}],"author":[{"embeddable":true,"href":"https:\/\/www.europesays.com\/es\/wp-json\/wp\/v2\/users\/2"}],"replies":[{"embeddable":true,"href":"https:\/\/www.europesays.com\/es\/wp-json\/wp\/v2\/comments?post=277681"}],"version-history":[{"count":0,"href":"https:\/\/www.europesays.com\/es\/wp-json\/wp\/v2\/posts\/277681\/revisions"}],"wp:featuredmedia":[{"embeddable":true,"href":"https:\/\/www.europesays.com\/es\/wp-json\/wp\/v2\/media\/277682"}],"wp:attachment":[{"href":"https:\/\/www.europesays.com\/es\/wp-json\/wp\/v2\/media?parent=277681"}],"wp:term":[{"taxonomy":"category","embeddable":true,"href":"https:\/\/www.europesays.com\/es\/wp-json\/wp\/v2\/categories?post=277681"},{"taxonomy":"post_tag","embeddable":true,"href":"https:\/\/www.europesays.com\/es\/wp-json\/wp\/v2\/tags?post=277681"}],"curies":[{"name":"wp","href":"https:\/\/api.w.org\/{rel}","templated":true}]}}