{"id":277685,"date":"2025-12-08T13:14:10","date_gmt":"2025-12-08T13:14:10","guid":{"rendered":"https:\/\/www.europesays.com\/es\/277685\/"},"modified":"2025-12-08T13:14:10","modified_gmt":"2025-12-08T13:14:10","slug":"acuerdo-impulsa-ia-responsable-para-modernizar-los-servicios-publicos","status":"publish","type":"post","link":"https:\/\/www.europesays.com\/es\/277685\/","title":{"rendered":"Acuerdo impulsa IA responsable para modernizar los servicios p\u00fablicos"},"content":{"rendered":"<p id=\"breadcrumbs\"><a href=\"https:\/\/vivirediciones.es\/\" rel=\"v:url nofollow noopener\" property=\"v:title\" target=\"_blank\">Portada<\/a> \u00bb <a href=\"https:\/\/vivirediciones.es\/category\/getafe\/\" rel=\"v:url nofollow noopener\" property=\"v:title\" target=\"_blank\">Getafe<\/a> \u00bb Acuerdo impulsa IA responsable para modernizar los servicios p\u00fablicos<\/p>\n<p><img decoding=\"async\" src=\"https:\/\/www.europesays.com\/es\/wp-content\/uploads\/2025\/12\/Comunidad-de-Madrid-22-678x381.jpg\" alt=\"\" title=\"Comunidad de Madrid 22\"\/><\/p>\n<p>Acuerdo con Mistral para impulsar la inteligencia artificial en la Administraci\u00f3n.<\/p>\n<p>La Comunidad de Madrid y la startup francesa Mistral han firmado un convenio para promover el desarrollo responsable de la inteligencia artificial en la Administraci\u00f3n regional. El acuerdo busca aplicar la IA a proyectos concretos como asistentes virtuales para empleados, la automatizaci\u00f3n de tr\u00e1mites y sistemas inteligentes para optimizar la gesti\u00f3n del transporte. La presidenta Isabel D\u00edaz Ayuso recibi\u00f3 a los representantes de la empresa en la Real Casa de Correos el 8 de diciembre de 2025.<\/p>\n<p>Alcance del convenio.<\/p>\n<p>El convenio fue rubricado por el consejero de Digitalizaci\u00f3n Miguel L\u00f3pez-Valverde y el CEO de Mistral Arthur Mensch, y define las principales \u00e1reas de colaboraci\u00f3n entre ambas partes. Mistral es una startup especializada en el desarrollo de soluciones gratuitas de inteligencia artificial. Las prioridades estrat\u00e9gicas incluyen el desarrollo de proyectos \u00fatiles para la ciudadan\u00eda y la garant\u00eda de seguridad y privacidad en el tratamiento de datos. El consejero subray\u00f3 la utilidad de la IA para ayudar a los profesionales en tareas administrativas repetitivas y en el an\u00e1lisis de grandes vol\u00famenes de datos.<\/p>\n<p>Formaci\u00f3n y transferencia tecnol\u00f3gica.<\/p>\n<p>Ambas partes se comprometen a poner en marcha programas para atraer y formar a j\u00f3venes en la disciplina de la inteligencia artificial y a fomentar la transferencia de conocimiento entre universidades, centros de investigaci\u00f3n y empresas. Tambi\u00e9n promover\u00e1n el emprendimiento tecnol\u00f3gico mediante asesoramiento experto y la organizaci\u00f3n de eventos de innovaci\u00f3n. El objetivo es convertir a Madrid en un referente europeo en el despliegue responsable de la IA, combinando rigor, visi\u00f3n y oportunidades para el ecosistema regional. As\u00ed lo ha informado la Direcci\u00f3n General de Medios de Comunicaci\u00f3n de la Comunidad de Madrid.<\/p>\n","protected":false},"excerpt":{"rendered":"Portada \u00bb Getafe \u00bb Acuerdo impulsa IA responsable para modernizar los servicios p\u00fablicos Acuerdo con Mistral para impulsar&hellip;\n","protected":false},"author":2,"featured_media":277686,"comment_status":"","ping_status":"","sticky":false,"template":"","format":"standard","meta":{"footnotes":""},"categories":[80],"tags":[82,95,94,25,24,23],"class_list":{"0":"post-277685","1":"post","2":"type-post","3":"status-publish","4":"format-standard","5":"has-post-thumbnail","7":"category-economia","8":"tag-business","9":"tag-economia","10":"tag-economy","11":"tag-es","12":"tag-espana","13":"tag-spain"},"share_on_mastodon":{"url":"https:\/\/pubeurope.com\/@es\/115684132476589167","error":""},"_links":{"self":[{"href":"https:\/\/www.europesays.com\/es\/wp-json\/wp\/v2\/posts\/277685","targetHints":{"allow":["GET"]}}],"collection":[{"href":"https:\/\/www.europesays.com\/es\/wp-json\/wp\/v2\/posts"}],"about":[{"href":"https:\/\/www.europesays.com\/es\/wp-json\/wp\/v2\/types\/post"}],"author":[{"embeddable":true,"href":"https:\/\/www.europesays.com\/es\/wp-json\/wp\/v2\/users\/2"}],"replies":[{"embeddable":true,"href":"https:\/\/www.europesays.com\/es\/wp-json\/wp\/v2\/comments?post=277685"}],"version-history":[{"count":0,"href":"https:\/\/www.europesays.com\/es\/wp-json\/wp\/v2\/posts\/277685\/revisions"}],"wp:featuredmedia":[{"embeddable":true,"href":"https:\/\/www.europesays.com\/es\/wp-json\/wp\/v2\/media\/277686"}],"wp:attachment":[{"href":"https:\/\/www.europesays.com\/es\/wp-json\/wp\/v2\/media?parent=277685"}],"wp:term":[{"taxonomy":"category","embeddable":true,"href":"https:\/\/www.europesays.com\/es\/wp-json\/wp\/v2\/categories?post=277685"},{"taxonomy":"post_tag","embeddable":true,"href":"https:\/\/www.europesays.com\/es\/wp-json\/wp\/v2\/tags?post=277685"}],"curies":[{"name":"wp","href":"https:\/\/api.w.org\/{rel}","templated":true}]}}