{"id":277691,"date":"2025-12-08T13:17:11","date_gmt":"2025-12-08T13:17:11","guid":{"rendered":"https:\/\/www.europesays.com\/es\/277691\/"},"modified":"2025-12-08T13:17:11","modified_gmt":"2025-12-08T13:17:11","slug":"espana-ya-conoce-a-sus-rivales-del-mundial-2026","status":"publish","type":"post","link":"https:\/\/www.europesays.com\/es\/277691\/","title":{"rendered":"Espa\u00f1a ya conoce a sus rivales del Mundial 2026"},"content":{"rendered":"<p>              <strong>TP<\/strong><\/p>\n<p>Espa\u00f1a ya conoce a sus rivales en el Mundial 2026: Uruguay, Arabia Saud\u00ed y Cabo Verde. Repasamos la jornada liguera que deja al Barcelona a\u00fan m\u00e1s l\u00edder despu\u00e9s de su victoria y la derrota del Real Madrid y abrimos las previas de la semana en competici\u00f3n europea. Tambi\u00e9n comentamos la jornada de f\u00fatbol en Segunda divisi\u00f3n, f\u00fatbol femenino y en baloncesto. Cerramos contando el \u00faltimo GP de F\u00f3rmula 1 que nos ha dejado a Lando Norris como nuevo campe\u00f3n del mundo.<\/p>\n","protected":false},"excerpt":{"rendered":"TP Espa\u00f1a ya conoce a sus rivales en el Mundial 2026: Uruguay, Arabia Saud\u00ed y Cabo Verde. Repasamos&hellip;\n","protected":false},"author":2,"featured_media":277692,"comment_status":"","ping_status":"","sticky":false,"template":"","format":"standard","meta":{"footnotes":""},"categories":[5],"tags":[17,18,25,24,67602,13,14,11,49043,19,20,9,10,15,16,133,1448,1986,1987,23,12,21,22],"class_list":{"0":"post-277691","1":"post","2":"type-post","3":"status-publish","4":"format-standard","5":"has-post-thumbnail","7":"category-titulares","8":"tag-breaking-news","9":"tag-breakingnews","10":"tag-es","11":"tag-espana","12":"tag-espana-ya-conoce-a-sus-rivales-del-mundial-2026","13":"tag-featured-news","14":"tag-featurednews","15":"tag-headlines","16":"tag-la-hinchada","17":"tag-latest-news","18":"tag-latestnews","19":"tag-news","20":"tag-noticias","21":"tag-noticias-destacadas","22":"tag-noticiasdestacadas","23":"tag-online","24":"tag-radio","25":"tag-rne","26":"tag-rtve-play","27":"tag-spain","28":"tag-titulares","29":"tag-ultimas-noticias","30":"tag-ultimasnoticias"},"share_on_mastodon":{"url":"https:\/\/pubeurope.com\/@es\/115684143465373512","error":""},"_links":{"self":[{"href":"https:\/\/www.europesays.com\/es\/wp-json\/wp\/v2\/posts\/277691","targetHints":{"allow":["GET"]}}],"collection":[{"href":"https:\/\/www.europesays.com\/es\/wp-json\/wp\/v2\/posts"}],"about":[{"href":"https:\/\/www.europesays.com\/es\/wp-json\/wp\/v2\/types\/post"}],"author":[{"embeddable":true,"href":"https:\/\/www.europesays.com\/es\/wp-json\/wp\/v2\/users\/2"}],"replies":[{"embeddable":true,"href":"https:\/\/www.europesays.com\/es\/wp-json\/wp\/v2\/comments?post=277691"}],"version-history":[{"count":0,"href":"https:\/\/www.europesays.com\/es\/wp-json\/wp\/v2\/posts\/277691\/revisions"}],"wp:featuredmedia":[{"embeddable":true,"href":"https:\/\/www.europesays.com\/es\/wp-json\/wp\/v2\/media\/277692"}],"wp:attachment":[{"href":"https:\/\/www.europesays.com\/es\/wp-json\/wp\/v2\/media?parent=277691"}],"wp:term":[{"taxonomy":"category","embeddable":true,"href":"https:\/\/www.europesays.com\/es\/wp-json\/wp\/v2\/categories?post=277691"},{"taxonomy":"post_tag","embeddable":true,"href":"https:\/\/www.europesays.com\/es\/wp-json\/wp\/v2\/tags?post=277691"}],"curies":[{"name":"wp","href":"https:\/\/api.w.org\/{rel}","templated":true}]}}