{"id":277695,"date":"2025-12-08T13:26:10","date_gmt":"2025-12-08T13:26:10","guid":{"rendered":"https:\/\/www.europesays.com\/es\/277695\/"},"modified":"2025-12-08T13:26:10","modified_gmt":"2025-12-08T13:26:10","slug":"lesion-de-aymeric-laporte-parte-medico-que-tiene-y-tiempo-de-baja-con-el-athletic","status":"publish","type":"post","link":"https:\/\/www.europesays.com\/es\/277695\/","title":{"rendered":"Lesi\u00f3n de Aymeric Laporte, parte m\u00e9dico, qu\u00e9 tiene y tiempo de baja con el Athletic"},"content":{"rendered":"\n<p>M\u00e1s noticias<\/p>\n<p><a class=\"info_masnoticias\" href=\"https:\/\/www.eldesmarque.com\/futbol\/athletic-club\/\" rel=\"nofollow noopener\" target=\"_blank\"><br \/>\nM\u00e1s de<br \/>\nM\u00e1s noticias de<br \/>\nAthletic Club<br \/>\n<\/a><\/p>\n<p>El <strong>Athletic Club<\/strong> ha publicado este lunes el parte m\u00e9dico de la lesi\u00f3n de <strong>Aymeric Laporte<\/strong>. El central tuvo que abandonar lesionado el pasado partido <a href=\"https:\/\/www.eldesmarque.com\/futbol\/liga-1a-division\/20251206\/athletic-atletico-madrid-laliga-directo-goles-mejores-jugadas-ultima-hora-d1rect0_300822859.html\" rel=\"nofollow noopener\" target=\"_blank\">frente al Atl\u00e9tico de Madrid<\/a> y, tras la pruebas realizadas, sufre una \u00ab<strong>lesi\u00f3n muscular en la musculatura isquiosural femoral de su pierna izquierda<\/strong>\u00ab.<\/p>\n<p>Laporte apenas pudo estar media hora sobre el terreno de juego la caer lesionado en una disputa con Nahuel Molina. Fue en el 33&#8242;, cuando una carrera entre ambos termin\u00f3 con el defensa zuri gorri por el suelo y lesionado. Su cara ya hac\u00eda presagiar los peores pron\u00f3sticos, confirmados hoy por el club.<\/p>\n<p>El Athletic no ha dado ning\u00fan plazo para su vuelta y queda pendiente de evoluci\u00f3n, todo apunta que el central podr\u00eda estar de baja hasta un mes.<\/p>\n<p><img decoding=\"async\" src=\"https:\/\/www.europesays.com\/es\/wp-content\/uploads\/2025\/12\/aymeric_laporte_lesionado_en_el_athletic_atletico.png\" width=\"660\" height=\"370.79\" alt=\"Aymeric Laporte, lesionado en el Athletic-Atl\u00e9tico.\"\/><br \/>\nAymeric Laporte, lesionado en el Athletic-Atl\u00e9tico.<\/p>\n<p>Laporte abandon\u00f3 el campo<strong>\u00a0por su propio pie y por la l\u00ednea de fondo<\/strong>. Se llev\u00f3 los aplausos de la afici\u00f3n y se qued\u00f3 en el banquillo durante el tramo final de la primera mitad.<\/p>\n<p>Sin Laporte ni Paredes, que cumplir\u00e1 sanci\u00f3n despu\u00e9s de ver la tercera amarilla de la fase de liga en Praga,<strong> Vivian es el \u00fanico central espec\u00edfico disponible<\/strong> para Ernesto Valverde de cara a la visita a &#8216;La Catedral&#8217; del vigente campe\u00f3n de Europa.<\/p>\n<p><strong>I\u00f1igo Lekue, Yuri Berchiche o alg\u00fan central del filial,<\/strong> como Ander Izagirre o Iker Monreal, son las <strong>opciones<\/strong> que puede barajar Ernesto Valverde para sustituir al defensa internacional, uno de los fijos de Luis de la Fuente en la selecci\u00f3n espa\u00f1ola.<\/p>\n<p>De cara al partido contra el PSG a quien s\u00ed podr\u00eda recuperar el t\u00e9cnico del equipo rojiblanco es a I\u00f1aki Williams, en la \u00faltima fase de recuperaci\u00f3n de la lesi\u00f3n muscular que le mantiene de baja desde el 22 de octubre.<\/p>\n<p>Parte m\u00e9dico de la lesi\u00f3n de Aymeric Laporte<\/p>\n<p>\u00abEl jugador Aymeric Laporte fue sustituido en el minuto 33 del partido disputado en San Mam\u00e9s contra el Atl\u00e9tico de Madrid al sufrir una lesi\u00f3n muscular en la musculatura isquiosural femoral de su pierna izquierda. Queda pendiente de evoluci\u00f3n\u00bb.<\/p>\n<blockquote class=\"twitter-tweet\">\n<p lang=\"es\" dir=\"ltr\">\ud83d\ude91 PARTE M\u00c9DICO I Aymeric Laporte \ud83d\udc47<a href=\"https:\/\/twitter.com\/ImqEuskadi?ref_src=twsrc%5Etfw\" rel=\"nofollow noopener\" target=\"_blank\">@ImqEuskadi<\/a> I <a href=\"https:\/\/twitter.com\/hashtag\/AthleticClub?src=hash&amp;ref_src=twsrc%5Etfw\" rel=\"nofollow noopener\" target=\"_blank\">#AthleticClub<\/a> \ud83e\udd81<\/p>\n<p>\u2014 Athletic Club (@AthleticClub) <a href=\"https:\/\/twitter.com\/AthleticClub\/status\/1997979718650380638?ref_src=twsrc%5Etfw\" rel=\"nofollow noopener\" target=\"_blank\">December 8, 2025<\/a><\/p>\n<\/blockquote>\n<p><script async src=\"https:\/\/platform.twitter.com\/widgets.js\" charset=\"utf-8\"><\/script><\/p>\n","protected":false},"excerpt":{"rendered":"M\u00e1s noticias M\u00e1s de M\u00e1s noticias de Athletic Club El Athletic Club ha publicado este lunes el parte&hellip;\n","protected":false},"author":2,"featured_media":277696,"comment_status":"","ping_status":"","sticky":false,"template":"","format":"standard","meta":{"footnotes":""},"categories":[268],"tags":[168,25,24,280,282,281,23,167],"class_list":{"0":"post-277695","1":"post","2":"type-post","3":"status-publish","4":"format-standard","5":"has-post-thumbnail","7":"category-futbol","8":"tag-deportes","9":"tag-es","10":"tag-espana","11":"tag-football","12":"tag-futbol","13":"tag-soccer","14":"tag-spain","15":"tag-sports"},"share_on_mastodon":{"url":"https:\/\/pubeurope.com\/@es\/115684179655380909","error":""},"_links":{"self":[{"href":"https:\/\/www.europesays.com\/es\/wp-json\/wp\/v2\/posts\/277695","targetHints":{"allow":["GET"]}}],"collection":[{"href":"https:\/\/www.europesays.com\/es\/wp-json\/wp\/v2\/posts"}],"about":[{"href":"https:\/\/www.europesays.com\/es\/wp-json\/wp\/v2\/types\/post"}],"author":[{"embeddable":true,"href":"https:\/\/www.europesays.com\/es\/wp-json\/wp\/v2\/users\/2"}],"replies":[{"embeddable":true,"href":"https:\/\/www.europesays.com\/es\/wp-json\/wp\/v2\/comments?post=277695"}],"version-history":[{"count":0,"href":"https:\/\/www.europesays.com\/es\/wp-json\/wp\/v2\/posts\/277695\/revisions"}],"wp:featuredmedia":[{"embeddable":true,"href":"https:\/\/www.europesays.com\/es\/wp-json\/wp\/v2\/media\/277696"}],"wp:attachment":[{"href":"https:\/\/www.europesays.com\/es\/wp-json\/wp\/v2\/media?parent=277695"}],"wp:term":[{"taxonomy":"category","embeddable":true,"href":"https:\/\/www.europesays.com\/es\/wp-json\/wp\/v2\/categories?post=277695"},{"taxonomy":"post_tag","embeddable":true,"href":"https:\/\/www.europesays.com\/es\/wp-json\/wp\/v2\/tags?post=277695"}],"curies":[{"name":"wp","href":"https:\/\/api.w.org\/{rel}","templated":true}]}}