{"id":277709,"date":"2025-12-08T13:37:09","date_gmt":"2025-12-08T13:37:09","guid":{"rendered":"https:\/\/www.europesays.com\/es\/277709\/"},"modified":"2025-12-08T13:37:09","modified_gmt":"2025-12-08T13:37:09","slug":"ibex-35-retrocede-un-018-a-media-sesion-hasta-16-660-puntos-a-la-espera-de-la-bajada-de-tipos-de-la-fed","status":"publish","type":"post","link":"https:\/\/www.europesays.com\/es\/277709\/","title":{"rendered":"Ibex 35 retrocede un 0,18% a media sesi\u00f3n hasta 16.660 puntos a la espera de la bajada de tipos de la Fed"},"content":{"rendered":"<p>El Ibex 35 registraba a media sesi\u00f3n de este lunes, jornada festiva en Espa\u00f1a, un descenso del 0,18%, situ\u00e1ndose en los 16.660 puntos y con los inversores muy atentos a la reuni\u00f3n de pol\u00edtica monetaria de la Reserva Federal de Estados Unidos (Fed) del mi\u00e9rcoles, en la que el mercado da pr\u00e1cticamente por segura una rebaja de los tipos de inter\u00e9s.<\/p>\n<p>En el \u00e1mbito corporativo espa\u00f1ol, Repsol comunic\u00f3 antes de la apertura que Neo Next Energy, la sociedad que comparte con HitecVision, ha alcanzado un acuerdo estrat\u00e9gico con TotalEnergies para integrar sus actividades de petr\u00f3leo y gas en el Mar del Norte brit\u00e1nico.<\/p>\n<p>En el plano macroecon\u00f3mico internacional, se ha publicado que el Producto Interior Bruto (PIB) de Jap\u00f3n experiment\u00f3 en el tercer trimestre una contracci\u00f3n m\u00e1s intensa de lo previsto. En concreto, la econom\u00eda japonesa se redujo un 0,6% entre julio y septiembre, dos d\u00e9cimas por encima de las estimaciones, lastrada por el fuerte retroceso de las exportaciones y de la inversi\u00f3n del sector privado.<\/p>\n<p>Valores destacados dentro del Ibex 35<\/p>\n<p>En el interior del Ibex 35, al mediod\u00eda de este lunes, los avances m\u00e1s significativos del selectivo correspond\u00edan a Indra (+2,11%), Acerinox (+2,09%), ACS (+1,88%), Endesa (+1,72%) y Solaria, que sumaba un 1,63%.<\/p>\n<p>En el lado opuesto, entre los valores con peor comportamiento se encontraban Puig Brands (-1,32%), CaixaBank (-0,83%), Banco Santander (-0,77%) e Inditex, que ced\u00eda un 0,69%.<\/p>\n<p>Otros mercados europeos y materias primas<\/p>\n<p>En el resto de plazas europeas, Londres mostraba una ca\u00edda del 0,46%, mientras que las correcciones en Par\u00eds (-0,12%) y Mil\u00e1n (-0,02%) eran m\u00e1s contenidas. En contraste, Francfort avanzaba un 0,18%.<\/p>\n<p>En el mercado de materias primas, el barril de crudo Brent, referencia en Europa, retroced\u00eda un 0,07%, hasta los 63,13 d\u00f3lares. Al mismo tiempo, el West Texas Intermediate (WTI), referencia en Estados Unidos, bajaba un 1,02%, hasta los 59,46 d\u00f3lares.<\/p>\n<p>Divisas y deuda soberana<\/p>\n<p>En el mercado de divisas, el euro se cambiaba frente al d\u00f3lar en 1,1651 \u201cbilletes verdes\u201d, mientras que la rentabilidad del bono espa\u00f1ol a 10 a\u00f1os repuntaba hasta el 3,305%.<\/p>\n","protected":false},"excerpt":{"rendered":"El Ibex 35 registraba a media sesi\u00f3n de este lunes, jornada festiva en Espa\u00f1a, un descenso del 0,18%,&hellip;\n","protected":false},"author":2,"featured_media":277710,"comment_status":"","ping_status":"","sticky":false,"template":"","format":"standard","meta":{"footnotes":""},"categories":[80],"tags":[82,95,94,25,24,23],"class_list":{"0":"post-277709","1":"post","2":"type-post","3":"status-publish","4":"format-standard","5":"has-post-thumbnail","7":"category-economia","8":"tag-business","9":"tag-economia","10":"tag-economy","11":"tag-es","12":"tag-espana","13":"tag-spain"},"share_on_mastodon":{"url":"https:\/\/pubeurope.com\/@es\/115684222356420081","error":""},"_links":{"self":[{"href":"https:\/\/www.europesays.com\/es\/wp-json\/wp\/v2\/posts\/277709","targetHints":{"allow":["GET"]}}],"collection":[{"href":"https:\/\/www.europesays.com\/es\/wp-json\/wp\/v2\/posts"}],"about":[{"href":"https:\/\/www.europesays.com\/es\/wp-json\/wp\/v2\/types\/post"}],"author":[{"embeddable":true,"href":"https:\/\/www.europesays.com\/es\/wp-json\/wp\/v2\/users\/2"}],"replies":[{"embeddable":true,"href":"https:\/\/www.europesays.com\/es\/wp-json\/wp\/v2\/comments?post=277709"}],"version-history":[{"count":0,"href":"https:\/\/www.europesays.com\/es\/wp-json\/wp\/v2\/posts\/277709\/revisions"}],"wp:featuredmedia":[{"embeddable":true,"href":"https:\/\/www.europesays.com\/es\/wp-json\/wp\/v2\/media\/277710"}],"wp:attachment":[{"href":"https:\/\/www.europesays.com\/es\/wp-json\/wp\/v2\/media?parent=277709"}],"wp:term":[{"taxonomy":"category","embeddable":true,"href":"https:\/\/www.europesays.com\/es\/wp-json\/wp\/v2\/categories?post=277709"},{"taxonomy":"post_tag","embeddable":true,"href":"https:\/\/www.europesays.com\/es\/wp-json\/wp\/v2\/tags?post=277709"}],"curies":[{"name":"wp","href":"https:\/\/api.w.org\/{rel}","templated":true}]}}