{"id":277711,"date":"2025-12-08T13:38:11","date_gmt":"2025-12-08T13:38:11","guid":{"rendered":"https:\/\/www.europesays.com\/es\/277711\/"},"modified":"2025-12-08T13:38:11","modified_gmt":"2025-12-08T13:38:11","slug":"marjorie-taylor-greene-se-muestra-desafiante-desde-que-anuncio-su-renuncia-tras-su-desacuerdo-con-trump","status":"publish","type":"post","link":"https:\/\/www.europesays.com\/es\/277711\/","title":{"rendered":"Marjorie Taylor Greene se muestra desafiante desde que anunci\u00f3 su renuncia tras su desacuerdo con Trump"},"content":{"rendered":"<p>      CNN<br \/>\n        \u00a0\u2014\u00a0<\/p>\n<p class=\"paragraph inline-placeholder vossi-paragraph\" data-uri=\"es.cms.cnn.com\/_components\/paragraph\/instances\/cmiwvrmaq008a27qh89ry9kgc@published\" data-editable=\"text\" data-component-name=\"paragraph\" data-article-gutter=\"true\">\n            La representante republicana Marjorie Taylor Greene se mantuvo desafiante en su primera entrevista desde que anunci\u00f3 su <a href=\"https:\/\/www.cnn.com\/2025\/11\/21\/politics\/marjorie-taylor-greene-resign-in-january\" rel=\"nofollow noopener\" target=\"_blank\">renuncia al Congreso<\/a>, dejando en claro que no tiene miedo de hablar sobre los temas que hicieron que el presidente Donald Trump se sintiera \u201cfurioso\u201d con ella, incluido su apoyo a <a href=\"https:\/\/www.cnn.com\/2025\/11\/18\/politics\/epstein-files-vote-house\" rel=\"nofollow noopener\" target=\"_blank\">la publicaci\u00f3n de todos los archivos<\/a> relacionados con el presunto traficante sexual Jeffrey Epstein.\n    <\/p>\n<p class=\"paragraph inline-placeholder vossi-paragraph\" data-uri=\"es.cms.cnn.com\/_components\/paragraph\/instances\/cmiwvsl5q0004356kgkrobq6l@published\" data-editable=\"text\" data-component-name=\"paragraph\" data-article-gutter=\"true\">\n            \u201cEstaba muy enojado conmigo porque firm\u00e9 la solicitud de liberaci\u00f3n de los archivos\u201d, dijo Greene en una entrevista con \u201c60 Minutes\u201d de CBS, transmitida el domingo por la noche. A\u00f1adi\u00f3 que su preocupaci\u00f3n reside en las sobrevivientes del abuso del delincuente sexual convicto, quienes, seg\u00fan ella, est\u00e1n \u201cpidiendo que todo salga a la luz\u201d.\n    <\/p>\n<p class=\"paragraph inline-placeholder vossi-paragraph\" data-uri=\"es.cms.cnn.com\/_components\/paragraph\/instances\/cmiwvsl5q0005356kolrscb9s@published\" data-editable=\"text\" data-component-name=\"paragraph\" data-article-gutter=\"true\">\n            \u201cSe lo merecen. Y \u00e9l estaba furioso conmigo\u201d, dijo.\n    <\/p>\n<p class=\"paragraph inline-placeholder vossi-paragraph\" data-uri=\"es.cms.cnn.com\/_components\/paragraph\/instances\/cmiwvsl5q0006356keohkiq6l@published\" data-editable=\"text\" data-component-name=\"paragraph\" data-article-gutter=\"true\">\n            En un anuncio del mes pasado que conmocion\u00f3 a muchos en Washington y <a href=\"https:\/\/www.cnn.com\/2025\/11\/24\/politics\/marjorie-taylor-greene-georgia-district\" rel=\"nofollow noopener\" target=\"_blank\">en su distrito<\/a>, la republicana de Georgia anunci\u00f3 que renunciar\u00eda a su esca\u00f1o a principios del pr\u00f3ximo a\u00f1o en medio de una disputa con su aliado de toda la vida. Trump la hab\u00eda llamado \u201ctraidora\u201d y prometi\u00f3 respaldar una candidatura republicana para su esca\u00f1o en la C\u00e1mara de Representantes en las primarias.\n    <\/p>\n<p class=\"paragraph inline-placeholder vossi-paragraph\" data-uri=\"es.cms.cnn.com\/_components\/paragraph\/instances\/cmiwvsl5q0007356kspieujpq@published\" data-editable=\"text\" data-component-name=\"paragraph\" data-article-gutter=\"true\">\n            El presidente le advirti\u00f3 de que hacer p\u00fablica toda la informaci\u00f3n del Departamento de Justicia sobre el caso de Epstein \u201ciba a lastimar a la gente\u201d, dijo Greene, quien fue uno de los cuatro republicanos que firmaron la petici\u00f3n para forzar la aprobaci\u00f3n del proyecto de ley de transparencia.\n    <\/p>\n<p class=\"paragraph inline-placeholder vossi-paragraph\" data-uri=\"es.cms.cnn.com\/_components\/paragraph\/instances\/cmiwvsl5q0008356kkd0qx83m@published\" data-editable=\"text\" data-component-name=\"paragraph\" data-article-gutter=\"true\">\n            Aunque su posici\u00f3n sobre los archivos de Epstein llev\u00f3 a un punto cr\u00edtico su enfrentamiento p\u00fablico con Trump, tambi\u00e9n ha <a href=\"https:\/\/www.cnn.com\/2025\/10\/08\/politics\/mtg-shutdown-trump\" rel=\"nofollow noopener\" target=\"_blank\">roto notablemente<\/a> con los l\u00edderes de su partido recientemente en varios temas, incluida la reforma de la atenci\u00f3n m\u00e9dica, las relaciones con Israel y la ausencia de la C\u00e1mara durante el cierre gubernamental de 43 d\u00edas.\n    <\/p>\n<p class=\"paragraph inline-placeholder vossi-paragraph\" data-uri=\"es.cms.cnn.com\/_components\/paragraph\/instances\/cmiwvsl5q0009356kmr9sap31@published\" data-editable=\"text\" data-component-name=\"paragraph\" data-article-gutter=\"true\">\n            Greene sospecha que la inquebrantable lealtad de muchos de sus colegas republicanos hacia Trump surge en gran medida del miedo a desafiarlo.\n    <\/p>\n<p class=\"paragraph inline-placeholder vossi-paragraph\" data-uri=\"es.cms.cnn.com\/_components\/paragraph\/instances\/cmiwvsl5q000a356kwfeh50qv@published\" data-editable=\"text\" data-component-name=\"paragraph\" data-article-gutter=\"true\">\n            \u201cCreo que est\u00e1n aterrorizados de salirse de la l\u00ednea y publicar una publicaci\u00f3n desagradable en Truth Social\u201d, le dijo a Lesley Stahl de CBS, refiri\u00e9ndose a la plataforma de redes sociales del presidente donde ha lanzado feroces ataques contra ella.\n    <\/p>\n<p class=\"paragraph inline-placeholder vossi-paragraph\" data-uri=\"es.cms.cnn.com\/_components\/paragraph\/instances\/cmiwvsl5q000b356k9j8gvhvp@published\" data-editable=\"text\" data-component-name=\"paragraph\" data-article-gutter=\"true\">\n            Aunque la mayor\u00eda de los legisladores republicanos dudan en criticar p\u00fablicamente a Trump, Greene insisti\u00f3 en que lo que dicen a puerta cerrada \u201csorprender\u00eda a la gente\u201d.\n    <\/p>\n<p class=\"paragraph inline-placeholder vossi-paragraph\" data-uri=\"es.cms.cnn.com\/_components\/paragraph\/instances\/cmiwvsl5q000c356k2bh4oal1@published\" data-editable=\"text\" data-component-name=\"paragraph\" data-article-gutter=\"true\">\n            \u201cVi a muchos de mis colegas pasar de burlarse de \u00e9l, burlarse de c\u00f3mo habla, burlarse de m\u00ed constantemente por apoyarlo a cuando gan\u00f3 las primarias en 2024, todos comenzaron, disculpen mi lenguaje, Lesley, a besarlo y decidieron ponerse una gorra MAGA por primera vez\u201d, continu\u00f3.\n    <\/p>\n<p class=\"paragraph inline-placeholder vossi-paragraph\" data-uri=\"es.cms.cnn.com\/_components\/paragraph\/instances\/cmiwvsl5q000d356k9ukfvakv@published\" data-editable=\"text\" data-component-name=\"paragraph\" data-article-gutter=\"true\">\n            Greene dijo en una publicaci\u00f3n en X el domingo que su oficina inform\u00f3 a la Polic\u00eda del Capitolio 773 amenazas de muerte hechas a su oficina desde que asumi\u00f3 el cargo en 2021. Ese n\u00famero, dijo, no incluye las amenazas en l\u00ednea a ella y a su familia, as\u00ed como <a href=\"https:\/\/nam11.safelinks.protection.outlook.com\/?url=https%3A%2F%2Fwww.cnn.com%2F2023%2F12%2F25%2Fpolitics%2Fmarjorie-taylor-greene-swatting&amp;data=05%7C02%7CGreg.Clary%40cnn.com%7Cbf6dbf6e1ff74c91da4308de35c4efe7%7C0eb48825e8714459bc72d0ecd68f1f39%7C0%7C0%7C639007317106218783%7CUnknown%7CTWFpbGZsb3d8eyJFbXB0eU1hcGkiOnRydWUsIlYiOiIwLjAuMDAwMCIsIlAiOiJXaW4zMiIsIkFOIjoiTWFpbCIsIldUIjoyfQ%3D%3D%7C0%7C%7C%7C&amp;sdata=e7vY5IVx12x4mwJ%2FUXNCgSizeelryuJqSBdT9GjUhsM%3D&amp;reserved=0\" target=\"_blank\" rel=\"nofollow noopener\">los incidentes de swatting<\/a> y otras t\u00e1cticas.\n    <\/p>\n<p class=\"paragraph inline-placeholder vossi-paragraph\" data-uri=\"es.cms.cnn.com\/_components\/paragraph\/instances\/cmiwvsl5q000e356k9da7c6vf@published\" data-editable=\"text\" data-component-name=\"paragraph\" data-article-gutter=\"true\">\n            Ella afirm\u00f3 que muchas de las amenazas anteriores proven\u00edan de la izquierda pol\u00edtica, pero desde su enfrentamiento con Trump, vienen de la derecha.\n    <\/p>\n<p class=\"paragraph inline-placeholder vossi-paragraph\" data-uri=\"es.cms.cnn.com\/_components\/paragraph\/instances\/cmiwvsl5q000f356k0y1yhpqr@published\" data-editable=\"text\" data-component-name=\"paragraph\" data-article-gutter=\"true\">\n            \u201cMe lanzaron una bomba casera contra mi casa y mi hijo recibi\u00f3 varias amenazas de muerte directas\u201d, dijo en \u201c60 Minutes\u201d. \u201cEl asunto de la amenaza de muerte contra mi hijo era exactamente lo que Trump dijo: \u2018Marjorie, la traidora Greene\u2019\u201d.\n    <\/p>\n<p class=\"paragraph inline-placeholder vossi-paragraph\" data-uri=\"es.cms.cnn.com\/_components\/paragraph\/instances\/cmiwvsl5q000g356k0w5rmvel@published\" data-editable=\"text\" data-component-name=\"paragraph\" data-article-gutter=\"true\">\n            Greene tambi\u00e9n dijo que una vez que se retire del Congreso, dejar\u00e1 de postularse para ning\u00fan otro cargo.\n    <\/p>\n<p class=\"paragraph inline-placeholder vossi-paragraph\" data-uri=\"es.cms.cnn.com\/_components\/paragraph\/instances\/cmiwvsl5q000h356kzdt4zrnz@published\" data-editable=\"text\" data-component-name=\"paragraph\" data-article-gutter=\"true\">\n            \u201cNo tengo ning\u00fan plan ni deseo de postularme a la presidencia. Odiar\u00eda el Senado. No me postular\u00e9 a gobernador. No soy uno de esos pol\u00edticos con una larga lista de planes pol\u00edticos\u201d, dijo Greene.\n    <\/p>\n","protected":false},"excerpt":{"rendered":"CNN \u00a0\u2014\u00a0 La representante republicana Marjorie Taylor Greene se mantuvo desafiante en su primera entrevista desde que anunci\u00f3&hellip;\n","protected":false},"author":2,"featured_media":277712,"comment_status":"","ping_status":"","sticky":false,"template":"","format":"standard","meta":{"footnotes":""},"categories":[42],"tags":[17,18,60825,59730,352,629,13,14,11,61,62,63,64,19,20,50768,67604,9,10,15,16,37709,12,21,22,65,66,67],"class_list":{"0":"post-277711","1":"post","2":"type-post","3":"status-publish","4":"format-standard","5":"has-post-thumbnail","7":"category-internacional","8":"tag-breaking-news","9":"tag-breakingnews","10":"tag-camara-de-representantes","11":"tag-congreso-de-estados-unidos","12":"tag-donald-trump","13":"tag-estados-unidos","14":"tag-featured-news","15":"tag-featurednews","16":"tag-headlines","17":"tag-internacional","18":"tag-international","19":"tag-international-news","20":"tag-internationalnews","21":"tag-latest-news","22":"tag-latestnews","23":"tag-maga","24":"tag-marjorie-taylor-greene","25":"tag-news","26":"tag-noticias","27":"tag-noticias-destacadas","28":"tag-noticiasdestacadas","29":"tag-partido-republicano","30":"tag-titulares","31":"tag-ultimas-noticias","32":"tag-ultimasnoticias","33":"tag-world","34":"tag-world-news","35":"tag-worldnews"},"share_on_mastodon":{"url":"","error":"Validation failed: Text character limit of 500 exceeded"},"_links":{"self":[{"href":"https:\/\/www.europesays.com\/es\/wp-json\/wp\/v2\/posts\/277711","targetHints":{"allow":["GET"]}}],"collection":[{"href":"https:\/\/www.europesays.com\/es\/wp-json\/wp\/v2\/posts"}],"about":[{"href":"https:\/\/www.europesays.com\/es\/wp-json\/wp\/v2\/types\/post"}],"author":[{"embeddable":true,"href":"https:\/\/www.europesays.com\/es\/wp-json\/wp\/v2\/users\/2"}],"replies":[{"embeddable":true,"href":"https:\/\/www.europesays.com\/es\/wp-json\/wp\/v2\/comments?post=277711"}],"version-history":[{"count":0,"href":"https:\/\/www.europesays.com\/es\/wp-json\/wp\/v2\/posts\/277711\/revisions"}],"wp:featuredmedia":[{"embeddable":true,"href":"https:\/\/www.europesays.com\/es\/wp-json\/wp\/v2\/media\/277712"}],"wp:attachment":[{"href":"https:\/\/www.europesays.com\/es\/wp-json\/wp\/v2\/media?parent=277711"}],"wp:term":[{"taxonomy":"category","embeddable":true,"href":"https:\/\/www.europesays.com\/es\/wp-json\/wp\/v2\/categories?post=277711"},{"taxonomy":"post_tag","embeddable":true,"href":"https:\/\/www.europesays.com\/es\/wp-json\/wp\/v2\/tags?post=277711"}],"curies":[{"name":"wp","href":"https:\/\/api.w.org\/{rel}","templated":true}]}}