{"id":277721,"date":"2025-12-08T13:48:23","date_gmt":"2025-12-08T13:48:23","guid":{"rendered":"https:\/\/www.europesays.com\/es\/277721\/"},"modified":"2025-12-08T13:48:23","modified_gmt":"2025-12-08T13:48:23","slug":"la-irrupcion-de-koumadje-para-el-casademont-zaragoza-un-gigante-viene-a-verme","status":"publish","type":"post","link":"https:\/\/www.europesays.com\/es\/277721\/","title":{"rendered":"La irrupci\u00f3n de Koumadje para el Casademont Zaragoza: un gigante viene a verme"},"content":{"rendered":"<p class=\"ft-text\">Era <strong>tan evidente que el Casademont Zaragoza necesitaba reforzar su pintura que el club, a pesar de su reticencia inicial, acab\u00f3 convenci\u00e9ndose<\/strong> y peinando el mercado para ver cu\u00e1l era la soluci\u00f3n para el equipo. Entre lo que hab\u00eda disponible, <strong>los 224 cent\u00edmetros de Koumadje fueron los elegidos<\/strong> para darle un arma a Ram\u00edrez totalmente diferente a lo que ten\u00eda.<\/p>\n<p class=\"ft-text\">Al de Chad solo le hicieron falta nueve minutos para ser clave en la victoria del Casademont en Granada y dar una peque\u00f1a demostraci\u00f3n de lo mucho que puede aportar en la capital aragonesa. Lo que est\u00e1 claro es que<strong> Koumadje no enga\u00f1a y es exactamente el tipo de jugador que se puede pensar <\/strong>de un p\u00edvot con semejante altura y envergadura. Un recurso casi infalible bajo el aro y un dolor de muelas para los rivales que merodean la pintura de la canasta que el africano protege.<\/p>\n<p class=\"ft-text\">En su esperanzador debut, los n\u00fameros de Koumadje hablan por s\u00ed solos.<strong> Anot\u00f3 9 puntos, anotando los cuatro tiros (100% de efectividad) que intent\u00f3, <\/strong>dejando dos contundentes mates como carta de presentaci\u00f3n. Adem\u00e1s, en el poco rato que jug\u00f3 le dio tiempo a capturar seis rebotes y a forzar tres faltas. El \u00fanico lunar en su actuaci\u00f3n fueron los tiros libres. Ah\u00ed el chadiano tampoco enga\u00f1a, <strong>dejando un pobre 1 de 5 que puede ser un recurso<\/strong>, el de mandarle a la l\u00ednea, para los rivales.<\/p>\n<p class=\"ft-text\">Sin embargo, no se le puede pedir m\u00e1s a un jugador que llevaba sin equipo desde que, tras completar la pretemporada con el todopoderoso conjunto griego, el Olympiacos decidi\u00f3 no contar con \u00e9l para esta campa\u00f1a. P<strong>or eso el debut de Koumadje fue tan esperanzador, porque el interior quiz\u00e1 no est\u00e1 ni al 50% de sus posibilidades.<\/strong> Al menos as\u00ed lo aseguraba Jes\u00fas Ram\u00edrez en la previa \u00abEst\u00e1 en forma, pero no ritmo de 5&#215;5, como es normal y t\u00e1cticamente no est\u00e1 al d\u00eda\u00bb, analiz\u00f3 su nuevo t\u00e9cnico, que ya advert\u00eda de lo fundamental que puede ser el africano a partir de ahora. \u00ab<strong>Es un jugador especial y diferente y que nos aporta una herramienta distinta<\/strong>\u00ab, valoraba Ram\u00edrez. Eso es lo que pareci\u00f3 en su primer d\u00eda como jugador del Casademont. Bievenido sea.<\/p>\n","protected":false},"excerpt":{"rendered":"Era tan evidente que el Casademont Zaragoza necesitaba reforzar su pintura que el club, a pesar de su&hellip;\n","protected":false},"author":2,"featured_media":277722,"comment_status":"","ping_status":"","sticky":false,"template":"","format":"standard","meta":{"footnotes":""},"categories":[269],"tags":[299,298,2511,5369,1798,168,25,24,14409,494,67605,65844,23,167,491],"class_list":{"0":"post-277721","1":"post","2":"type-post","3":"status-publish","4":"format-standard","5":"has-post-thumbnail","7":"category-baloncesto","8":"tag-baloncesto","9":"tag-basketball","10":"tag-casademont","11":"tag-casademont-zaragoza","12":"tag-club","13":"tag-deportes","14":"tag-es","15":"tag-espana","16":"tag-gigante","17":"tag-granada","18":"tag-irrupcion","19":"tag-koumadje","20":"tag-spain","21":"tag-sports","22":"tag-zaragoza"},"share_on_mastodon":{"url":"https:\/\/pubeurope.com\/@es\/115684265478052887","error":""},"_links":{"self":[{"href":"https:\/\/www.europesays.com\/es\/wp-json\/wp\/v2\/posts\/277721","targetHints":{"allow":["GET"]}}],"collection":[{"href":"https:\/\/www.europesays.com\/es\/wp-json\/wp\/v2\/posts"}],"about":[{"href":"https:\/\/www.europesays.com\/es\/wp-json\/wp\/v2\/types\/post"}],"author":[{"embeddable":true,"href":"https:\/\/www.europesays.com\/es\/wp-json\/wp\/v2\/users\/2"}],"replies":[{"embeddable":true,"href":"https:\/\/www.europesays.com\/es\/wp-json\/wp\/v2\/comments?post=277721"}],"version-history":[{"count":0,"href":"https:\/\/www.europesays.com\/es\/wp-json\/wp\/v2\/posts\/277721\/revisions"}],"wp:featuredmedia":[{"embeddable":true,"href":"https:\/\/www.europesays.com\/es\/wp-json\/wp\/v2\/media\/277722"}],"wp:attachment":[{"href":"https:\/\/www.europesays.com\/es\/wp-json\/wp\/v2\/media?parent=277721"}],"wp:term":[{"taxonomy":"category","embeddable":true,"href":"https:\/\/www.europesays.com\/es\/wp-json\/wp\/v2\/categories?post=277721"},{"taxonomy":"post_tag","embeddable":true,"href":"https:\/\/www.europesays.com\/es\/wp-json\/wp\/v2\/tags?post=277721"}],"curies":[{"name":"wp","href":"https:\/\/api.w.org\/{rel}","templated":true}]}}