{"id":277725,"date":"2025-12-08T13:50:11","date_gmt":"2025-12-08T13:50:11","guid":{"rendered":"https:\/\/www.europesays.com\/es\/277725\/"},"modified":"2025-12-08T13:50:11","modified_gmt":"2025-12-08T13:50:11","slug":"russell-crowe-podra-quitarse-una-espinita-clavada-con-henry-cavill-en-este-remake-de-un-clasico-de-los-ochenta","status":"publish","type":"post","link":"https:\/\/www.europesays.com\/es\/277725\/","title":{"rendered":"Russell Crowe podr\u00e1 quitarse una espinita clavada con Henry Cavill en este remake de un cl\u00e1sico de los ochenta"},"content":{"rendered":"<p class=\"c-paragraph\">No es la primera vez que <b>Russell Crowe<\/b> interpreta a un hombre nacido en la pen\u00ednsula ib\u00e9rica. El primero es, de hecho, el papel que le dio el Oscar, <b><a href=\"https:\/\/www.20minutos.es\/cinemania\/noticias\/gladiator-secuencia-inverosimil-base-real-joaquin-phoenix-russell-crowe-5648131\/\" rel=\"nofollow noopener\" target=\"_blank\">M\u00e1ximo D\u00e9cimo Meridio<\/a><\/b>, hijo pr\u00f3digo de lo que, con el devenir de los siglos, ser\u00eda Extremadura. No obstante, su pr\u00f3ximo papel lo fija, ya oficialmente, a Espa\u00f1a:<b> Juan Ram\u00edrez S\u00e1nchez de Villalobos, <\/b>espadach\u00edn y metal\u00fargico de la corte de Carlos III, coprotagonista del remake de <b>Highlander<\/b> (<b>Los inmortales<\/b>).<\/p>\n<p class=\"c-paragraph\">Esta versi\u00f3n de <b>Los inmortales<\/b> llegar\u00e1 a lo largo de 2026 y tendr\u00e1, al frente, a <b><a href=\"https:\/\/www.20minutos.es\/cinemania\/series\/razon-henry-cavill-abandono-the-witcher-netflix-cuarta-temporada_6734502_0.html\" rel=\"nofollow noopener\" target=\"_blank\">Henry Cavill<\/a><\/b> bajo la direcci\u00f3n de <b>Chad Stahelski<\/b>, responsable de la saga de <a href=\"https:\/\/www.20minutos.es\/cinemania\/noticias\/john-wick-resumen-saga-ballerina-keanu-reeves-ana-armas-5716100\/\" rel=\"nofollow noopener\" target=\"_blank\">John Wick<\/a>.\u00a0<\/p>\n<p class=\"c-paragraph\">Los inmortales, estrenada en 1986, est\u00e1<b> disponible en Prime Video, Movistar Plus+ y FlixOl\u00e9 <\/b>e inspir\u00f3 tres secuelas: en la segunda, El desaf\u00edo, a\u00fan se mantuvo<b> Sean Connery<\/b>, que encarnaba a Juan Ram\u00edrez S\u00e1nchez (que el nombre no te enga\u00f1e, puesto que, en su m\u00e1s remoto origen, estaba el Antiguo Egipto).\u00a0<\/p>\n<p class=\"c-paragraph\">No obstante, el \u00fanico protagonista que fue fijo en toda la franquicia era <b>Christopher Lambert, <\/b>cuyo personaje da vida, en el remake, <b>Henry Cavill.\u00a0<\/b><\/p>\n<p>Russell Crowe cumple su sue\u00f1o<\/p>\n<p class=\"c-paragraph\">Cuando le han preguntado por su espadach\u00edn egipcio en Highlanders, Russell Crowe no ha tardado en deshacerse en elogios hacia Sean Connery: \u00e9l no viene a enmendarle la plana ni a corregir la interpretaci\u00f3n de nadie, y menos a\u00fan la de una leyenda del cine como el escoc\u00e9s. Lo que s\u00ed ha hecho Russell Crowe es recordar el d\u00eda en el que <b><a href=\"https:\/\/www.20minutos.es\/cinemania\/noticias\/ridley-scott-confiesa-que-cine-actual-le-parece-mierda-ahora-veo-mis-propias-peliculas-son-muy-buenas_6512489_0.html\" rel=\"nofollow noopener\" target=\"_blank\">Ridley Scott<\/a><\/b> lo mir\u00f3 a los ojos y le dijo que no en el set de<b> Gladiator<\/b>.<\/p>\n<p class=\"c-paragraph\">En cuanto Crowe supo que su personaje era de origen espa\u00f1ol (si somos lo suficientemente laxos con el gentilicio como para atribu\u00edrselo a alguien nacido en el 180 D.C.), <b>el actor neozeland\u00e9s le sugiri\u00f3 a Ridley Scott que a\u00f1adiese acento espa\u00f1ol a su interpretaci\u00f3n<\/b>. \u201cComo<a href=\"https:\/\/www.20minutos.es\/cinemania\/noticias\/antonio-banderas-mejores-proyectos-laberinto-pasiones-indiana-jones-5-5160576\/\" rel=\"nofollow noopener\" target=\"_blank\"> Antonio Banderas<\/a>, pero con una dicci\u00f3n ligeramente mejor\u201d, brome\u00f3 Russell Crowe.<\/p>\n<p class=\"c-paragraph\">Ridley Scott, conocido por imponer el ingl\u00e9s en sus dramas hist\u00f3ricos (no ya cuando esto era lo habitual, sino en dos tan recientes y, por ello, an\u00f3malos como El \u00faltimo duelo y Napole\u00f3n, am\u00e9n de Gladiator II), neg\u00f3 con la cabeza. \u201c<b>Ni de co\u00f1a vas a hacer eso<\/b>\u201d, le dijo a Russell Crowe, que acab\u00f3 ganando el Oscar. As\u00ed que esta historia tiene un doble final feliz: Scott se sali\u00f3 con la suya y Crowe, dos d\u00e9cadas y media despu\u00e9s, tambi\u00e9n, ya que ahora podr\u00e1 espa\u00f1olear a su gusto con <b>Highlander<\/b>.<\/p>\n","protected":false},"excerpt":{"rendered":"No es la primera vez que Russell Crowe interpreta a un hombre nacido en la pen\u00ednsula ib\u00e9rica. El&hellip;\n","protected":false},"author":2,"featured_media":275278,"comment_status":"","ping_status":"","sticky":false,"template":"","format":"standard","meta":{"footnotes":""},"categories":[174],"tags":[255,146,147,25,24,256,40705,836,67177,267,21470,38178,23],"class_list":{"0":"post-277725","1":"post","2":"type-post","3":"status-publish","4":"format-standard","5":"has-post-thumbnail","7":"category-famosos","8":"tag-celebrities","9":"tag-entertainment","10":"tag-entretenimiento","11":"tag-es","12":"tag-espana","13":"tag-famosos","14":"tag-gladiator","15":"tag-henry-cavill","16":"tag-los-inmortales","17":"tag-planseo","18":"tag-ridley-scott","19":"tag-russell-crowe","20":"tag-spain"},"share_on_mastodon":{"url":"https:\/\/pubeurope.com\/@es\/115684273266406023","error":""},"_links":{"self":[{"href":"https:\/\/www.europesays.com\/es\/wp-json\/wp\/v2\/posts\/277725","targetHints":{"allow":["GET"]}}],"collection":[{"href":"https:\/\/www.europesays.com\/es\/wp-json\/wp\/v2\/posts"}],"about":[{"href":"https:\/\/www.europesays.com\/es\/wp-json\/wp\/v2\/types\/post"}],"author":[{"embeddable":true,"href":"https:\/\/www.europesays.com\/es\/wp-json\/wp\/v2\/users\/2"}],"replies":[{"embeddable":true,"href":"https:\/\/www.europesays.com\/es\/wp-json\/wp\/v2\/comments?post=277725"}],"version-history":[{"count":0,"href":"https:\/\/www.europesays.com\/es\/wp-json\/wp\/v2\/posts\/277725\/revisions"}],"wp:featuredmedia":[{"embeddable":true,"href":"https:\/\/www.europesays.com\/es\/wp-json\/wp\/v2\/media\/275278"}],"wp:attachment":[{"href":"https:\/\/www.europesays.com\/es\/wp-json\/wp\/v2\/media?parent=277725"}],"wp:term":[{"taxonomy":"category","embeddable":true,"href":"https:\/\/www.europesays.com\/es\/wp-json\/wp\/v2\/categories?post=277725"},{"taxonomy":"post_tag","embeddable":true,"href":"https:\/\/www.europesays.com\/es\/wp-json\/wp\/v2\/tags?post=277725"}],"curies":[{"name":"wp","href":"https:\/\/api.w.org\/{rel}","templated":true}]}}