{"id":277726,"date":"2025-12-08T13:53:09","date_gmt":"2025-12-08T13:53:09","guid":{"rendered":"https:\/\/www.europesays.com\/es\/277726\/"},"modified":"2025-12-08T13:53:09","modified_gmt":"2025-12-08T13:53:09","slug":"su-postura-es-de-las-mas-claras","status":"publish","type":"post","link":"https:\/\/www.europesays.com\/es\/277726\/","title":{"rendered":"su postura es de las m\u00e1s claras"},"content":{"rendered":"<p><b>La ganadora de Eurovisi\u00f3n en el a\u00f1o 2013\u00a0Emmelie de Forest<\/b> se ha posicionado de una manera muy rotunda sobre<a href=\"https:\/\/www.huffingtonpost.es\/life\/johnny-logan-dos-veces-ganador-eurovision-deja-clara-opinion-sobre-marcha-espana-paises.html?mrfhud=true\" rel=\"nofollow noopener\" target=\"_blank\"> la participaci\u00f3n de Israel en el concurso musical<\/a>. La danesa, que se alz\u00f3 con el Micr\u00f3fono de Cristal gracias a su canci\u00f3n Only Teardrops, <a href=\"https:\/\/ekstrabladet.dk\/underholdning\/kultur\/emmelie-de-forest-raser-over-israel-beslutning\/11031124\" target=\"_blank\" rel=\"nofollow noopener\">ha hablado para el portal Ekstra Bladet<\/a> y ha criticado la decisi\u00f3n de la Uni\u00f3n Europea de Radiodifusi\u00f3n (UER) y de la\u00a0DR (Danmarks Radio).<\/p>\n<p><b>\u00abMe sorprende el resultado de la votaci\u00f3n.<\/b> De hecho, pens\u00e9 que terminar\u00eda con la exclusi\u00f3n de Israel. Por eso estoy decepcionada con la decisi\u00f3n de la RD. Ojal\u00e1 hubiera tomado otra postura y hubiera rechazado la participaci\u00f3n de Israel\u00bb, ha afirmado.<\/p>\n<p>La artista ha manifestado que \u00aben \u00faltima instancia, <b>la responsabilidad deber\u00eda recaer en la UER<\/b>\u00ab. \u00abSe est\u00e1 negando a asumir su responsabilidad al escudarse en esta votaci\u00f3n\u00bb, ha a\u00f1adido.<\/p>\n<p>Ah\u00ed es cuando ha mencionado a <a href=\"https:\/\/www.huffingtonpost.es\/life\/cultura\/se-desinfla-benidorm-fest-italia-estuvo-15nos-fuera-eurovision-mantuvo-festival-san-remo-peor-contrariobr.html\" rel=\"nofollow noopener\" target=\"_blank\">Espa\u00f1a, que ha tomado la decisi\u00f3n de no participar en Eurovisi\u00f3n<\/a> y tampoco de emitirlo: \u00abTambi\u00e9n se puede observar que, <b>cuando pa\u00edses como Espa\u00f1a, Pa\u00edses Bajos e Irlanda se retiran, no es algo que sola ocurre en internet\u00bb.<\/b><\/p>\n<p>\u00abNo se puede subestimar el poder de los consumidores\u00bb<\/p>\n<p>De Forest ha repasado todo lo que est\u00e1 pasando en Gaza mientras argumentaba su respuesta: \u00ab<b>Ha habido much\u00edsimas v\u00edctimas civiles, y muchos expertos no dudan en calificarlo de genocidio<\/b>. Por eso, espero que se realice una investigaci\u00f3n internacional independiente sobre Israel. Hasta entonces, no creo que se les deba permitir participar. Y si se les permite, tambi\u00e9n creo que se le debe permitir a Palestina participar\u00bb.<\/p>\n<p><b>\u00abNo se puede subestimar el poder de los consumidores.<\/b> Y creo que debemos seguir alzando la voz. No reaccionaron con rapidez cuando Rusia entr\u00f3 en guerra con Ucrania, pero al sentir la presi\u00f3n de la afici\u00f3n, terminaron excluyendo a Rusia, as\u00ed que creo que podemos cambiar las cosas si perseveramos\u00bb, ha rematado.<\/p>\n<p>La artista tambi\u00e9n ha rematado dejando claro que ahora mismo le cuesta verse en eventos en los que est\u00e9 Israel: \u00ab<b>Me cuesta imaginarme en eventos donde ellos est\u00e9n involucrados<\/b>. He participado en espect\u00e1culos nacionales, donde he actuado o he sido miembro del jurado. El a\u00f1o pasado particip\u00e9 en las competiciones locales de B\u00e9lgica, Montenegro y Malta, pero definitivamente no participar\u00e9 en un evento donde participe Israel. No quiero\u00bb.<\/p>\n","protected":false},"excerpt":{"rendered":"La ganadora de Eurovisi\u00f3n en el a\u00f1o 2013\u00a0Emmelie de Forest se ha posicionado de una manera muy rotunda&hellip;\n","protected":false},"author":2,"featured_media":277727,"comment_status":"","ping_status":"","sticky":false,"template":"","format":"standard","meta":{"footnotes":""},"categories":[171],"tags":[2496,146,147,25,24,24121,23,807,214],"class_list":{"0":"post-277726","1":"post","2":"type-post","3":"status-publish","4":"format-standard","5":"has-post-thumbnail","7":"category-tv","8":"tag-dinamarca","9":"tag-entertainment","10":"tag-entretenimiento","11":"tag-es","12":"tag-espana","13":"tag-eurovision","14":"tag-spain","15":"tag-television","16":"tag-tv"},"share_on_mastodon":{"url":"https:\/\/pubeurope.com\/@es\/115684285038213867","error":""},"_links":{"self":[{"href":"https:\/\/www.europesays.com\/es\/wp-json\/wp\/v2\/posts\/277726","targetHints":{"allow":["GET"]}}],"collection":[{"href":"https:\/\/www.europesays.com\/es\/wp-json\/wp\/v2\/posts"}],"about":[{"href":"https:\/\/www.europesays.com\/es\/wp-json\/wp\/v2\/types\/post"}],"author":[{"embeddable":true,"href":"https:\/\/www.europesays.com\/es\/wp-json\/wp\/v2\/users\/2"}],"replies":[{"embeddable":true,"href":"https:\/\/www.europesays.com\/es\/wp-json\/wp\/v2\/comments?post=277726"}],"version-history":[{"count":0,"href":"https:\/\/www.europesays.com\/es\/wp-json\/wp\/v2\/posts\/277726\/revisions"}],"wp:featuredmedia":[{"embeddable":true,"href":"https:\/\/www.europesays.com\/es\/wp-json\/wp\/v2\/media\/277727"}],"wp:attachment":[{"href":"https:\/\/www.europesays.com\/es\/wp-json\/wp\/v2\/media?parent=277726"}],"wp:term":[{"taxonomy":"category","embeddable":true,"href":"https:\/\/www.europesays.com\/es\/wp-json\/wp\/v2\/categories?post=277726"},{"taxonomy":"post_tag","embeddable":true,"href":"https:\/\/www.europesays.com\/es\/wp-json\/wp\/v2\/tags?post=277726"}],"curies":[{"name":"wp","href":"https:\/\/api.w.org\/{rel}","templated":true}]}}