{"id":277728,"date":"2025-12-08T13:55:15","date_gmt":"2025-12-08T13:55:15","guid":{"rendered":"https:\/\/www.europesays.com\/es\/277728\/"},"modified":"2025-12-08T13:55:15","modified_gmt":"2025-12-08T13:55:15","slug":"fuego-y-ceniza-la-tercera-entrega-de-la-saga-llega-a-cines-el-proximo-19-de-diciembre","status":"publish","type":"post","link":"https:\/\/www.europesays.com\/es\/277728\/","title":{"rendered":"Fuego y ceniza, la tercera entrega de la saga llega a cines el pr\u00f3ximo 19 de diciembre"},"content":{"rendered":"\n<p><a rel=\"nofollow noopener noreferrer\" href=\"https:\/\/www.elcolombiano.com\/cultura\/avatar-3-nuevo-trailer-fuego-cenizas-saga-CI29472505\" target=\"_blank\">El 19 de diciembre llega a los cines Avatar: Fuego y ceniza,<\/a> tercera entrega de la franquicia protagonizada por Zoe Salda\u00f1a como Neytiri. M\u00e1s all\u00e1 del despliegue visual y tecnol\u00f3gico que caracteriza a la saga creada por James Cameron, la actriz ha reflexionado sobre la profunda dimensi\u00f3n pol\u00edtica, emocional y social que la envuelve y c\u00f3mo guarda relaci\u00f3n directa con la realidad contempor\u00e1nea.<\/p>\n<p><b>Le puede interesar:<\/b> <a rel=\"nofollow noopener noreferrer\" href=\"https:\/\/www.elcolombiano.com\/cultura\/anime-auge-manga-colombia-america-latina-PP31581691\" target=\"_blank\">De la TV infantil a las salas de cine: as\u00ed conquista el anime en Colombia<\/a><\/p>\n<p>\u201cSi est\u00e1s en una posici\u00f3n en la que puedes despertarte cada d\u00eda e ir a trabajar en paz, volver a casa de una pieza, tus hijos vuelven del colegio y sus vidas no han sido amenazadas, y tu esposa, marido o padres regresan a casa y est\u00e1n bien, entonces eres una persona privilegiada\u201d, ha explicado Salda\u00f1a en una entrevista con CBR, donde subraya que la situaci\u00f3n de la familia Sully, que vive en un mundo en crisis y guerra que los fuerza a desplazarse, no es algo ficticio.<\/p>\n<p>La actriz ha a\u00f1adido que \u201cel privilegio ya no es el dinero, la riqueza, el \u00e9xito ni la acumulaci\u00f3n de bienes materiales\u201d, sino \u201cpoder vivir un d\u00eda m\u00e1s sin experimentar alg\u00fan tipo de conflicto que no tiene nada que ver contigo y, de todas formas, destruye por completo tu mundo y tu vida\u201d. Salda\u00f1a lamenta que \u201cestamos viendo eso en todo el planeta\u201d.<\/p>\n<p>La ganadora del Oscar por Emilia P\u00e9rez asegura que se despierta \u201ccada d\u00eda con el coraz\u00f3n roto\u201d por ese motivo y que uno de los aspectos que le consuela es formar parte de pel\u00edculas como Avatar que \u201cinspiran a la gente, inspiran a sanar y que hacen que las personas se sientan vistas y que importan\u201d. Por ello, Salda\u00f1a espera que Fuego y Ceniza anime a la gente \u201ca seguir confiando unas en otras, porque creo que eso es fundamental\u201d.<\/p>\n<p>La int\u00e9rprete que da vida Gamora en Guardianes de la Galaxia ha recordado que Avatar 3 profundiza en la tragedia que afect\u00f3 a la familia Sully en El sentido del agua, donde la muerte de uno de los hijos reconfigur\u00f3 por completo la din\u00e1mica emocional de Jake y Neytiri. \u201cCuando vi la pel\u00edcula lo que experimentamos fue tremendamente poderoso. Este sentimiento de p\u00e9rdida y en especial la experiencia de perder a un hijo es inimaginable\u201d, se\u00f1ala Salda\u00f1a.<\/p>\n<p><b>Lea tambi\u00e9n:<\/b> <a rel=\"nofollow noopener noreferrer\" href=\"https:\/\/www.elcolombiano.com\/medio-ambiente\/bionic-and-the-wires-musica-hongos-plantas-bioelectricidad-robotica-AP31581414\" target=\"_blank\">M\u00fasica hecha por hongos y plantas: as\u00ed funciona el proyecto Bionic and the Wires<\/a><\/p>\n<p>Dirigida y coescrita por James Cameron y con una duraci\u00f3n de 3 horas y 15 minutos, Fuego y ceniza retoma sus acontecimientos despu\u00e9s de que la familia Sully encontrase refugio en el clan oce\u00e1nico Metkayina y perdiera a su primog\u00e9nito Neteyam. Marcados por el duelo, Jake y Neytiri deben decidir si seguir huyendo o enfrentarse de una vez por todas a los enemigos que amenazan Pandora.<\/p>\n<p>Avatar contin\u00faa siendo la pel\u00edcula m\u00e1s taquillera de la historia, con unos 2.923 millones de d\u00f3lares recaudados en todo el mundo, mientras que Avatar: El sentido del agua ocupa el tercer puesto del ranking, con m\u00e1s de 2.300 millones. Los primeros datos de seguimiento en taquilla anticipan un estreno muy potente para Fuego y ceniza, con previsiones de entre 100 y 130 millones de d\u00f3lares en el primer fin de semana solo en Estados Unidos, una cifra algo por debajo de la apertura de la segunda parte.<\/p>\n","protected":false},"excerpt":{"rendered":"El 19 de diciembre llega a los cines Avatar: Fuego y ceniza, tercera entrega de la franquicia protagonizada&hellip;\n","protected":false},"author":2,"featured_media":277729,"comment_status":"","ping_status":"","sticky":false,"template":"","format":"standard","meta":{"footnotes":""},"categories":[169],"tags":[177,146,147,25,24,176,175,1267,23],"class_list":{"0":"post-277728","1":"post","2":"type-post","3":"status-publish","4":"format-standard","5":"has-post-thumbnail","7":"category-cine","8":"tag-cine","9":"tag-entertainment","10":"tag-entretenimiento","11":"tag-es","12":"tag-espana","13":"tag-film","14":"tag-movies","15":"tag-noticias-el-colombiano","16":"tag-spain"},"share_on_mastodon":{"url":"https:\/\/pubeurope.com\/@es\/115684293071394128","error":""},"_links":{"self":[{"href":"https:\/\/www.europesays.com\/es\/wp-json\/wp\/v2\/posts\/277728","targetHints":{"allow":["GET"]}}],"collection":[{"href":"https:\/\/www.europesays.com\/es\/wp-json\/wp\/v2\/posts"}],"about":[{"href":"https:\/\/www.europesays.com\/es\/wp-json\/wp\/v2\/types\/post"}],"author":[{"embeddable":true,"href":"https:\/\/www.europesays.com\/es\/wp-json\/wp\/v2\/users\/2"}],"replies":[{"embeddable":true,"href":"https:\/\/www.europesays.com\/es\/wp-json\/wp\/v2\/comments?post=277728"}],"version-history":[{"count":0,"href":"https:\/\/www.europesays.com\/es\/wp-json\/wp\/v2\/posts\/277728\/revisions"}],"wp:featuredmedia":[{"embeddable":true,"href":"https:\/\/www.europesays.com\/es\/wp-json\/wp\/v2\/media\/277729"}],"wp:attachment":[{"href":"https:\/\/www.europesays.com\/es\/wp-json\/wp\/v2\/media?parent=277728"}],"wp:term":[{"taxonomy":"category","embeddable":true,"href":"https:\/\/www.europesays.com\/es\/wp-json\/wp\/v2\/categories?post=277728"},{"taxonomy":"post_tag","embeddable":true,"href":"https:\/\/www.europesays.com\/es\/wp-json\/wp\/v2\/tags?post=277728"}],"curies":[{"name":"wp","href":"https:\/\/api.w.org\/{rel}","templated":true}]}}