{"id":277778,"date":"2025-12-08T14:34:14","date_gmt":"2025-12-08T14:34:14","guid":{"rendered":"https:\/\/www.europesays.com\/es\/277778\/"},"modified":"2025-12-08T14:34:14","modified_gmt":"2025-12-08T14:34:14","slug":"bassala-bagayoko-el-nino-que-sucedio-a-ricky-rubio-vuelve-a-empezar-baloncesto-deportes","status":"publish","type":"post","link":"https:\/\/www.europesays.com\/es\/277778\/","title":{"rendered":"Bassala Bagayoko, el ni\u00f1o que sucedi\u00f3 a Ricky Rubio, vuelve a empezar | Baloncesto | Deportes"},"content":{"rendered":"<p class=\"\">Bassala Bagayoko tiene 19 a\u00f1os y ha vivido ya las dos caras del deporte de \u00e9lite. El joven p\u00edvot de Mal\u00ed que hoy juega en el Surne Bilbao echa la vista atr\u00e1s y contempla una corta carrera que une los dos extremos. De la explosi\u00f3n de la fama al t\u00fanel m\u00e1s oscuro. De convertirse en el jugador m\u00e1s joven en <a href=\"https:\/\/elpais.com\/deportes\/baloncesto\/2025-10-05\/ricky-rubio-vuelve-a-jugar-donde-todo-empezo.html\" target=\"_blank\" rel=\"noreferrer nofollow noopener\" title=\"https:\/\/elpais.com\/deportes\/baloncesto\/2025-10-05\/ricky-rubio-vuelve-a-jugar-donde-todo-empezo.html\">debutar en la historia de la Liga Endesa por delante de Ricky Rubio, <\/a>registro que todav\u00eda mantiene, a pasar m\u00e1s de dos a\u00f1os sin jugar por culpa de una lesi\u00f3n. Hoy Bagayoko vuelve a empezar. Como si todo aquello, lo bueno y lo malo, no hubiera sucedido y \u00e9l simplemente fuera un adolescente que intenta abrirse camino en la Liga espa\u00f1ola de baloncesto. Aunque ah\u00ed siguen las vivencias en el alma y las cicatrices en el cuerpo para recordarle de d\u00f3nde viene. \u201cTodo lo que he pasado me ha hecho ser quien soy\u201d, comenta el muchacho.<\/p>\n<p class=\"\">Bagayoko lleg\u00f3 desde su Bamako natal a Gran Canaria cuando ten\u00eda 11 a\u00f1os. Jugaba al f\u00fatbol y al baloncesto, y su espigada figura (hoy mide 2,07m) le cit\u00f3 con la canasta. Pronto dio el salto y del Santa Luc\u00eda Basket vol\u00f3 primero al Baloncesto Alcal\u00e1 (le meti\u00f3 52 puntos al Real Madrid) y en 2020 al Fuenlabrada. Aquel chaval de buenos movimientos y f\u00edsico aventajado quemaba etapas a tal velocidad que el 25 de abril de 2021 rompi\u00f3 <a href=\"https:\/\/elpais.com\/deportes\/baloncesto\/2025-10-05\/ricky-rubio-vuelve-a-jugar-donde-todo-empezo.html\" target=\"_blank\" rel=\"noreferrer nofollow noopener\" title=\"https:\/\/elpais.com\/deportes\/baloncesto\/2025-10-05\/ricky-rubio-vuelve-a-jugar-donde-todo-empezo.html\">el r\u00e9cord de precocidad de Ricky Rubio <\/a>y se convirti\u00f3 en el debutante m\u00e1s joven que ha visto nunca la ACB: 14 a\u00f1os, siete meses y 15 d\u00edas. Fue en la jornada 33, con Josep Maria Ravent\u00f3s como entrenador del Fuenla y frente al Real Madrid. Dos puntos y dos rebotes en nueve minutos vistieron aquel estreno que cambiar\u00eda su vida.<\/p>\n<blockquote class=\"twitter-tweet\">\n<p lang=\"es\" dir=\"ltr\">\ud83d\uddd3 El 25 de abril de 2021 fue un d\u00eda hist\u00f3rico.<\/p>\n<p>Con tan solo 14 a\u00f1os, 7 meses y 15 d\u00edas un joven Bassala Bagayoko hizo su debut en la <a href=\"https:\/\/twitter.com\/hashtag\/LigaEndesa?src=hash&amp;ref_src=twsrc%5Etfw\" rel=\"nofollow noopener\" target=\"_blank\">#LigaEndesa<\/a>, convirti\u00e9ndose en el jugador M\u00c1S JOVEN de la historia de acb.<\/p>\n<p>\u00a1Y se estren\u00f3 con un MATE!<\/p>\n<p>\ud83d\udcaa \ud835\uddd5\ud835\uddd4\ud835\udde6\ud835\udde6\ud835\uddd4\ud835\udddf\ud835\uddd4 \ud835\uddd5\ud835\uddd4\ud835\uddda\ud835\uddd4\ud835\uddec\ud835\udde2\ud835\uddde\ud835\udde2 <a href=\"https:\/\/t.co\/Et822HdArw\" rel=\"nofollow\">pic.twitter.com\/Et822HdArw<\/a><\/p>\n<p>\u2014 Liga Endesa (@ACBCOM) <a href=\"https:\/\/twitter.com\/ACBCOM\/status\/1783386710753112101?ref_src=twsrc%5Etfw\" rel=\"nofollow noopener\" target=\"_blank\">April 25, 2024<\/a><\/p><\/blockquote>\n<p class=\"\">\u201cYo era un chico normal que estudiaba en el instituto. Iba a clase antes o despu\u00e9s de los entrenamientos y viv\u00eda en un piso con otros jugadores del Fuenlabrada. Me entrenaba y jugaba con el segundo equipo y algunas veces sub\u00eda a entrenar con los mayores. Cuando me dijeron que ir\u00eda convocado con el primer equipo no me lo cre\u00eda, pensaba que era una broma. Tuve que llamar a mi familia para que ellos volvieran a preguntar al club si era verdad. Yo no me lo esperaba, fue muy fuerte\u201d, recuerda Bagayoko. \u201cEl debut fue un momento que nunca olvidar\u00e9. \u00a1Mi primera canasta fue un mate! Estaba muy, muy nervioso. Menos mal que no hab\u00eda nada de p\u00fablico en la grada por la covid, solo cuatro personas de mi familia a las que dejaron pasar\u201d.<\/p>\n<p class=\"\">De repente,<a href=\"https:\/\/elpais.com\/deportes\/2021-04-25\/el-maliense-bagayoko-se-convierte-en-el-jugador-mas-joven-en-la-historia-de-la-liga-de-baloncesto-con-14-anos-y-7-meses.html\" target=\"_blank\" rel=\"noreferrer nofollow noopener\" title=\"https:\/\/elpais.com\/deportes\/2021-04-25\/el-maliense-bagayoko-se-convierte-en-el-jugador-mas-joven-en-la-historia-de-la-liga-de-baloncesto-con-14-anos-y-7-meses.html\"> el boom de la fama para un chico<\/a> que ese curso fue elegido estrella emergente en un torneo j\u00fanior de la Euroliga. Con 14 a\u00f1os, Bassala no estaba preparado para el tsunami que supon\u00eda romper el r\u00e9cord de Ricky. \u201cTodo el mundo hablaba de m\u00ed all\u00ed donde iba. Hasta en el instituto los profesores y los compa\u00f1eros ven\u00edan a hablar conmigo. Me cost\u00f3 mucho manejar esa presi\u00f3n, las expectativas. Estaba siempre nervioso, me temblaban las manos. Lo pas\u00e9 mal, era agobiante. Todos a mi alrededor dici\u00e9ndome que estaba en la ACB\u2026 Para m\u00ed fue demasiado\u201d, revive.<\/p>\n<p class=\"\">Algo se rompi\u00f3 en su interior y con el tiempo acab\u00f3 rompi\u00e9ndose en su cuerpo. El 5 de noviembre de 2022, Bagayoko jug\u00f3 su primer partido como titular en la ACB, en la s\u00e9ptima jornada liguera, contra el Manresa. Llevaba 1m 23s en la pista, salt\u00f3 a por un rebote, cay\u00f3 mal y\u2026 rotura del ligamento cruzado anterior y del menisco externo de la rodilla derecha. \u201cNo pod\u00eda parar de llorar\u201d, recuerda. El ni\u00f1o prodigio hab\u00eda ca\u00eddo, y lo peor estaba por llegar. A los ocho meses, mientras comenzaba a entrenarse de nuevo, unas pruebas detectaron que la rodilla no ten\u00eda estabilidad. Vuelta a la casilla de salida y esta vez con un camino m\u00e1s largo por delante. El joven que hab\u00eda hecho historia no volvi\u00f3 a jugar hasta el 30 de enero de este a\u00f1o, 818 d\u00edas despu\u00e9s, casi 27 meses en blanco.<\/p>\n<p><img decoding=\"auto\" class=\"_re lazyload a_m-h\" height=\"276\"  width=\"414\"  src=\"https:\/\/www.europesays.com\/es\/wp-content\/uploads\/2025\/12\/E2CJDRFRMRCVBGA4VFAMZLME5M.jpg\" loading=\"lazy\"\/>Bassala Bagayoko, en mayo pasado ante el Barcelona con el Bilbao Basket.cintiacortess<\/p>\n<p class=\"\">El reestreno fue ya con otra camiseta, la del Surne Bilbao, el equipo que le fich\u00f3 en 2024 por cuatro temporadas. A ese cambio de equipaci\u00f3n lleg\u00f3 Bagayoko despu\u00e9s de un l\u00edo judicial que perdura. En junio de 2023, el jugador mand\u00f3 una carta al Fuenlabrada firmada tambi\u00e9n por sus padres y su tutor legal con la que romp\u00eda de manera unilateral su contrato sin alegar ning\u00fan incumplimiento por parte del club. La entidad madrile\u00f1a le reclama ahora al maliense y al Bilbao su cl\u00e1usula de rescisi\u00f3n de 1,1 millones de euros. \u201cNo nos gustaban c\u00f3mo iban las cosas en el club. Intentamos llegar a un acuerdo para salir pero no hubo manera. Lo pas\u00e9 mal porque ellos me dieron la oportunidad, pero hab\u00eda que tomar una decisi\u00f3n\u201d, cuenta el p\u00edvot.<\/p>\n<p class=\"\">En Bilbao ha empezado de cero. Estuvo cedido en el Zornotza, en Segunda FEB, hasta debutar con el grupo de <a href=\"https:\/\/elpais.com\/noticias\/jaume-ponsarnau-goenaga\/\" target=\"_blank\" rel=\"noreferrer nofollow noopener\" title=\"https:\/\/elpais.com\/noticias\/jaume-ponsarnau-goenaga\/\">Jaume Ponsarnau <\/a>primero en la FIBA Europe Cup contra el Cholet y el pasado 30 de marzo en la ACB, de nuevo contra el Madrid. \u201cCon el tiempo me he recuperado de todo lo que me ha pasado y eso me ha servido para aprender en la vida\u201d, afirma Bassala; \u201cno sab\u00eda ni lo que era una pretemporada. Ahora voy cogiendo el ritmo de antes. He vuelto a empezar y soy feliz\u201d.<\/p>\n<p class=\"\"><a href=\"https:\/\/elpais.com\/deportes\/resultados\/baloncesto\/acb\/\" target=\"_blank\" rel=\"noreferrer nofollow noopener\" title=\"https:\/\/elpais.com\/deportes\/resultados\/baloncesto\/acb\/\"><b>Resultados y clasificaci\u00f3n de la ACB.<\/b><\/a><\/p>\n<p><script async src=\"https:\/\/platform.twitter.com\/widgets.js\" charset=\"utf-8\"><\/script><\/p>\n","protected":false},"excerpt":{"rendered":"Bassala Bagayoko tiene 19 a\u00f1os y ha vivido ya las dos caras del deporte de \u00e9lite. El joven&hellip;\n","protected":false},"author":2,"featured_media":277779,"comment_status":"","ping_status":"","sticky":false,"template":"","format":"standard","meta":{"footnotes":""},"categories":[269],"tags":[299,298,1540,168,927,25,24,2713,8283,831,23,167],"class_list":{"0":"post-277778","1":"post","2":"type-post","3":"status-publish","4":"format-standard","5":"has-post-thumbnail","7":"category-baloncesto","8":"tag-baloncesto","9":"tag-basketball","10":"tag-competiciones","11":"tag-deportes","12":"tag-deportistas","13":"tag-es","14":"tag-espana","15":"tag-jugadores","16":"tag-jugadores-baloncesto","17":"tag-liga-acb","18":"tag-spain","19":"tag-sports"},"share_on_mastodon":{"url":"https:\/\/pubeurope.com\/@es\/115684446891444007","error":""},"_links":{"self":[{"href":"https:\/\/www.europesays.com\/es\/wp-json\/wp\/v2\/posts\/277778","targetHints":{"allow":["GET"]}}],"collection":[{"href":"https:\/\/www.europesays.com\/es\/wp-json\/wp\/v2\/posts"}],"about":[{"href":"https:\/\/www.europesays.com\/es\/wp-json\/wp\/v2\/types\/post"}],"author":[{"embeddable":true,"href":"https:\/\/www.europesays.com\/es\/wp-json\/wp\/v2\/users\/2"}],"replies":[{"embeddable":true,"href":"https:\/\/www.europesays.com\/es\/wp-json\/wp\/v2\/comments?post=277778"}],"version-history":[{"count":0,"href":"https:\/\/www.europesays.com\/es\/wp-json\/wp\/v2\/posts\/277778\/revisions"}],"wp:featuredmedia":[{"embeddable":true,"href":"https:\/\/www.europesays.com\/es\/wp-json\/wp\/v2\/media\/277779"}],"wp:attachment":[{"href":"https:\/\/www.europesays.com\/es\/wp-json\/wp\/v2\/media?parent=277778"}],"wp:term":[{"taxonomy":"category","embeddable":true,"href":"https:\/\/www.europesays.com\/es\/wp-json\/wp\/v2\/categories?post=277778"},{"taxonomy":"post_tag","embeddable":true,"href":"https:\/\/www.europesays.com\/es\/wp-json\/wp\/v2\/tags?post=277778"}],"curies":[{"name":"wp","href":"https:\/\/api.w.org\/{rel}","templated":true}]}}