{"id":277780,"date":"2025-12-08T14:35:13","date_gmt":"2025-12-08T14:35:13","guid":{"rendered":"https:\/\/www.europesays.com\/es\/277780\/"},"modified":"2025-12-08T14:35:13","modified_gmt":"2025-12-08T14:35:13","slug":"una-baja-de-ultima-hora-y-un-regreso-en-la-convocatoria-del-atletico-para-eindhoven","status":"publish","type":"post","link":"https:\/\/www.europesays.com\/es\/277780\/","title":{"rendered":"Una baja de \u00faltima hora y un regreso en la convocatoria del Atl\u00e9tico para Eindhoven"},"content":{"rendered":"<p data-gtm-element-container=\"modulo-texto-link\" class=\"paragraph\">El <strong>Atl\u00e9tico de Madrid <\/strong>se ha desplazado este lunes por la ma\u00f1ana a Eindhoven, donde el martes se medir\u00e1 al <strong>PSV <\/strong>en la sexta jornada de la Champions League. Y antes de partir hacia la ciudad neerlandesa,<strong> Diego Simeone<\/strong> ha facilitado la convocatoria para este encuentro.<\/p>\n<p data-gtm-element-container=\"modulo-texto-link\" class=\"paragraph\">El t\u00e9cnico recibi\u00f3 una buena noticia y otra mala. Porque <strong>Johnny Cardoso<\/strong> vuelve a estar disponible, pero en cambio, el <strong>Cholo <\/strong>no podr\u00e1 contar con<strong> Clement Lenglet<\/strong>. El franc\u00e9s sufri\u00f3 una contractura muscular en el choque del s\u00e1bado en San Mam\u00e9s que le impedir\u00e1 ser de la partida. Se une a las bajas ya sabidas de<strong> Llorente, Gim\u00e9nez y Baena<\/strong>.<\/p>\n<p>    Lee tambi\u00e9n<\/p>\n<p data-gtm-element-container=\"modulo-texto-link\" class=\"paragraph\">El preparador argentino se lleva tres canteranos a Eindhoven. Adem\u00e1s del habitual <strong>Esquivel<\/strong>, tercer portero y titular con el Atl\u00e9tico Madrile\u00f1o, viajan los defensas <strong>Javi Bo\u00f1ar y Dani Mart\u00ednez<\/strong>.<\/p>\n<blockquote class=\"twitter-tweet\" data-lang=\"es\"><p>\n<a href=\"https:\/\/twitter.com\/Atleti\/status\/1997947376368230502\" rel=\"nofollow noopener\" target=\"_blank\">\n<\/p><\/blockquote>\n<p data-gtm-element-container=\"modulo-texto-link\" class=\"paragraph\">La convocatoria completa es la formada por los arqueros<strong> Oblak, Musso<\/strong> y el mencionado Esquivel; los defensas <strong>Molina, Pubill, Le Normand, Hancko, Ruggeri, Javi Gal\u00e1n, Javi Bo\u00f1ar y Dani Mart\u00ednez<\/strong>; los centrocampistas<strong> Koke, Barrios, Gallagher, Cardoso, Almada, Nico Gonz\u00e1lez, Giuliano<\/strong>; y los delanteros <strong>Griezmann, Carlos Mart\u00edn, Juli\u00e1n Alvarez, Sorloth y Raspadori.<\/strong>\u00a0<\/p>\n<p><script async src=\"https:\/\/platform.twitter.com\/widgets.js\" charset=\"utf-8\"><\/script><\/p>\n","protected":false},"excerpt":{"rendered":"El Atl\u00e9tico de Madrid se ha desplazado este lunes por la ma\u00f1ana a Eindhoven, donde el martes se&hellip;\n","protected":false},"author":2,"featured_media":277781,"comment_status":"","ping_status":"","sticky":false,"template":"","format":"standard","meta":{"footnotes":""},"categories":[268],"tags":[168,25,24,280,282,281,23,167],"class_list":{"0":"post-277780","1":"post","2":"type-post","3":"status-publish","4":"format-standard","5":"has-post-thumbnail","7":"category-futbol","8":"tag-deportes","9":"tag-es","10":"tag-espana","11":"tag-football","12":"tag-futbol","13":"tag-soccer","14":"tag-spain","15":"tag-sports"},"share_on_mastodon":{"url":"https:\/\/pubeurope.com\/@es\/115684450507764811","error":""},"_links":{"self":[{"href":"https:\/\/www.europesays.com\/es\/wp-json\/wp\/v2\/posts\/277780","targetHints":{"allow":["GET"]}}],"collection":[{"href":"https:\/\/www.europesays.com\/es\/wp-json\/wp\/v2\/posts"}],"about":[{"href":"https:\/\/www.europesays.com\/es\/wp-json\/wp\/v2\/types\/post"}],"author":[{"embeddable":true,"href":"https:\/\/www.europesays.com\/es\/wp-json\/wp\/v2\/users\/2"}],"replies":[{"embeddable":true,"href":"https:\/\/www.europesays.com\/es\/wp-json\/wp\/v2\/comments?post=277780"}],"version-history":[{"count":0,"href":"https:\/\/www.europesays.com\/es\/wp-json\/wp\/v2\/posts\/277780\/revisions"}],"wp:featuredmedia":[{"embeddable":true,"href":"https:\/\/www.europesays.com\/es\/wp-json\/wp\/v2\/media\/277781"}],"wp:attachment":[{"href":"https:\/\/www.europesays.com\/es\/wp-json\/wp\/v2\/media?parent=277780"}],"wp:term":[{"taxonomy":"category","embeddable":true,"href":"https:\/\/www.europesays.com\/es\/wp-json\/wp\/v2\/categories?post=277780"},{"taxonomy":"post_tag","embeddable":true,"href":"https:\/\/www.europesays.com\/es\/wp-json\/wp\/v2\/tags?post=277780"}],"curies":[{"name":"wp","href":"https:\/\/api.w.org\/{rel}","templated":true}]}}