{"id":277799,"date":"2025-12-08T14:48:14","date_gmt":"2025-12-08T14:48:14","guid":{"rendered":"https:\/\/www.europesays.com\/es\/277799\/"},"modified":"2025-12-08T14:48:14","modified_gmt":"2025-12-08T14:48:14","slug":"cuatro-dias-con-medicos-en-huelga-complicaran-la-semana-en-consultas-quirofanos-y-pruebas-diagnosticas","status":"publish","type":"post","link":"https:\/\/www.europesays.com\/es\/277799\/","title":{"rendered":"Cuatro d\u00edas con m\u00e9dicos en huelga complicar\u00e1n la semana en consultas, quir\u00f3fanos y pruebas diagn\u00f3sticas"},"content":{"rendered":"<p>Se avecina una semana complicada en la sanidad con los m\u00e9dicos convocados a cuatro jornadas de huelga nada m\u00e1s que baje la persiana el puente  &#8230; festivo. El paro est\u00e1 convocado desde este martes, a las 00:00 horas (turno de noche), hasta el viernes, a las 23:59 horas. \u00abCESM rechaza la \u00faltima propuesta de acuerdo de Sanidad y llama a secundar la huelga nacional de 4 d\u00edas\u00bb. As\u00ed resum\u00edan oficialmente desde la Confederaci\u00f3n Espa\u00f1ola de Sindicatos M\u00e9dicos (CESM), organizaci\u00f3n convocante de la protesta, el desenlace de la \u00faltima oferta del Ministerio de Sanidad sobre <a href=\"https:\/\/www.elnortedecastilla.es\/sociedad\/sanidad-entiende-malestar-medicos-tras-anos-sobrecarga-20251003122646-ntrc.html\" title=\"www.elnortedecastilla.es\" data-voc-vtm-id=\"in-text-traffic\" data-mrf-link=\"www.elnortedecastilla.es\" rel=\"nofollow noopener\" target=\"_blank\">la reforma del Estatuto Marco que la ministra M\u00f3nica Garc\u00eda (Sumar)<\/a> les traslad\u00f3 la semana pasada. La huelga es nacional.<\/p>\n<p>\nLos servicios m\u00ednimos para garantizar la asistencia prev\u00e9n plantillas similares a las de un d\u00eda festivo\n<\/p>\n<p class=\"v-p\">Clasificaci\u00f3n laboral y situaci\u00f3n de las guardias, asuntos con repercusi\u00f3n retributiva y en cotizaciones para la jubilaci\u00f3n, adem\u00e1s de la movilidad forzosa y un endurecimiento del r\u00e9gimen de incompatibilidades que impone la exclusividad de trabajo en la sanidad p\u00fablica de m\u00e9dicos con responsabilidad de jefaturas <a href=\"https:\/\/www.elnortedecastilla.es\/castillayleon\/medicos-huelga-vamos-situacion-dramatica-sistema-sanitario-20251001162729-nt.html\" title=\"www.elnortedecastilla.es\" data-voc-vtm-id=\"in-text-traffic\" data-mrf-link=\"www.elnortedecastilla.es\" rel=\"nofollow noopener\" target=\"_blank\">acotan el terreno del conflicto entre profesionales y Administraci\u00f3n estatal<\/a>. <\/p>\n<p><img decoding=\"async\" loading=\"lazy\" src=\"https:\/\/www.europesays.com\/es\/wp-content\/uploads\/2025\/12\/1501489329-kURG-U240483526088K1-650x455@El Norte.jpg\" class=\"v-a-img\" width=\"650\" height=\"455\" alt=\"Manifestaci\u00f3n de m\u00e9dicos en Madrid, el pasado octubre.\" data-voc-vtm-id=\"in-text-traffic\"\/><\/p>\n<p>Manifestaci\u00f3n de m\u00e9dicos en Madrid, el pasado octubre.<\/p>\n<p><img loading=\"lazy\" decoding=\"async\" src=\"https:\/\/www.europesays.com\/es\/wp-content\/uploads\/2025\/12\/1501489329-kURG-U240483526088USB-1920x1344@El Norte.jpg\" class=\"v-mdl__img-z\" width=\"1920\" height=\"1344\" alt=\"\"\/><\/p>\n<p class=\"v-p\">La huelga est\u00e1 convocada para los d\u00edas 9, 10, 11 y 12 de diciembre y supone la tercera andanada de paros en protesta del colectivo m\u00e9dico, tras los convocados en junio y octubre, contra la normativa que regula laboralmente al conjunto de los profesionales sanitarios. El seguimiento de esos d\u00edas de huelga fue amplio y ya afect\u00f3 a consultas y quir\u00f3fanos, con suspensi\u00f3n de citas y operaciones. Tambi\u00e9n a pruebas diagn\u00f3sticas que deben ser supervisada por personal m\u00e9dico. 2.753 m\u00e9dicos colgaron el viernes 3 de octubre la bata en Castilla y Le\u00f3n en el turno de ma\u00f1ana, de los que 732 prestaban servicio en Valladolid. El seguimiento fue de algo m\u00e1s del 36% a nivel auton\u00f3mico y casi el 39% entre los doctores de centros vallisoletanos.<\/p>\n<p class=\"v-p\">Los facultativos reclaman al Ministerio de Sanidad un estatuto propio y se oponen frontalmente a c\u00f3mo quedan clasificados en el conjunto de titulados sanitarios, porque entienden que la reforma que impulsa el Gobierno de PSOE y Sumar no reconoce ni la responsabilidad que asume el m\u00e9dico en la atenci\u00f3n al paciente ni sus dos a\u00f1os a mayores de formaci\u00f3n universitaria (Medicina son seis cursos y no cuatro) a los que se a\u00f1aden los de especializaci\u00f3n MIR. \u00abDe tal forma que graduados con 240 cr\u00e9ditos con formaci\u00f3n especializada podr\u00edan tener el mismo nivel que un m\u00e9dico con 360 cr\u00e9ditos\u00bb, esgrimen desde CESM. \u00abEl nivel de responsabilidad no es tenido en cuenta para la clasificaci\u00f3n\u00bb, subrayan, al tiempo que demandan una diferenciaci\u00f3n dentro de los trabajadores p\u00fablicos del Grupo A (graduados universitarios) con la creaci\u00f3n de una Grupo A+, con reconocimiento retributivo, para los m\u00e9dicos.<\/p>\n<p class=\"v-p\">A la plataforma de reivindicaciones, el CESM a\u00f1ade la cr\u00edtica de que la jornada de guardia no se refleje como actividad extraordinaria ni se pague por encima de la hora ordinaria y que ese tiempo tampoco compute para la jubilaci\u00f3n. \u00abNo nos ofrecen garant\u00edas suficientes para que no se siga obligando a compa\u00f1eros a tener jornadas semanales de m\u00e1s de 45 horas, puesto que el comod\u00edn de las &#8216;necesidades del servicio&#8217; sigue vigente a pesar de todo\u00bb, remarcan. Y a eso suman la prohibici\u00f3n, si sale adelante ese Estatuto Marco, de trabajar en la sanidad privada para los m\u00e9dicos que ocupen una plaza de mando intermedio en un centro p\u00fablico, desde jefe de servicio o de secci\u00f3n. \u00abUn sistema de salud en el que la fuga de m\u00e9dicos es uno de sus principales problemas no puede poner m\u00e1s trabas para atraer talento\u00bb, precisan.<\/p>\n<p class=\"v-p\">Desde la Consejer\u00eda de Sanidad de la Junta, que gestiona los centros del Servicio P\u00fablico de Salud de Castilla y Le\u00f3n, han determinado los servicios m\u00ednimos para garantizar \u00ablas prestaciones asistenciales necesarias\u00bb en las cuatro jornadas de huelga. Seg\u00fan la orden publicada el pasado 1 de diciembre en el Bolet\u00edn Oficial auton\u00f3mico, fija el 100% del personal de la UCI, Oncolog\u00eda M\u00e9dica y Radioter\u00e1pica, Di\u00e1lisis, Hospital de D\u00eda, Farmacia Hospitalaria y quir\u00f3fanos con intervenciones programadas de pacientes que implica cirug\u00eda invasiva. En esas \u00e1reas de \u00abasistencia vital\u00bb no se podr\u00e1 hacer huelga en la pr\u00e1ctica, al decretarse esos servicios m\u00ednimos del 100%. Id\u00e9ntico tratamiento tendr\u00e1 la atenci\u00f3n a embarazadas y parturientas y el cribado del c\u00e1ncer de mama.<\/p>\n<p class=\"v-p\">\u00abLa Administraci\u00f3n estima conveniente garantizar, con car\u00e1cter general, la atenci\u00f3n sanitaria de car\u00e1cter urgente, tanto en r\u00e9gimen ambulatorio como domiciliario\u00bb, plantean desde la consejer\u00eda que dirige Alejando V\u00e1zquez, explicando que ese \u00abm\u00ednimo de actividad\u00bb ser\u00e1 similar al que se realiza \u00abun d\u00eda festivo con preferencia a la actividad urgente, en el que se compatibiliza la prestaci\u00f3n asistencial con el derecho al descanso del personal y por tanto implica un n\u00famero menor de efectivos\u00bb.<\/p>\n<p>Los servicios m\u00ednimos<\/p>\n<p class=\"v-p\">Los servicios m\u00ednimos en Valladolid es fijan en 109 m\u00e9dicos en el turno de ma\u00f1ana en el R\u00edo Hortega, cinco de ellos en Urgencias, y entre 23 y 25 presenciales en los turnos de tarde y noche, con otros 16 o 18 doctores de guardia localizada. A estos se sumar\u00e1n los cinco m\u00e9dicos de Urgencias en turno vespertino y nocturno y dos especialistas de otro \u00e1mbitos en situaci\u00f3n de guardia localizada. Esos servicios m\u00ednimos son algo m\u00e1s amplios en el Cl\u00ednico en el turno de ma\u00f1ana, con 147 m\u00e9dicos y licenciados especialistas y 10 m\u00e1s en Urgencias. Para la tarde y la noche, se establecen 22 m\u00e9dicos en cada turno en jornada presencial y 27 en situaci\u00f3n de guardia localizada. Los doctores que atender\u00e1n las Urgencias bajan a cinco en estos turnos, con dos especialistas en servicios complementarios. Y el Hospital de Medina de Campo contar\u00e1 con dos m\u00e9dicos en Urgencias en cada turno y nueve especialistas de servicios m\u00ednimos para el resto del hospital, de los que uno ser\u00e1 de guardia localizada durante la tarde y la noche.<\/p>\n<p class=\"v-p\">Para los centros de salud se fijan m\u00ednimos que oscilan entre un doctor (Villal\u00f3n, Mota del Marqu\u00e9s, Serrada o Esguevillas de Esgueva) por turno y cuatro (Huerta del Rey, Parquesol y Laguna de Duero). Los servicios de urgencias de Arturo Eyries contar\u00e1n con tres profesionales m\u00e9dicos, el Punto de Atenci\u00f3n Continuada de Pilarica tendr\u00e1n un m\u00ednimo de cuatro; Rondilla, dos; y Medina del Campo, tres.<\/p>\n","protected":false},"excerpt":{"rendered":"Se avecina una semana complicada en la sanidad con los m\u00e9dicos convocados a cuatro jornadas de huelga nada&hellip;\n","protected":false},"author":2,"featured_media":277800,"comment_status":"","ping_status":"","sticky":false,"template":"","format":"standard","meta":{"footnotes":""},"categories":[8],"tags":[17,18,67610,18732,954,49176,960,25,24,13,14,11,13181,19,20,6016,9,10,15,16,677,773,23,12,21,22],"class_list":{"0":"post-277799","1":"post","2":"type-post","3":"status-publish","4":"format-standard","5":"has-post-thumbnail","7":"category-espana","8":"tag-breaking-news","9":"tag-breakingnews","10":"tag-complicaran","11":"tag-consultas","12":"tag-cuatro","13":"tag-diagnosticas","14":"tag-dias","15":"tag-es","16":"tag-espana","17":"tag-featured-news","18":"tag-featurednews","19":"tag-headlines","20":"tag-huelga","21":"tag-latest-news","22":"tag-latestnews","23":"tag-medicos","24":"tag-news","25":"tag-noticias","26":"tag-noticias-destacadas","27":"tag-noticiasdestacadas","28":"tag-pruebas","29":"tag-semana","30":"tag-spain","31":"tag-titulares","32":"tag-ultimas-noticias","33":"tag-ultimasnoticias"},"share_on_mastodon":{"url":"https:\/\/pubeurope.com\/@es\/115684501571217241","error":""},"_links":{"self":[{"href":"https:\/\/www.europesays.com\/es\/wp-json\/wp\/v2\/posts\/277799","targetHints":{"allow":["GET"]}}],"collection":[{"href":"https:\/\/www.europesays.com\/es\/wp-json\/wp\/v2\/posts"}],"about":[{"href":"https:\/\/www.europesays.com\/es\/wp-json\/wp\/v2\/types\/post"}],"author":[{"embeddable":true,"href":"https:\/\/www.europesays.com\/es\/wp-json\/wp\/v2\/users\/2"}],"replies":[{"embeddable":true,"href":"https:\/\/www.europesays.com\/es\/wp-json\/wp\/v2\/comments?post=277799"}],"version-history":[{"count":0,"href":"https:\/\/www.europesays.com\/es\/wp-json\/wp\/v2\/posts\/277799\/revisions"}],"wp:featuredmedia":[{"embeddable":true,"href":"https:\/\/www.europesays.com\/es\/wp-json\/wp\/v2\/media\/277800"}],"wp:attachment":[{"href":"https:\/\/www.europesays.com\/es\/wp-json\/wp\/v2\/media?parent=277799"}],"wp:term":[{"taxonomy":"category","embeddable":true,"href":"https:\/\/www.europesays.com\/es\/wp-json\/wp\/v2\/categories?post=277799"},{"taxonomy":"post_tag","embeddable":true,"href":"https:\/\/www.europesays.com\/es\/wp-json\/wp\/v2\/tags?post=277799"}],"curies":[{"name":"wp","href":"https:\/\/api.w.org\/{rel}","templated":true}]}}