{"id":277805,"date":"2025-12-08T14:55:11","date_gmt":"2025-12-08T14:55:11","guid":{"rendered":"https:\/\/www.europesays.com\/es\/277805\/"},"modified":"2025-12-08T14:55:11","modified_gmt":"2025-12-08T14:55:11","slug":"la-dura-critica-contra-fernando-gaviria-tras-haber-sido-detenido-manejando-en-estado-de-embriaguez-es-el-ciclista-mas-vago-que-jamas-conoci","status":"publish","type":"post","link":"https:\/\/www.europesays.com\/es\/277805\/","title":{"rendered":"La dura cr\u00edtica contra Fernando Gaviria tras haber sido detenido manejando en estado de embriaguez: \u201cEs el ciclista m\u00e1s vago que jam\u00e1s conoc\u00ed\u201d"},"content":{"rendered":"<p><img alt=\"Fernando Gaviria es el colombiano\" class=\"global-image\" decoding=\"async\" fetchpriority=\"high\" height=\"2731\" loading=\"eager\" src=\"https:\/\/www.europesays.com\/es\/wp-content\/uploads\/2025\/12\/GMFXA4PSNBAO7MQVZIXEGLOGB4.jpg\" width=\"4096\"\/>Fernando Gaviria es el colombiano con m\u00e1s victorias de etapa en el Giro de Italia (5) &#8211; cr\u00e9dito Giro de Italia<\/p>\n<p class=\"paragraph\">El reciente fichaje de Fernando Gaviria por Caja Rural, tras su salida de Movistar, se vio opacado apenas un d\u00eda despu\u00e9s al conocerse que el ciclista colombiano fue condenado a dos meses de prisi\u00f3n en suspenso por conducir ebrio en M\u00f3naco. <\/p>\n<p class=\"paragraph\">El incidente, que tuvo lugar el 22 de octubre, no solo deriv\u00f3 en la sanci\u00f3n penal, sino que tambi\u00e9n incluy\u00f3 una multa de 5.000 euros, la prohibici\u00f3n de conducir en M\u00f3naco durante dos a\u00f1os y tres multas menores adicionales. Este episodio marca un punto de inflexi\u00f3n en la carrera de Gaviria, que, tras una temporada discreta con Movistar en la que solo sum\u00f3 125 puntos UCI, afrontar\u00e1 en 2026 su primer a\u00f1o fuera del WorldTour en una d\u00e9cada.<\/p>\n<p class=\"paragraph\"><b>Ahora puede seguirnos en<\/b><a rel=\"noopener nofollow\" href=\"https:\/\/www.facebook.com\/infobaecolombia\" target=\"_blank\"><b> Facebook<\/b><\/a><b> y en nuestro<\/b><a rel=\"noopener nofollow\" href=\"https:\/\/whatsapp.com\/channel\/0029Va4oNEALikgEL4Y8mb2K\" target=\"_blank\"><b> WhatsApp Channel<\/b><\/a><\/p>\n<p class=\"paragraph\">La reacci\u00f3n en el mundo del ciclismo no se hizo esperar. Brian Holm, ex director deportivo de Gaviria en Quick-Step entre 2016 y 2018, manifest\u00f3 su falta de sorpresa ante el suceso. En declaraciones al podcast Caf\u00e9 Eddy, Holm afirm\u00f3:<b> \u201cSi tuviera que se\u00f1alar a un ciclista al que pillar\u00edan conduciendo bajo los efectos del alcohol en M\u00f3naco, probablemente habr\u00eda dicho Gaviria\u201d.<\/b><\/p>\n<p><img alt=\"Fernando Gaviria compiti\u00f3 con el\" class=\"global-image\" decoding=\"async\" fetchpriority=\"low\" height=\"531\" loading=\"lazy\" src=\"https:\/\/www.europesays.com\/es\/wp-content\/uploads\/2025\/12\/2LWZQP2UJBGKPFRGWD3UCDODLQ.jpg\" width=\"800\"\/>Fernando Gaviria compiti\u00f3 con el Quick Step entre el 2015 y 2018 &#8211; cr\u00e9dito Benoit Tessier\/REUTERS<\/p>\n<p class=\"paragraph\">El dan\u00e9s, que fue testigo de la etapa m\u00e1s exitosa del colombiano \u2014con 34 de sus 52 victorias logradas bajo la direcci\u00f3n de Patrick Lefevere en Quick-Step, incluyendo etapas en el Giro d\u2019Italia y el Tour de France\u2014, lament\u00f3 el rumbo de la carrera de Gaviria: \u201c\u00bfPor qu\u00e9 no me sorprende tanto? Sin duda, uno de los mayores talentos con los que he trabajado: un don divino para la bici, y tambi\u00e9n el ciclista m\u00e1s perezoso que he conocido. Me cae muy bien, pero por Dios, Fernando, \u00bfes necesario?\u201d<\/p>\n<p class=\"paragraph\">Holm, actualmente retirado y analista en medios daneses, ya hab\u00eda expresado cr\u00edticas similares hacia otros ciclistas, como Oier Lazkano. La condena y las declaraciones de su exdirector deportivo a\u00f1aden presi\u00f3n sobre Gaviria, que buscar\u00e1 relanzar su trayectoria profesional en Caja Rural tras un a\u00f1o marcado por la pol\u00e9mica y el bajo rendimiento deportivo.<\/p>\n<p><img alt=\"Fernando Gaviria es profesional desde\" class=\"global-image\" decoding=\"async\" fetchpriority=\"low\" height=\"1269\" loading=\"lazy\" src=\"https:\/\/www.europesays.com\/es\/wp-content\/uploads\/2025\/12\/Y5PQMTDUKRAEJOIBNMNURSD454.jpg\" width=\"1920\"\/>Fernando Gaviria es profesional desde 2013 cuando debut\u00f3 con el equipo Colombia-Coldeportes &#8211; cr\u00e9dito Dario Belingheri\/Movistar Team<\/p>\n<p class=\"paragraph\">Durante el juicio, Gaviria reconoci\u00f3 su responsabilidad y explic\u00f3: \u201cDorm\u00ed un par de horas antes de salir. Sent\u00ed que pod\u00eda tomar el coche. En retrospectiva, no fue as\u00ed. Fue un error m\u00edo, no lo volver\u00e9 a hacer\u201d, justificando su conducta por \u201cestr\u00e9s laboral y problemas familiares\u201d. El juez le pregunt\u00f3 si ese comportamiento era compatible con la vida de un deportista profesional, a lo que Gaviria respondi\u00f3: \u201cNo, no lo es. No es normal, lo s\u00e9\u201d.<\/p>\n<p class=\"paragraph\">El control policial se produjo a las 1:15 p. m., en plena luz del d\u00eda y con tr\u00e1fico intenso, cuando agentes observaron que Gaviria realizaba maniobras peligrosas en la rotonda de Cant\u00f3n, como no ceder el paso, cruzar una l\u00ednea continua y circular brevemente en sentido contrario. <b>La prueba de alcoholemia arroj\u00f3 1,18 mg por litro de aire exhalado, lo que equivale a aproximadamente 2,40 g de alcohol por litro de sangre<\/b>. El l\u00edmite legal en M\u00f3naco es de 0,25 mg por litro de aire, por lo que el ciclista casi quintuplicaba el m\u00e1ximo permitido.<\/p>\n<p><img alt=\"Caja Rural anunci\u00f3 la llegada\" class=\"global-image\" decoding=\"async\" fetchpriority=\"low\" height=\"1350\" loading=\"lazy\" src=\"https:\/\/www.europesays.com\/es\/wp-content\/uploads\/2025\/12\/SXGBPDPSRNE5XINOSLWZIVH3AA.jpg\" width=\"1080\"\/>Caja Rural anunci\u00f3 la llegada de Fernando Gaviria a su equipo &#8211; cr\u00e9dito Caja Rural<\/p>\n<p class=\"paragraph\">El colombiano Fernando Gaviria se incorporar\u00e1 la pr\u00f3xima temporada al Caja Rural-Seguros RGA, tras una carrera en la que ha sumado m\u00e1s de 50 victorias como profesional y ha destacado en las principales pruebas por etapas del ciclismo internacional.<\/p>\n<p class=\"paragraph\">El equipo espa\u00f1ol apuesta por la experiencia de Gaviria, que llega tras una d\u00e9cada en equipos WorldTour y con un palmar\u00e9s que incluye dos triunfos de etapa en el Tour de Francia y cinco en el Giro de Italia, donde tambi\u00e9n visti\u00f3 la maglia ciclamino.<\/p>\n<p class=\"paragraph\"><b>Su llegada refuerza el bloque de velocistas, donde compartir\u00e1 liderazgo con el portugu\u00e9s I\u00fari Leit\u00e3o<\/b>, con el objetivo de aumentar la presencia del equipo en las llegadas masivas y sumar puntos UCI, fundamentales para asegurar la participaci\u00f3n en las grandes vueltas.<\/p>\n<p class=\"paragraph\">El propio Fernando Gaviria explic\u00f3 su motivaci\u00f3n para unirse al conjunto espa\u00f1ol: \u201cLo que m\u00e1s me motiv\u00f3 a unirme a Caja Rural\u2013Seguros RGA fue la conversaci\u00f3n que mantuve con ellos, en la que percib\u00ed una gran ilusi\u00f3n por mi incorporaci\u00f3n. <b>Me pareci\u00f3 una oportunidad muy interesante y conf\u00edo en dar lo mejor de m\u00ed\u201d. <\/b><\/p>\n","protected":false},"excerpt":{"rendered":"Fernando Gaviria es el colombiano con m\u00e1s victorias de etapa en el Giro de Italia (5) &#8211; cr\u00e9dito&hellip;\n","protected":false},"author":2,"featured_media":277806,"comment_status":"","ping_status":"","sticky":false,"template":"","format":"standard","meta":{"footnotes":""},"categories":[273],"tags":[313,312,168,25,24,406,23,167],"class_list":{"0":"post-277805","1":"post","2":"type-post","3":"status-publish","4":"format-standard","5":"has-post-thumbnail","7":"category-ciclismo","8":"tag-ciclismo","9":"tag-cycling","10":"tag-deportes","11":"tag-es","12":"tag-espana","13":"tag-europe","14":"tag-spain","15":"tag-sports"},"share_on_mastodon":{"url":"https:\/\/pubeurope.com\/@es\/115684529399105522","error":""},"_links":{"self":[{"href":"https:\/\/www.europesays.com\/es\/wp-json\/wp\/v2\/posts\/277805","targetHints":{"allow":["GET"]}}],"collection":[{"href":"https:\/\/www.europesays.com\/es\/wp-json\/wp\/v2\/posts"}],"about":[{"href":"https:\/\/www.europesays.com\/es\/wp-json\/wp\/v2\/types\/post"}],"author":[{"embeddable":true,"href":"https:\/\/www.europesays.com\/es\/wp-json\/wp\/v2\/users\/2"}],"replies":[{"embeddable":true,"href":"https:\/\/www.europesays.com\/es\/wp-json\/wp\/v2\/comments?post=277805"}],"version-history":[{"count":0,"href":"https:\/\/www.europesays.com\/es\/wp-json\/wp\/v2\/posts\/277805\/revisions"}],"wp:featuredmedia":[{"embeddable":true,"href":"https:\/\/www.europesays.com\/es\/wp-json\/wp\/v2\/media\/277806"}],"wp:attachment":[{"href":"https:\/\/www.europesays.com\/es\/wp-json\/wp\/v2\/media?parent=277805"}],"wp:term":[{"taxonomy":"category","embeddable":true,"href":"https:\/\/www.europesays.com\/es\/wp-json\/wp\/v2\/categories?post=277805"},{"taxonomy":"post_tag","embeddable":true,"href":"https:\/\/www.europesays.com\/es\/wp-json\/wp\/v2\/tags?post=277805"}],"curies":[{"name":"wp","href":"https:\/\/api.w.org\/{rel}","templated":true}]}}