{"id":277807,"date":"2025-12-08T14:57:11","date_gmt":"2025-12-08T14:57:11","guid":{"rendered":"https:\/\/www.europesays.com\/es\/277807\/"},"modified":"2025-12-08T14:57:11","modified_gmt":"2025-12-08T14:57:11","slug":"un-video-sobre-el-que-te-tocara-la-fibra","status":"publish","type":"post","link":"https:\/\/www.europesays.com\/es\/277807\/","title":{"rendered":"un v\u00eddeo sobre \u00e9l que te tocar\u00e1 la fibra"},"content":{"rendered":"<p><strong>Delibasic<\/strong> se fue un 8 de diciembre- Ya s\u00e9 que no dej\u00f3 una huella tan potente en la sociedad espa\u00f1ola pero analizando su juego, tambi\u00e9n merece un gran homenaje.Mi edad no me di\u00f3 para conocer como jugaba, apenas para saber qui\u00e9n era y no olvidar su nombre.Sinceramente as\u00ed era hasta que <a href=\"https:\/\/www.youtube.com\/watch?v=iaxRcsqj410\" rel=\"nofollow noopener\" target=\"_blank\">y\u00e9ndome a cortar partidos de Fernando Mart\u00edn<\/a> \u00abpre Los \u00c1ngeles 84\u00bb qued\u00e9 maravillado con la forma de entender el basket de Delibasic.No se me ocurren m\u00e1s que t\u00f3picos manidos, poes\u00eda en movimiento, plasticidad exquisita, coordinaci\u00f3n superlativa\u2026<\/p>\n<p><strong>Mirza me ha tocado en la fibra baloncest\u00edstica porque no solo era un tirador y anotador de much\u00edsimo nivel<\/strong>, de una estirpe legendaria (Dalipagic,Kikanovic) sino que aun\u00f3 otra gran cualidad que es muy extra\u00f1o de ver en jugadores tan resolutivos en la producci\u00f3n anotadora, el pase en su versi\u00f3n m\u00e1s bella. Jugador de <strong>1.97, con brazos largos y hombros muy flexibles,<\/strong> le hac\u00edan participar de escolta generalmente pero con muchas cualidades y mando en plaza para subir la pelota y mandar como base. Pasaba tras bote como nadie en Europa a finales de los 70, cruzaba la cancha con pases imposibles que dejaban la grada con una sensaci\u00f3n de sorpresa y alucinaci\u00f3n. <strong>Pases despu\u00e9s de salto, por detr\u00e1s de la espalda con la izquierda en contraataque, alimentando a qui\u00e9n se moviera sn bal\u00f3n con objeto de quedarse solo<\/strong> cerca de canasta. Mucha creatividad y eficacia. Insisto que el tirador se hace buen pasador eficiente a lo largo de los a\u00f1os, cuando ya son veteranos por los espacios que genera su amenaza, pero es espectacular encontrar rarezas tipo Pete Maravich que tienen la anotaci\u00f3n compulsiva y el gusto por compartir el bal\u00f3n de ese modo tan precioso. Hacer un uso as\u00ed de su propio cuerpo para manejar el bal\u00f3n con esa soltura. <strong>Y sin v\u00eddeo que te ayude, porque tras Magic Johnson, la inspiraci\u00f3n ha sido m\u00e1s sencilla<\/strong> pero previamente a los 80\u2026<\/p>\n<p>Fue Campe\u00f3n de todo, Europa de selecciones dos veces, de Europa de clubes con el Bosna Sarajevo, Ol\u00edmpico con Yugoslavia en el 80 y campe\u00f3n del mundo en el 78,Campe\u00f3n de la Liga espa\u00f1ola con el Real Madrid. Siempre estuvo a disposici\u00f3n de lo que necesitara su equipo. Cuando lleg\u00f3 a Madrid se encuentra con un base de mucha jerarqu\u00eda y juega m\u00e1s de dos o para dar descanso a Corbal\u00e1n en una \u00e9poca en la que el titular de cada posici\u00f3n no descansaba. A\u00fan as\u00ed pudo poner el bal\u00f3n en la carrera de <strong>Iturriaga<\/strong>, en los Fernandos que jugaban de p\u00edvot, incluso hab\u00eda veces que lo pod\u00eda en la grada porque no era f\u00e1cil leer el juego a la velocidad que \u00e9l lo hac\u00eda .Much\u00edsimos recursos t\u00e9cnicos, much\u00edsima clase. Un jugador que ha sido m\u00e1s conocido por su triste devenir tras dejar el Real Madrid (enfermedades,guerra civil balc\u00e1nica) pero que su juego fue brillant\u00edsimo durante la parte final de los 70 y los primeros 80.<\/p>\n<p>Toda esa historia la pod\u00e9is encontrar en otros art\u00edculos sobre Mirza Delibasic, <strong>yo aqu\u00ed solo quer\u00eda pasarle un pa\u00f1o a su juego y ponerlo en un lugar que a los aficionados que quieran, puedan maravillarse<\/strong> de primeras o regresar a un recuerdo formidable.Por encima de banderas.<\/p>\n<p>Mirza tambi\u00e9n merece un v\u00eddeo.<\/p>\n<p>\u00a0<\/p>\n<p><img decoding=\"async\" src=\"https:\/\/www.europesays.com\/es\/wp-content\/uploads\/2025\/12\/1765205831_608_mtracking.gif\" alt=\"Etiquetas de Mautic\" style=\"display:none;\"\/><\/p>\n","protected":false},"excerpt":{"rendered":"Delibasic se fue un 8 de diciembre- Ya s\u00e9 que no dej\u00f3 una huella tan potente en la&hellip;\n","protected":false},"author":2,"featured_media":277808,"comment_status":"","ping_status":"","sticky":false,"template":"","format":"standard","meta":{"footnotes":""},"categories":[269],"tags":[299,298,168,25,24,67613,23,167,27218],"class_list":{"0":"post-277807","1":"post","2":"type-post","3":"status-publish","4":"format-standard","5":"has-post-thumbnail","7":"category-baloncesto","8":"tag-baloncesto","9":"tag-basketball","10":"tag-deportes","11":"tag-es","12":"tag-espana","13":"tag-mirza-delibasic","14":"tag-spain","15":"tag-sports","16":"tag-vintage"},"share_on_mastodon":{"url":"https:\/\/pubeurope.com\/@es\/115684537474371246","error":""},"_links":{"self":[{"href":"https:\/\/www.europesays.com\/es\/wp-json\/wp\/v2\/posts\/277807","targetHints":{"allow":["GET"]}}],"collection":[{"href":"https:\/\/www.europesays.com\/es\/wp-json\/wp\/v2\/posts"}],"about":[{"href":"https:\/\/www.europesays.com\/es\/wp-json\/wp\/v2\/types\/post"}],"author":[{"embeddable":true,"href":"https:\/\/www.europesays.com\/es\/wp-json\/wp\/v2\/users\/2"}],"replies":[{"embeddable":true,"href":"https:\/\/www.europesays.com\/es\/wp-json\/wp\/v2\/comments?post=277807"}],"version-history":[{"count":0,"href":"https:\/\/www.europesays.com\/es\/wp-json\/wp\/v2\/posts\/277807\/revisions"}],"wp:featuredmedia":[{"embeddable":true,"href":"https:\/\/www.europesays.com\/es\/wp-json\/wp\/v2\/media\/277808"}],"wp:attachment":[{"href":"https:\/\/www.europesays.com\/es\/wp-json\/wp\/v2\/media?parent=277807"}],"wp:term":[{"taxonomy":"category","embeddable":true,"href":"https:\/\/www.europesays.com\/es\/wp-json\/wp\/v2\/categories?post=277807"},{"taxonomy":"post_tag","embeddable":true,"href":"https:\/\/www.europesays.com\/es\/wp-json\/wp\/v2\/tags?post=277807"}],"curies":[{"name":"wp","href":"https:\/\/api.w.org\/{rel}","templated":true}]}}