{"id":277815,"date":"2025-12-08T15:03:09","date_gmt":"2025-12-08T15:03:09","guid":{"rendered":"https:\/\/www.europesays.com\/es\/277815\/"},"modified":"2025-12-08T15:03:09","modified_gmt":"2025-12-08T15:03:09","slug":"miley-cyrus-de-la-reconstruccion-al-equilibrio","status":"publish","type":"post","link":"https:\/\/www.europesays.com\/es\/277815\/","title":{"rendered":"Miley Cyrus, de la reconstrucci\u00f3n al equilibrio"},"content":{"rendered":"<p class=\"v-mdl-ath__p v-mdl-ath__p--6\">\nLunes, 8 de diciembre 2025, 15:09<\/p>\n<p>| Actualizado 15:22h.<\/p>\n<p class=\"v-p\">Miley Cyrus ha confirmado su compromiso con el m\u00fasico Maxx Morando, con quien mantiene una relaci\u00f3n desde hace cuatro a\u00f1os. La propuesta la tom\u00f3 completamente por sorpresa durante un viaje a Asia, seg\u00fan confes\u00f3 en &#8216;Good Morning America&#8217;, despu\u00e9s de que el anillo de oro y diamantes que luci\u00f3 en el estreno de Avatar 3 desatara todos los rumores. La cantante ha encontrado en su pareja un apoyo incondicional que ha favorecido lo que ella define como su \u00abdr\u00e1stico crecimiento\u00bb y le ha proporcionado serenidad.<\/p>\n<p class=\"v-p\">Antes de llegar aqu\u00ed, son muchas las veces que hemos visto a Miley Cyrus reconstruirse en todas sus facetas, tanto en la m\u00fasica como en la vida y en el amor. Una de sus transformaciones m\u00e1s comentadas fue la transici\u00f3n de ni\u00f1a Disney a mujer. Conocida inicialmente como la divertida y c\u00e1ndida protagonista de &#8216;Hannah Montana&#8217;, la serie de Disney Channel que la convirti\u00f3 en un fen\u00f3meno global, creci\u00f3 bajo el escrutinio p\u00fablico y la presi\u00f3n profesional. \u00abCuando ten\u00eda 12 a\u00f1os, no iba a fiestas de pijamas porque ten\u00eda que trabajar al d\u00eda siguiente. Eso no es normal\u00bb, record\u00f3 en una entrevista.<\/p>\n<p class=\"v-p\">Aquella situaci\u00f3n le provoc\u00f3 problemas de acoso escolar y deriv\u00f3 en una depresi\u00f3n. Al llegar a la edad adulta, la artista decidi\u00f3 romper de forma radical con su imagen infantil, reivindicando su autonom\u00eda personal mediante la experimentaci\u00f3n musical, pero tambi\u00e9n a trav\u00e9s de la provocaci\u00f3n en sus gestos y su indumentaria. Una evoluci\u00f3n que gener\u00f3 controversia, pero que tambi\u00e9n llev\u00f3 a especialistas musicales a compararla con figuras como David Bowie o Madonna.<\/p>\n<p class=\"v-p\">Su contacto con las drogas lleg\u00f3 muy temprano, cuando a\u00fan frecuentaba los sets de rodaje de &#8216;Hannah Montana&#8217;. En varias ocasiones ha confesado su consumo de coca\u00edna y ha defendido el de marihuana frente al alcohol: \u00abCreo que el alcohol es mucho m\u00e1s peligroso que la marihuana. He visto a mucha gente entrar en una espiral con el alcohol, pero nunca he visto que pase eso con la marihuana\u00bb.<\/p>\n<p class=\"v-p\">Su esfuerzo por abandonar los malos h\u00e1bitos tambi\u00e9n ha sido p\u00fablico, incluidas reca\u00eddas que no ha ocultado a sus seguidores. En 2017 inici\u00f3 un proceso de alejamiento de las drogas y el alcohol, hasta que en 2020 cont\u00f3 que hab\u00eda comenzado una vida \u00absobria\u00bb y \u00absaludable\u00bb despu\u00e9s de someterse a una operaci\u00f3n en las cuerdas vocales. \u00abHa sido muy importante para m\u00ed durante el \u00faltimo a\u00f1o vivir un estilo de vida sobrio porque realmente quer\u00eda pulir mi oficio\u00bb, explic\u00f3 entonces.<\/p>\n<p class=\"v-p\">Liam Hemsworth tambi\u00e9n influy\u00f3 en esa etapa, ya que fuentes cercanas a Cyrus se\u00f1alaron el consumo excesivo de alcohol y \u00abciertas sustancias\u00bb por parte del actor como una de las causas de la ruptura en agosto de 2019, ocho meses despu\u00e9s de su boda en las navidades de 2018 y tras una d\u00e9cada de relaci\u00f3n.<\/p>\n<p class=\"v-p\">Tras aquel divorcio, la cantante tuvo que reconstruirse por partida doble, porque adem\u00e1s de perder el amor, perdi\u00f3 su casa de Malib\u00fa y todos sus recuerdos en el terrible incendio de noviembre de 2018. La propia artista explic\u00f3 que la boda con Hemsworth respondi\u00f3, en parte, al deseo de aferrarse a lo que quedaba. \u00abNo paraba de preguntarme qu\u00e9 prop\u00f3sito hab\u00eda detr\u00e1s de esa destrucci\u00f3n. As\u00ed que, en lugar de avanzar y comenzar de nuevo, me aferr\u00e9 a lo que quedaba de esa casa, que \u00e9ramos Liam y yo\u00bb, relat\u00f3. \u00abLo amar\u00e9 toda mi vida. Siempre lo har\u00e9. Pero despu\u00e9s del incendio hubo demasiado conflicto entre nosotros, y yo, cuando llego a casa, quiero tener al lado a alguien que me ancle. No me gustan el drama ni las peleas\u00bb, subray\u00f3.<\/p>\n<p class=\"v-p\">De aquella devastaci\u00f3n volvi\u00f3 a renacer con &#8216;Flowers&#8217;, una canci\u00f3n de empoderamiento y amor propio que refleja su proceso de duelo y superaci\u00f3n. Para entonces ya estaba a su lado Maxx Morando, bater\u00eda del grupo de rock Liily, a quien conoci\u00f3 en 2021 en una cita a ciegas.<\/p>\n<p class=\"v-p\">Hace unos d\u00edas, Cyrus pos\u00f3 junto a su novio en la alfombra roja del estreno de &#8216;Avatar: Fire and Ash&#8217; en Los \u00c1ngeles. De pie ante los fot\u00f3grafos, la cantante coloc\u00f3 su mano sobre el pecho de su pareja, dejando a la vista su nuevo anillo con un espectacular diamante de talla coj\u00edn engastado en una banda gruesa de oro amarillo de 14 quilates. Una joya dise\u00f1ada por la firma Jacquie Aiche con la que, sin decir una palabra, gritaba a los cuatro vientos su compromiso.<\/p>\n<p>Reporta un error<\/p>\n","protected":false},"excerpt":{"rendered":"Lunes, 8 de diciembre 2025, 15:09 | Actualizado 15:22h. Miley Cyrus ha confirmado su compromiso con el m\u00fasico&hellip;\n","protected":false},"author":2,"featured_media":277816,"comment_status":"","ping_status":"","sticky":false,"template":"","format":"standard","meta":{"footnotes":""},"categories":[170],"tags":[25386,146,147,8427,25,24,25385,184,185,10209,23],"class_list":{"0":"post-277815","1":"post","2":"type-post","3":"status-publish","4":"format-standard","5":"has-post-thumbnail","7":"category-musica","8":"tag-cyrus","9":"tag-entertainment","10":"tag-entretenimiento","11":"tag-equilibrio","12":"tag-es","13":"tag-espana","14":"tag-miley","15":"tag-music","16":"tag-musica","17":"tag-reconstruccion","18":"tag-spain"},"share_on_mastodon":{"url":"https:\/\/pubeurope.com\/@es\/115684560288476961","error":""},"_links":{"self":[{"href":"https:\/\/www.europesays.com\/es\/wp-json\/wp\/v2\/posts\/277815","targetHints":{"allow":["GET"]}}],"collection":[{"href":"https:\/\/www.europesays.com\/es\/wp-json\/wp\/v2\/posts"}],"about":[{"href":"https:\/\/www.europesays.com\/es\/wp-json\/wp\/v2\/types\/post"}],"author":[{"embeddable":true,"href":"https:\/\/www.europesays.com\/es\/wp-json\/wp\/v2\/users\/2"}],"replies":[{"embeddable":true,"href":"https:\/\/www.europesays.com\/es\/wp-json\/wp\/v2\/comments?post=277815"}],"version-history":[{"count":0,"href":"https:\/\/www.europesays.com\/es\/wp-json\/wp\/v2\/posts\/277815\/revisions"}],"wp:featuredmedia":[{"embeddable":true,"href":"https:\/\/www.europesays.com\/es\/wp-json\/wp\/v2\/media\/277816"}],"wp:attachment":[{"href":"https:\/\/www.europesays.com\/es\/wp-json\/wp\/v2\/media?parent=277815"}],"wp:term":[{"taxonomy":"category","embeddable":true,"href":"https:\/\/www.europesays.com\/es\/wp-json\/wp\/v2\/categories?post=277815"},{"taxonomy":"post_tag","embeddable":true,"href":"https:\/\/www.europesays.com\/es\/wp-json\/wp\/v2\/tags?post=277815"}],"curies":[{"name":"wp","href":"https:\/\/api.w.org\/{rel}","templated":true}]}}