{"id":277827,"date":"2025-12-08T15:10:13","date_gmt":"2025-12-08T15:10:13","guid":{"rendered":"https:\/\/www.europesays.com\/es\/277827\/"},"modified":"2025-12-08T15:10:13","modified_gmt":"2025-12-08T15:10:13","slug":"paises-de-la-ue-aprueban-endurecer-politica-migratoria-dw-08-12-2025","status":"publish","type":"post","link":"https:\/\/www.europesays.com\/es\/277827\/","title":{"rendered":"Pa\u00edses de la UE aprueban endurecer pol\u00edtica migratoria \u2013 DW \u2013 08\/12\/2025"},"content":{"rendered":"<p>Los pa\u00edses miembros de la <a class=\"internal-link\" href=\"https:\/\/www.dw.com\/es\/uni\u00f3n-europea\/t-17410587\" rel=\"nofollow noopener\" target=\"_blank\">Uni\u00f3n Europea<\/a> aprobaron este lunes (8.12.2025) un endurecimiento de las normas migratorias que permitir\u00e1n la creaci\u00f3n de \u00abcentros de retornos\u00bb fuera del bloque para los solicitantes de asilo cuyas demandas hayan sido rechazadas.<\/p>\n<p>Los Estados de la UE llegaron a un acuerdo sobre dos propuestas legislativas relativas a los terceros\u00a0<a class=\"internal-link\" href=\"https:\/\/www.dw.com\/es\/migraci\u00f3n-el-problema-de-alemania-con-los-terceros-pa\u00edses-seguros\/a-73553076\" rel=\"nofollow noopener\" target=\"_blank\">\u00abpa\u00edses seguros\u00bb<\/a>, dirigidas a acelerar los retornos de los migrantes que no tienen posibilidades de ver admitida su solicitud de asilo en territorio comunitario.<\/p>\n<p>Reunidos en Bruselas, los ministros de Interior de los 27 Estados miembros dieron luz verde a las medidas presentadas por el brazo ejecutivo del bloque, <a class=\"internal-link\" href=\"https:\/\/www.dw.com\/es\/comisi\u00f3n-europea\/t-36866603\" rel=\"nofollow noopener\" target=\"_blank\">la Comisi\u00f3n Europea<\/a>,\u00a0en un contexto de auge de los partidos que reclaman reducir la <a class=\"internal-link\" href=\"https:\/\/www.dw.com\/es\/migraci\u00f3n\/t-17412624\" rel=\"nofollow noopener\" target=\"_blank\">migraci\u00f3n<\/a>.<\/p>\n<p>Adem\u00e1s de la apertura de centros fuera de las fronteras de la UE donde se enviar\u00eda a los migrantes cuya solicitud de asilo haya sido rechazada, el paquete contempla sanciones m\u00e1s severas contra quienes se nieguen a abandonar el territorio europeo.<br \/>El paquete debe ser aprobado por el\u00a0<a class=\"internal-link\" href=\"https:\/\/www.dw.com\/es\/parlamento-europeo\/t-17409838\" rel=\"nofollow noopener\" target=\"_blank\">Parlamento Europeo<\/a> antes de entrar en vigor.<\/p>\n<p><img data-format=\"MASTER_LANDSCAPE\" data-id=\"70286954\" data-url=\"https:\/\/static.dw.com\/image\/70286954_${formatId}.jpg\" data-aspect-ratio=\"16\/9\" alt=\"Mujeres, ni\u00f1os y hombres en un centro de primera acogida de migrantes en Gie\u00dfen, Alemania.\" style=\"padding-bottom: 56.25%; height: 0; max-height: 0;\"\/>Un centro de primera acogida de migrantes en Gie\u00dfen, Alemania.Imagen: Boris Roessler\/dpa\/picture alliance<\/p>\n<p>Nuevo reglamento y primera lista de \u00abpa\u00edses seguros\u00bb<\/p>\n<p>Los Estados de la UE llegaron a un acuerdo sobre dos propuestas legislativas relativas a los \u00abpa\u00edses seguros\u00bb, dirigidas a acelerar los retornos de los migrantes que no tienen posibilidades de ver admitida su solicitud de asilo en territorio comunitario.<\/p>\n<p>Por un lado, acordaron un nuevo reglamento que revisa el concepto de tercer pa\u00eds seguro para ampliar las circunstancias en las que una solicitud de asilo puede ser rechazada por inadmisible. En particular, no exige de manera obligatoria que exista una \u00abconexi\u00f3n\u00bb con el pa\u00eds para poder devolver a un migrante.<\/p>\n<p>Por otro, dieron luz verde a la primera lista de pa\u00edses de origen considerados \u00abseguros\u00bb, que adem\u00e1s de Marruecos y Colombia, incluye a Bangladesh, Egipto, India, Kosovo y T\u00fanez, as\u00ed como, en principio tambi\u00e9n a los pa\u00edses candidatos a la adhesi\u00f3n a la UE.<\/p>\n<p>El acuerdo logrado hoy sobre ambas propuestas supone la posici\u00f3n del Consejo con vistas a la futura negociaci\u00f3n con el Parlamento Europeo.<\/p>\n<p>\u00abEstas nuevas leyes de migraci\u00f3n de la UE tienen como objetivo establecer procedimientos de asilo m\u00e1s r\u00e1pidos y eficaces para quienes no deber\u00edan recibir protecci\u00f3n dentro de la UE\u00bb, dijo el Consejo (pa\u00edses de la UE) tras la votaci\u00f3n.<\/p>\n<p>Por su parte, el comisario europeo de Interior, Magnus Brunner, indic\u00f3 que estas medidas \u00abayudar\u00e1n a procesar las solicitudes de manera m\u00e1s efectiva y reducir\u00e1n presi\u00f3n sobre los sistemas de asilo\u00bb.<\/p>\n<p>Espa\u00f1a vot\u00f3 en contra de la normativa sobre el concepto de tercer pa\u00eds seguro, al igual que Francia y Portugal.<\/p>\n<p>Francia tambi\u00e9n apoy\u00f3 a Espa\u00f1a en el rechazo a que no haya una obligaci\u00f3n de notificar a otros Estados miembros sobre los acuerdos que se concluyan con terceros pa\u00edses a efectos de llevar a cabo retornos y pidi\u00f3 que no haya una financiaci\u00f3n europea de los acuerdos bilaterales con terceros pa\u00edses en ese \u00e1mbito.<\/p>\n<p>Sin embargo, Alemania apoy\u00f3 la propuesta porque \u00abda un marco mucho m\u00e1s pragm\u00e1tico que respeta nuestras obligaciones internacionales\u00bb.\u00a0<\/p>\n<p>Alemania: Merz aviva el debate sobre la migraci\u00f3n <video id=\"video-74669484\" controls=\"\" playsinline=\"\" preload=\"none\" poster=\"data:image\/png;base64,iVBORw0KGgoAAAANSUhEUgAAAAEAAAABCAQAAAC1HAwCAAAAC0lEQVR42mNkYAAAAAYAAjCB0C8AAAAASUVORK5CYII=\" data-id=\"74669484\" data-posterurl=\"https:\/\/static.dw.com\/image\/71730995_605.webp\" data-duration=\"03:19\"><\/p>\n<p class=\"vjs-no-js\">To view this video please enable JavaScript, and consider upgrading to a web browser that <a href=\"https:\/\/videojs.com\/html5-video-support\/\" target=\"_blank\" rel=\"nofollow noopener\">supports HTML5 video<\/a><\/p>\n<p><\/video><\/p>\n<p>Cr\u00edticas de organizaciones de derechos humanos<\/p>\n<p>Las propuestas han desatado la indignaci\u00f3n de la izquierda y de las organizaciones que defienden a los exiliados, quienes denuncian que se trata de medidas que vulneran los derechos humanos.<\/p>\n<p>\u00abEn lugar de invertir en <a class=\"internal-link\" href=\"https:\/\/www.dw.com\/es\/pacto-mundial-para-la-migraci\u00f3n\/t-46115623\" rel=\"nofollow noopener\" target=\"_blank\">seguridad, protecci\u00f3n e inclusi\u00f3n<\/a>, la UE opta por pol\u00edticas que expondr\u00e1n a m\u00e1s personas al peligro y a la inseguridad jur\u00eddica\u00bb, advirti\u00f3 Silvia Carta, de PICUM, una ONG que trabaja en la defensa de los migrantes en situaci\u00f3n irregular.<\/p>\n<p>Bajo el impulso de Dinamarca, que ejerce la presidencia rotatoria de la UE y lleva tiempo defendiendo estas medidas, los Estados miembros avanzan con determinaci\u00f3n.<\/p>\n<p>Concepto de tercer pa\u00eds seguro\u00a0<\/p>\n<p>El concepto de tercer pa\u00eds seguro permite a los Estados miembros de la UE rechazar una solicitud de asilo por inadmisible (es decir, sin examinar su contenido) cuando los solicitantes de asilo podr\u00edan haber buscado y, de ser elegibles, recibido protecci\u00f3n internacional en un pa\u00eds no perteneciente a la UE que se considere seguro para ellos.<\/p>\n<p>Los Estados miembros podr\u00e1n aplicar el concepto de tercer pa\u00eds seguro sobre la base de las tres opciones, empezando por la existencia de una conexi\u00f3n entre el solicitante de asilo y el tercer pa\u00eds. Sin embargo, esta conexi\u00f3n ya no ser\u00e1 un criterio obligatorio para utilizar el concepto de tercer pa\u00eds seguro.<\/p>\n<p>Otra opci\u00f3n ser\u00e1 que el solicitante haya transitado por el tercer pa\u00eds antes de llegar a la UE y la tercera es cuando existe un acuerdo con un tercer pa\u00eds seguro que garantice que la solicitud de asilo de una persona se examinar\u00e1 en el pa\u00eds no perteneciente a la UE.\u00a0<\/p>\n<p>No ser\u00e1 posible aplicar el concepto de tercer pa\u00eds seguro sobre la base de un acuerdo o convenio en el caso de menores no acompa\u00f1ados.<\/p>\n<p>Adem\u00e1s, un solicitante que recurra una decisi\u00f3n de inadmisibilidad basada en el concepto de tercer pa\u00eds seguro ya no tendr\u00e1 derecho autom\u00e1tico a permanecer en la UE mientras dure el proceso, aunque seguir\u00e1 vigente su derecho a solicitar a un tribunal el derecho a permanecer.<\/p>\n<p>Lista de pa\u00edses de origen seguros\u00a0<\/p>\n<p>La primera lista de pa\u00edses seguros \u00abcontribuir\u00e1 a crear procedimientos de asilo m\u00e1s r\u00e1pidos y eficientes, as\u00ed como al retorno de quienes no necesitan protecci\u00f3n\u00bb<\/p>\n<p>El Consejo acord\u00f3 que, aparte de Marruecos y Colombia, incluye a Bangladesh, Egipto, India, Kosovo y T\u00fanez, los pa\u00edses candidatos a la adhesi\u00f3n a la UE tambi\u00e9n ser\u00e1n designados como pa\u00edses de origen seguros, a menos que exista un conflicto armado internacional o interno en el pa\u00eds.<\/p>\n<p>La Comisi\u00f3n deber\u00e1 supervisar la situaci\u00f3n en los pa\u00edses candidatos a la adhesi\u00f3n e informar a los Estados miembros cuando alguna de estas excepciones se aplique o deje de aplicarse.<\/p>\n<p>Tambi\u00e9n se acord\u00f3 permitir a Bruselas suspender la designaci\u00f3n de un pa\u00eds de origen seguro para todo el pa\u00eds o solo para partes de su territorio o poblaci\u00f3n, cuando est\u00e9 debidamente justificado.<\/p>\n<p>CP (afp, efe, dpa)<\/p>\n","protected":false},"excerpt":{"rendered":"Los pa\u00edses miembros de la Uni\u00f3n Europea aprobaron este lunes (8.12.2025) un endurecimiento de las normas migratorias que&hellip;\n","protected":false},"author":2,"featured_media":277828,"comment_status":"","ping_status":"","sticky":false,"template":"","format":"standard","meta":{"footnotes":""},"categories":[42],"tags":[17,18,13,14,11,61,62,63,64,19,20,9,10,15,16,12,21,22,65,66,67],"class_list":{"0":"post-277827","1":"post","2":"type-post","3":"status-publish","4":"format-standard","5":"has-post-thumbnail","7":"category-internacional","8":"tag-breaking-news","9":"tag-breakingnews","10":"tag-featured-news","11":"tag-featurednews","12":"tag-headlines","13":"tag-internacional","14":"tag-international","15":"tag-international-news","16":"tag-internationalnews","17":"tag-latest-news","18":"tag-latestnews","19":"tag-news","20":"tag-noticias","21":"tag-noticias-destacadas","22":"tag-noticiasdestacadas","23":"tag-titulares","24":"tag-ultimas-noticias","25":"tag-ultimasnoticias","26":"tag-world","27":"tag-world-news","28":"tag-worldnews"},"share_on_mastodon":{"url":"https:\/\/pubeurope.com\/@es\/115684588039459168","error":""},"_links":{"self":[{"href":"https:\/\/www.europesays.com\/es\/wp-json\/wp\/v2\/posts\/277827","targetHints":{"allow":["GET"]}}],"collection":[{"href":"https:\/\/www.europesays.com\/es\/wp-json\/wp\/v2\/posts"}],"about":[{"href":"https:\/\/www.europesays.com\/es\/wp-json\/wp\/v2\/types\/post"}],"author":[{"embeddable":true,"href":"https:\/\/www.europesays.com\/es\/wp-json\/wp\/v2\/users\/2"}],"replies":[{"embeddable":true,"href":"https:\/\/www.europesays.com\/es\/wp-json\/wp\/v2\/comments?post=277827"}],"version-history":[{"count":0,"href":"https:\/\/www.europesays.com\/es\/wp-json\/wp\/v2\/posts\/277827\/revisions"}],"wp:featuredmedia":[{"embeddable":true,"href":"https:\/\/www.europesays.com\/es\/wp-json\/wp\/v2\/media\/277828"}],"wp:attachment":[{"href":"https:\/\/www.europesays.com\/es\/wp-json\/wp\/v2\/media?parent=277827"}],"wp:term":[{"taxonomy":"category","embeddable":true,"href":"https:\/\/www.europesays.com\/es\/wp-json\/wp\/v2\/categories?post=277827"},{"taxonomy":"post_tag","embeddable":true,"href":"https:\/\/www.europesays.com\/es\/wp-json\/wp\/v2\/tags?post=277827"}],"curies":[{"name":"wp","href":"https:\/\/api.w.org\/{rel}","templated":true}]}}