{"id":277829,"date":"2025-12-08T15:11:13","date_gmt":"2025-12-08T15:11:13","guid":{"rendered":"https:\/\/www.europesays.com\/es\/277829\/"},"modified":"2025-12-08T15:11:13","modified_gmt":"2025-12-08T15:11:13","slug":"portal-de-noticias-del-gobierno-de-canarias-362","status":"publish","type":"post","link":"https:\/\/www.europesays.com\/es\/277829\/","title":{"rendered":"Portal de Noticias del Gobierno de Canarias"},"content":{"rendered":"<p>El Gobierno de Canarias, a trav\u00e9s de la Direcci\u00f3n General de Emergencias, actualiza la situaci\u00f3n y mantiene la prealerta por fen\u00f3menos costeros en todo el archipi\u00e9lago, a partir de las 12:00 horas de hoy, lunes 8 de diciembre.\u00a0 Esta decisi\u00f3n se toma teniendo en cuenta la informaci\u00f3n facilitada por la Agencia Estatal de Meteorolog\u00eda y otras fuentes disponibles, y en aplicaci\u00f3n del Plan Espec\u00edfico de Emergencias de Canarias por Riesgos de Fen\u00f3menos Meteorol\u00f3gicos Adversos (PEFMA). <\/p>\n<p><strong>\u00c1mbito territorial:\u00a0\u00a0\u00a0<\/strong><br \/>Litoral norte de Gran Canaria y costas del norte y del oeste de El Hierro, La Palma, La Gomera, Tenerife, Fuerteventura y Lanzarote.<\/p>\n<p><strong>Observaciones:\u00a0\u00a0<\/strong><br \/>Mal estado del mar por presencia de mar de fondo. <strong>Lunes 8<\/strong>: viento de componente sur, fuerza 1 \u2013 3 (1 \u2013 20 km\/h). Mar rizada y mar de fondo del noroeste en aumento hasta los 4 m.<strong>\u00a0Oleaje de mar combinada 2,5 a 4 m.<\/strong>\u00a0Pleamar: 15:30 \u2013 16:10 h. Coeficientes de marea 68. Periodo pico de olas 18 \u2013 22 segundos. <strong>Martes 9:<\/strong> viento de componente sur que rolar\u00e1 a componente oeste durante la segunda mitad del d\u00eda, fuerza 1 \u2013 3 (1 \u2013 20 km\/h). Mar rizada con \u00e1reas locales de marejadilla en altamar entre las islas occidentales y al norte de La Palma; y mar de fondo del noroeste de 3 \u2013 4 m.\u00a0<strong>Oleaje de mar combinada 3 \u2013 4,5 m<\/strong>.\u00a0Pleamares: 03:50 \u2013 04:30 h y 16:25 \u2013 17:05 h. Coeficientes de marea 63 y 59. Per\u00edodo pico de olas 16 \u2013 18 segundos. <strong>Mi\u00e9rcoles 10:<\/strong> viento del norte y nordeste fuerza 3 \u2013 4 (12 \u2013 28 km\/h) aumentando a fuerza 5 (29 \u2013 38 km\/h) en altamar entre las islas. Marejadilla aumentando a marejada en todo el archipi\u00e9lago antes de mediod\u00eda y mar de fondo del noroeste de 2,5 \u2013 3,5 m.\u00a0<strong>Oleaje de mar combinada de 3 \u2013 3,5 m.\u00a0<\/strong>Pleamares: 04:40 \u2013 05:30 h y 17:20 \u2013 18:05 h. Coeficiente de mareas 55 y 52. Per\u00edodo pico de olas 13 \u2013 16 segundos. Una predicci\u00f3n de oleaje de mar combinada de 2,5 a 4,5 m implica que el 67% de las olas tengan una altura media de 1,6 \u2013 2,9 m; un 10% de las olas tengan una altura media de 3 \u2013 6 m; un 1% de las olas tengan una altura media de 4 \u2013 8 m y que la altura m\u00e1xima de ola podr\u00eda alcanzar los 9 m.<\/p>\n<p>Se insta a la poblaci\u00f3n a seguir los siguientes\u00a0<a href=\"https:\/\/www.gobiernodecanarias.org\/emergencias\/alertas\/consejos\/costeros\/costeros.html\" rel=\"nofollow noopener\" target=\"_blank\">consejos de autoprotecci\u00f3n\u00a0<\/a>de la Direcci\u00f3n General de Emergencias.<\/p>\n<p><a href=\"https:\/\/www3.gobiernodecanarias.org\/noticias\/wp-content\/uploads\/2025\/12\/25-12-08-Actualizacion-2-68-2025-PA-Costeros-2.pdf\" rel=\"nofollow noopener\" target=\"_blank\">25-12-08 Actualizacion 2 68 2025 PA Costeros (2)<\/a><\/p>\n","protected":false},"excerpt":{"rendered":"El Gobierno de Canarias, a trav\u00e9s de la Direcci\u00f3n General de Emergencias, actualiza la situaci\u00f3n y mantiene la&hellip;\n","protected":false},"author":2,"featured_media":248166,"comment_status":"","ping_status":"","sticky":false,"template":"","format":"standard","meta":{"footnotes":""},"categories":[8],"tags":[17,18,25,24,13,14,11,19,20,9,10,15,16,23,12,21,22],"class_list":{"0":"post-277829","1":"post","2":"type-post","3":"status-publish","4":"format-standard","5":"has-post-thumbnail","7":"category-espana","8":"tag-breaking-news","9":"tag-breakingnews","10":"tag-es","11":"tag-espana","12":"tag-featured-news","13":"tag-featurednews","14":"tag-headlines","15":"tag-latest-news","16":"tag-latestnews","17":"tag-news","18":"tag-noticias","19":"tag-noticias-destacadas","20":"tag-noticiasdestacadas","21":"tag-spain","22":"tag-titulares","23":"tag-ultimas-noticias","24":"tag-ultimasnoticias"},"share_on_mastodon":{"url":"https:\/\/pubeurope.com\/@es\/115684592036981197","error":""},"_links":{"self":[{"href":"https:\/\/www.europesays.com\/es\/wp-json\/wp\/v2\/posts\/277829","targetHints":{"allow":["GET"]}}],"collection":[{"href":"https:\/\/www.europesays.com\/es\/wp-json\/wp\/v2\/posts"}],"about":[{"href":"https:\/\/www.europesays.com\/es\/wp-json\/wp\/v2\/types\/post"}],"author":[{"embeddable":true,"href":"https:\/\/www.europesays.com\/es\/wp-json\/wp\/v2\/users\/2"}],"replies":[{"embeddable":true,"href":"https:\/\/www.europesays.com\/es\/wp-json\/wp\/v2\/comments?post=277829"}],"version-history":[{"count":0,"href":"https:\/\/www.europesays.com\/es\/wp-json\/wp\/v2\/posts\/277829\/revisions"}],"wp:featuredmedia":[{"embeddable":true,"href":"https:\/\/www.europesays.com\/es\/wp-json\/wp\/v2\/media\/248166"}],"wp:attachment":[{"href":"https:\/\/www.europesays.com\/es\/wp-json\/wp\/v2\/media?parent=277829"}],"wp:term":[{"taxonomy":"category","embeddable":true,"href":"https:\/\/www.europesays.com\/es\/wp-json\/wp\/v2\/categories?post=277829"},{"taxonomy":"post_tag","embeddable":true,"href":"https:\/\/www.europesays.com\/es\/wp-json\/wp\/v2\/tags?post=277829"}],"curies":[{"name":"wp","href":"https:\/\/api.w.org\/{rel}","templated":true}]}}