{"id":277830,"date":"2025-12-08T15:12:11","date_gmt":"2025-12-08T15:12:11","guid":{"rendered":"https:\/\/www.europesays.com\/es\/277830\/"},"modified":"2025-12-08T15:12:11","modified_gmt":"2025-12-08T15:12:11","slug":"la-ue-responde-a-trump-que-no-aceptara-una-amenaza-de-interferencia","status":"publish","type":"post","link":"https:\/\/www.europesays.com\/es\/277830\/","title":{"rendered":"La UE responde a Trump que no aceptar\u00e1 una \u00abamenaza de interferencia\u00bb"},"content":{"rendered":"<p class=\"article-text\">\n        La Uni\u00f3n Europea responde a Donald Trump. El presidente del Consejo Europeo, Ant\u00f3nio Costa, ha afirmado este lunes que la UE no va a aceptar ninguna \u201camenaza de interferencia en la vida pol\u00edtica europea\u201d, despu\u00e9s de que Estados Unidos haya publicado su nueva estrategia de seguridad, en la que critica duramente la pol\u00edtica migratoria de los pa\u00edses de la Uni\u00f3n. \u201cVeo a mucha gente intentando hacer de menos a Europa. \u00bfPor qu\u00e9? Porque la UE es fuerte. Y estamos trabajando para fortalecerla a\u00fan m\u00e1s\u201d, ha dicho este lunes.\n    <\/p>\n<p class=\"article-text\">\n        \u201cSi somos aliados, debemos actuar como aliados, y los aliados no amenazan con interferir en la vida pol\u00edtica interna de sus aliados, la respetan; no podemos aceptar esta amenaza de interferencia en la vida pol\u00edtica de Europa\u201d, ha subrayado el presidente del Consejo en la conferencia anual del Instituto Jacques Delors, en Par\u00eds.\n    <\/p>\n<p class=\"article-text\">\n        En la <a href=\"https:\/\/www.eldiario.es\/internacional\/europa-plan-desplazada-trump-mesa-respuesta-hipocrita-guerra-ucrania_129_12818724.html\" data-mrf-recirculation=\"links-noticia\" class=\"link\" rel=\"nofollow noopener\" target=\"_blank\">nueva estrategia de seguridad estadounidense<\/a>, publicada el pasado viernes, el gobierno de Trump hablaba sobre el posible \u201cfin de la civilizaci\u00f3n europea\u201d en las pr\u00f3ximas dos d\u00e9cadas debido a <a href=\"https:\/\/www.eldiario.es\/desalambre\/paises-ue-acuerdan-cambios-paises-seguros-acelerar-devolucion-migrantes_1_12828652.html\" data-mrf-recirculation=\"links-noticia\" class=\"link\" rel=\"nofollow noopener\" target=\"_blank\">\u201clas pol\u00edticas migratorias<\/a>, la censura de la libertad de expresi\u00f3n, el desplome de las tasas de natalidad y la p\u00e9rdida de identidades nacionales y de confianza en s\u00ed mismos\u201d. Trump tiene como objetivo alimentar y apoyar a los partidos \u201cpatri\u00f3ticos\u201d de Europa, como \u00e9l los llama, en referencia a todas las formaciones de ultraderecha y euroesc\u00e9pticas.\n    <\/p>\n<p class=\"article-text\">\n        El documento, seg\u00fan recoge la agencia EFE, pone en duda la capacidad de los pa\u00edses europeos para continuar como \u201caliados fiables\u201d si no poseen econom\u00edas y ej\u00e9rcitos \u201clo suficientemente fuertes\u201d, adem\u00e1s de que critica sus barreras burocr\u00e1ticas \u201casfixiantes\u201d.\n    <\/p>\n<p class=\"article-text\">\n        Costa ha admitido \u201cdiferencias\u201d en la relaci\u00f3n entre Estados Unidos y Europa, y ha reconocido que \u201clas alianzas forjadas tras la Segunda Guerra Mundial han cambiado\u201d, porque que Bruselas y Washington ya \u201cno comparten la misma visi\u00f3n del orden internacional\u201d.\n    <\/p>\n<p class=\"article-text\">\n        \u201cNosotros seguimos siendo defensores del multilateralismo, creemos en un orden basado en reglas, creemos en la ciencia, en la libertad cient\u00edfica y no ignoramos desaf\u00edos globales como el cambio clim\u00e1tico. Estados Unidos ya no cree en el multilateralismo ni en un orden basado en reglas, y afirman que el cambio clim\u00e1tico es una mentira. Tenemos diferencias en nuestra visi\u00f3n del mundo\u201d, ha dicho el portugu\u00e9s.\n    <\/p>\n<blockquote class=\"twitter-tweet\" data-lang=\"es\"><p><a href=\"https:\/\/twitter.com\/X\/status\/1998010515985981660?ref_src=twsrc%5Etfw\" rel=\"nofollow noopener\" target=\"_blank\"><\/p><\/blockquote>\n<p class=\"article-text\">\n        Costa opina que \u201ces natural\u201d que europeos y estadounidenses \u201cno compartan\u201d las mismas opiniones sobre ciertos asuntos, pero considera que \u201cla interferencia en la vida pol\u00edtica europea\u201d es inaceptable para el bloque comunitario. Aun as\u00ed, valora positivamente que la estrategia estadounidense \u201csiga refiri\u00e9ndose a Europa como aliado\u201d y subraya que Estados Unidos sigue siendo un aliado \u201cimportante\u201d y un \u201csocio econ\u00f3mico esencial\u201d para Europa.\n    <\/p>\n<p class=\"article-text\">\n        En cuanto a la seguridad y defensa, el presidente del Consejo defiende que \u201cen 2027, los europeos deben asumir el liderazgo de la OTAN\u201d, ahora en manos de Estados Unidos, porque \u201csi queremos ser fuertes en el escenario internacional, debemos ser fuertes internamente\u201d. Ha reivindicado la posici\u00f3n de la Uni\u00f3n Europea en el escenario internacional e incidi\u00f3 en que \u201cel mundo no solo est\u00e1 compuesto por EEUU y China\u201d, sino que es \u201cmultipolar y diverso\u201d, en referencia a pa\u00edses de \u00c1frica, Am\u00e9rica Latina y el Caribe, y Asia.\n    <\/p>\n<p>    <a href=\"https:\/\/www.eldiario.es\/politica\/ultima-hora-actualidad-politica-directo_6_12825998_1117259.html\" data-mrf-recirculation=\"saber-mas-abajo\" data-dl-event=\"saber-mas-abajo\" rel=\"nofollow noopener\" target=\"_blank\"><\/p>\n<p class=\"know-more__title\">S\u00e1nchez responde a Trump por sus cr\u00edticas a la pol\u00edtica migratoria: \u201cEuropa no es vasalla de nadie, no va a ser tutelada por nadie\u201d<\/p>\n<p>            <img decoding=\"async\" class=\"lazy\" loading=\"lazy\" data-src=\"https:\/\/static.eldiario.es\/clip\/6b893d90-8e3e-4c1f-8573-e5907c1a15a6_16-9-aspect-ratio_default_0.jpg\" src=\"data:image\/svg+xml,%3Csvg xmlns=\" http:=\"\" viewbox=\"0 0 880 495\" alt=\"Conato de incendio en Tejeda\"\/><\/p>\n<p>                        <\/a><\/p>\n<p class=\"article-text\">\n        \u201cNo vamos a existir en el escenario internacional sin poder comercial. Tenemos que interactuar con todos los pa\u00edses, a lo largo y ancho del mundo. Si no lo hacemos, nos quedaremos solos\u201d, ha concluido.\n    <\/p>\n<p>                                    <script async src=\"https:\/\/platform.twitter.com\/widgets.js\" charset=\"utf-8\"><\/script><\/p>\n","protected":false},"excerpt":{"rendered":"La Uni\u00f3n Europea responde a Donald Trump. El presidente del Consejo Europeo, Ant\u00f3nio Costa, ha afirmado este lunes&hellip;\n","protected":false},"author":2,"featured_media":277831,"comment_status":"","ping_status":"","sticky":false,"template":"","format":"standard","meta":{"footnotes":""},"categories":[5],"tags":[67614,4213,17,18,2828,25,24,13,14,11,31911,19,20,9,689,10,15,16,1259,23,12,936,943,21,22],"class_list":{"0":"post-277830","1":"post","2":"type-post","3":"status-publish","4":"format-standard","5":"has-post-thumbnail","7":"category-titulares","8":"tag-aceptara","9":"tag-amenaza","10":"tag-breaking-news","11":"tag-breakingnews","12":"tag-costa","13":"tag-es","14":"tag-espana","15":"tag-featured-news","16":"tag-featurednews","17":"tag-headlines","18":"tag-interferencia","19":"tag-latest-news","20":"tag-latestnews","21":"tag-news","22":"tag-no","23":"tag-noticias","24":"tag-noticias-destacadas","25":"tag-noticiasdestacadas","26":"tag-responde","27":"tag-spain","28":"tag-titulares","29":"tag-trump","30":"tag-ue","31":"tag-ultimas-noticias","32":"tag-ultimasnoticias"},"share_on_mastodon":{"url":"https:\/\/pubeurope.com\/@es\/115684595699312724","error":""},"_links":{"self":[{"href":"https:\/\/www.europesays.com\/es\/wp-json\/wp\/v2\/posts\/277830","targetHints":{"allow":["GET"]}}],"collection":[{"href":"https:\/\/www.europesays.com\/es\/wp-json\/wp\/v2\/posts"}],"about":[{"href":"https:\/\/www.europesays.com\/es\/wp-json\/wp\/v2\/types\/post"}],"author":[{"embeddable":true,"href":"https:\/\/www.europesays.com\/es\/wp-json\/wp\/v2\/users\/2"}],"replies":[{"embeddable":true,"href":"https:\/\/www.europesays.com\/es\/wp-json\/wp\/v2\/comments?post=277830"}],"version-history":[{"count":0,"href":"https:\/\/www.europesays.com\/es\/wp-json\/wp\/v2\/posts\/277830\/revisions"}],"wp:featuredmedia":[{"embeddable":true,"href":"https:\/\/www.europesays.com\/es\/wp-json\/wp\/v2\/media\/277831"}],"wp:attachment":[{"href":"https:\/\/www.europesays.com\/es\/wp-json\/wp\/v2\/media?parent=277830"}],"wp:term":[{"taxonomy":"category","embeddable":true,"href":"https:\/\/www.europesays.com\/es\/wp-json\/wp\/v2\/categories?post=277830"},{"taxonomy":"post_tag","embeddable":true,"href":"https:\/\/www.europesays.com\/es\/wp-json\/wp\/v2\/tags?post=277830"}],"curies":[{"name":"wp","href":"https:\/\/api.w.org\/{rel}","templated":true}]}}