{"id":277834,"date":"2025-12-08T15:20:12","date_gmt":"2025-12-08T15:20:12","guid":{"rendered":"https:\/\/www.europesays.com\/es\/277834\/"},"modified":"2025-12-08T15:20:12","modified_gmt":"2025-12-08T15:20:12","slug":"convocatoria-para-ostende-rubit-viaja-y-descansan-tres-jugadores","status":"publish","type":"post","link":"https:\/\/www.europesays.com\/es\/277834\/","title":{"rendered":"Convocatoria para Ostende: Rubit viaja y descansan tres jugadores"},"content":{"rendered":"<p class=\"ft-text\">El <a class=\"ft-link ft-link--decoration\" href=\"https:\/\/www.laopiniondemalaga.es\/unicaja\/\" rel=\"nofollow noopener\" target=\"_blank\"><strong>Unicaja<\/strong><\/a><strong> <\/strong>ya lo tiene todo preparado para viajar este lunes hacia Ostende, donde disputar\u00e1 ma\u00f1ana la jornada 5 de la fase de grupos de la Basketball Champions League, y hay importantes novedades en la convocatoria. <strong>Augustine Rubit<\/strong> vestir\u00e1 por primera vez la camiseta cajista, mientras que Ibon Navarro da descanso a otros tres jugadores importantes.<\/p>\n<p>Debut de Rubit<\/p>\n<p class=\"ft-text\">La noticia m\u00e1s importante es que el nuevo p\u00edvot ha dejado atr\u00e1s esa <strong>bronquitis que le impidi\u00f3 estrenarse<\/strong> en <a class=\"ft-link ft-link--decoration\" href=\"https:\/\/www.laopiniondemalaga.es\/deportes\/baloncesto\/acb\/clasificacion-liga.html\" rel=\"nofollow noopener\" target=\"_blank\">Liga Endesa<\/a> ante el Hiopos Lleida. Los m\u00e9dicos y el cuerpo t\u00e9cnico ten\u00edan una decisi\u00f3n que tomar, y la respuesta ha sido positiva despu\u00e9s del entrenamiento. Rubit se ha visto debilitado, perdiendo algo de peso despu\u00e9s de sufrir un virus previo, por lo que habr\u00e1 que ver cu\u00e1l puede ser su primer impacto f\u00edsico.<\/p>\n<p class=\"ft-text\">Los canteranos <strong>Manu Trujillo y Arturas Butajevas<\/strong> se unen a la convocatoria para viajar hasta B\u00e9lgica. Con la <a class=\"ft-link ft-link--decoration\" href=\"https:\/\/www.laopiniondemalaga.es\/fotos\/deportes\/unicaja-cb\/2025\/11\/12\/bcl-victoria-unicaja-mersin-77-123656160.html\" target=\"_blank\" rel=\"nofollow noopener\">clasificaci\u00f3n pr\u00e1cticamente cerrada al Round of 16<\/a>, los jugadores del Unicaja Alhaur\u00edn de la Torre podr\u00edan disfrutar de minutos importantes y rodaje con el primer equipo.<\/p>\n<p>Descanso para tres jugadores<\/p>\n<p class=\"ft-text\">Adem\u00e1s, Ibon Navarro ha dado descanso a tres jugadores como son <strong>Kendrick Perry, Tyson P\u00e9rez y Killian Tillie<\/strong>. Tanto el montenegrino como el franc\u00e9s sumaron minutos con sus selecciones y necesitan un respiro. Especialmente, el ala-p\u00edvot galo y su rodilla. El hispanodominicano, con el que tambi\u00e9n ha habido dolencias en semanas anteriores, es el otro jugador que se queda en M\u00e1laga trabajando.<\/p>\n<p><img decoding=\"async\" src=\"https:\/\/www.europesays.com\/es\/wp-content\/uploads\/2025\/12\/b9478641-b391-4945-ad25-4ea51328cb79_alta-libre-aspect-ratio_default_0.jpg\" width=\"1200\" height=\"800\" alt=\"Partido de la novena jornada de la Liga Endesa entre Lleida y Unicaja\" class=\"ft-helper-img-rd\" loading=\"lazy\"\/><\/p>\n<p class=\"ft-helper-fontColor-quaternary ft-helper-fontSize-body-S ft-helper-spacer-t-xxs\">Perry descansar\u00e1 tras un gran esfuerzo frente al Hiopos Lleida.  \/ ACBPhoto<\/p>\n<p class=\"ft-text\">El que tampoco viaja, aunque podr\u00eda estar lejos de ser una novedad, es <strong>Xavier Casta\u00f1eda<\/strong>. Con su futuro en vilo, el bosnio enlaza otro partido m\u00e1s sin jugar. El club inform\u00f3 el viernes que tambi\u00e9n <a class=\"ft-link ft-link--decoration\" href=\"https:\/\/www.laopiniondemalaga.es\/unicaja\/2025\/12\/05\/debut-augustine-rubit-unicaja-enfermedad-124487500.html\" target=\"_blank\" rel=\"nofollow noopener\">se hab\u00eda visto afectado por un proceso v\u00edrico<\/a>.<\/p>\n<p>\u00bfAudige como base?<\/p>\n<p class=\"ft-text\">Sin Perry ni tampoco Casta\u00f1eda, Ostende parece el partido elegido para que <strong>Chase Audige<\/strong> se pruebe como &#8216;1&#8217; al frente del Unicaja. Precisamente, es una posici\u00f3n que ya desempe\u00f1\u00f3 en su paso por el pr\u00f3ximo rival del Unicaja, el que le trajo a Europa en la temporada 2024\/25. <a class=\"ft-link ft-link--decoration\" href=\"https:\/\/www.laopiniondemalaga.es\/unicaja\/2025\/12\/06\/debut-chase-audige-unicaja-lleida-124529751.html\" target=\"_blank\" rel=\"nofollow noopener\">Ya disput\u00f3 03:39 minutos frente al Hiopos Lleida<\/a> con buenas sensaciones f\u00edsicas y defensivas, ahora tiene que hacerlo en la direcci\u00f3n de juego.<\/p>\n<p class=\"ft-text\">As\u00ed que ser\u00e1n estos 12 jugadores, en una convocatoria at\u00edpica, los que deber\u00e1n certificar matem\u00e1ticamente el paso al Round of 16 como l\u00edderes del Grupo G. Aparece en buen momento la BCL para ajustar a los dos \u00faltimos fichajes, dar descanso a los que acumulan m\u00e1s minutos y seguir dando confianza a los que la necesitan antes de <a class=\"ft-link ft-link--decoration\" href=\"https:\/\/www.laopiniondemalaga.es\/unicaja\/2025\/12\/01\/diciembre-unicaja-fichajes-rivales-calendario-124310647.html\" target=\"_blank\" rel=\"nofollow noopener\">afrontar un final de diciembre de Euroliga<\/a>.<\/p>\n","protected":false},"excerpt":{"rendered":"El Unicaja ya lo tiene todo preparado para viajar este lunes hacia Ostende, donde disputar\u00e1 ma\u00f1ana la jornada&hellip;\n","protected":false},"author":2,"featured_media":277835,"comment_status":"","ping_status":"","sticky":false,"template":"","format":"standard","meta":{"footnotes":""},"categories":[269],"tags":[299,298,8461,168,25,24,34705,8647,61240,23,167,67615,45840,2246,6027],"class_list":{"0":"post-277834","1":"post","2":"type-post","3":"status-publish","4":"format-standard","5":"has-post-thumbnail","7":"category-baloncesto","8":"tag-baloncesto","9":"tag-basketball","10":"tag-convocatoria","11":"tag-deportes","12":"tag-es","13":"tag-espana","14":"tag-ibon-navarro","15":"tag-perry","16":"tag-rubit","17":"tag-spain","18":"tag-sports","19":"tag-tillie","20":"tag-tyson","21":"tag-unicaja","22":"tag-viajar"},"share_on_mastodon":{"url":"https:\/\/pubeurope.com\/@es\/115684627479815504","error":""},"_links":{"self":[{"href":"https:\/\/www.europesays.com\/es\/wp-json\/wp\/v2\/posts\/277834","targetHints":{"allow":["GET"]}}],"collection":[{"href":"https:\/\/www.europesays.com\/es\/wp-json\/wp\/v2\/posts"}],"about":[{"href":"https:\/\/www.europesays.com\/es\/wp-json\/wp\/v2\/types\/post"}],"author":[{"embeddable":true,"href":"https:\/\/www.europesays.com\/es\/wp-json\/wp\/v2\/users\/2"}],"replies":[{"embeddable":true,"href":"https:\/\/www.europesays.com\/es\/wp-json\/wp\/v2\/comments?post=277834"}],"version-history":[{"count":0,"href":"https:\/\/www.europesays.com\/es\/wp-json\/wp\/v2\/posts\/277834\/revisions"}],"wp:featuredmedia":[{"embeddable":true,"href":"https:\/\/www.europesays.com\/es\/wp-json\/wp\/v2\/media\/277835"}],"wp:attachment":[{"href":"https:\/\/www.europesays.com\/es\/wp-json\/wp\/v2\/media?parent=277834"}],"wp:term":[{"taxonomy":"category","embeddable":true,"href":"https:\/\/www.europesays.com\/es\/wp-json\/wp\/v2\/categories?post=277834"},{"taxonomy":"post_tag","embeddable":true,"href":"https:\/\/www.europesays.com\/es\/wp-json\/wp\/v2\/tags?post=277834"}],"curies":[{"name":"wp","href":"https:\/\/api.w.org\/{rel}","templated":true}]}}