{"id":277836,"date":"2025-12-08T15:21:17","date_gmt":"2025-12-08T15:21:17","guid":{"rendered":"https:\/\/www.europesays.com\/es\/277836\/"},"modified":"2025-12-08T15:21:17","modified_gmt":"2025-12-08T15:21:17","slug":"exito-rotundo-el-espanyol-alcanza-los-31-711-abonados","status":"publish","type":"post","link":"https:\/\/www.europesays.com\/es\/277836\/","title":{"rendered":"\u00c9xito rotundo: el Espanyol alcanza los 31.711 abonados"},"content":{"rendered":"<p>El <strong>Espanyol<\/strong> ha anunciado este lunes el cierre de la campa\u00f1a de abonados con un total de <strong>31.711<\/strong>, un \u00e9xito rotundo que demuestra el gran momento social que vive la entidad blanquiazul. Sin lugar a dudas, la espectacular marcha del primer equipo ha hecho que los aficionados den el paso para abonarse al <strong>Espanyol<\/strong>.<\/p>\n<p>Desde la entidad espanyolista se lanza un aviso a los seguidores que tengan pensado hacerse abonados el curso que viene, y es a hacerse socios del club antes del cierre de la presente temporada. La condici\u00f3n de socio garantiza prioridad preferente en la adquisici\u00f3n de un asiento cuando se abra el pr\u00f3ximo periodo de abonos.\u00a0<\/p>\n<p>Tal y como explic\u00f3 <strong>Manolo Gonz\u00e1lez <\/strong>en la rueda de prensa tras la victoria ante el <strong>Rayo Vallecano<\/strong>, es un momento para disfrutar de lo bien que marchan las cosas en el <strong>Espanyol<\/strong>.<\/p>\n","protected":false},"excerpt":{"rendered":"El Espanyol ha anunciado este lunes el cierre de la campa\u00f1a de abonados con un total de 31.711,&hellip;\n","protected":false},"author":2,"featured_media":277837,"comment_status":"","ping_status":"","sticky":false,"template":"","format":"standard","meta":{"footnotes":""},"categories":[268],"tags":[168,25,24,280,282,281,23,167],"class_list":{"0":"post-277836","1":"post","2":"type-post","3":"status-publish","4":"format-standard","5":"has-post-thumbnail","7":"category-futbol","8":"tag-deportes","9":"tag-es","10":"tag-espana","11":"tag-football","12":"tag-futbol","13":"tag-soccer","14":"tag-spain","15":"tag-sports"},"share_on_mastodon":{"url":"https:\/\/pubeurope.com\/@es\/115684631158725264","error":""},"_links":{"self":[{"href":"https:\/\/www.europesays.com\/es\/wp-json\/wp\/v2\/posts\/277836","targetHints":{"allow":["GET"]}}],"collection":[{"href":"https:\/\/www.europesays.com\/es\/wp-json\/wp\/v2\/posts"}],"about":[{"href":"https:\/\/www.europesays.com\/es\/wp-json\/wp\/v2\/types\/post"}],"author":[{"embeddable":true,"href":"https:\/\/www.europesays.com\/es\/wp-json\/wp\/v2\/users\/2"}],"replies":[{"embeddable":true,"href":"https:\/\/www.europesays.com\/es\/wp-json\/wp\/v2\/comments?post=277836"}],"version-history":[{"count":0,"href":"https:\/\/www.europesays.com\/es\/wp-json\/wp\/v2\/posts\/277836\/revisions"}],"wp:featuredmedia":[{"embeddable":true,"href":"https:\/\/www.europesays.com\/es\/wp-json\/wp\/v2\/media\/277837"}],"wp:attachment":[{"href":"https:\/\/www.europesays.com\/es\/wp-json\/wp\/v2\/media?parent=277836"}],"wp:term":[{"taxonomy":"category","embeddable":true,"href":"https:\/\/www.europesays.com\/es\/wp-json\/wp\/v2\/categories?post=277836"},{"taxonomy":"post_tag","embeddable":true,"href":"https:\/\/www.europesays.com\/es\/wp-json\/wp\/v2\/tags?post=277836"}],"curies":[{"name":"wp","href":"https:\/\/api.w.org\/{rel}","templated":true}]}}