{"id":277842,"date":"2025-12-08T15:26:14","date_gmt":"2025-12-08T15:26:14","guid":{"rendered":"https:\/\/www.europesays.com\/es\/277842\/"},"modified":"2025-12-08T15:26:14","modified_gmt":"2025-12-08T15:26:14","slug":"o-de-como-el-amor-entre-artista-y-politico-casi-siempre-triunfa","status":"publish","type":"post","link":"https:\/\/www.europesays.com\/es\/277842\/","title":{"rendered":"o de c\u00f3mo el amor entre artista y pol\u00edtico (casi siempre) triunfa"},"content":{"rendered":"<p class=\"paragraph\" id=\"paragraph_1\">Sus fotos <strong>bes\u00e1ndose apasionadamente<\/strong> en la cubierta de un <strong>yate de lujo<\/strong> confirmaron los rumores. Su reciente aparici\u00f3n conjunta en <strong>Par\u00eds<\/strong>, el pasado octubre, supuso su presentaci\u00f3n &#8216;en sociedad&#8217;. Y toda una declaraci\u00f3n de intenciones. Su visita al <strong>Crazy Horse Paris<\/strong> fue una especie de comunicado no verbal. Un<strong> &#8216;<\/strong>s\u00ed, estamos juntos y que el mundo nos mire&#8217;.<\/p>\n<p class=\"paragraph\" id=\"paragraph_2\">Ahora, el viaje que han realizado juntos a <strong>Jap\u00f3n<\/strong> supone la <strong>oficializaci\u00f3n definitiva de su romance<\/strong>. <a cmp-ltrk=\"links-parrafos\" cmp-ltrk-idx=\"0\" data-mrf-link=\"https:\/\/www.elespanol.com\/corazon\/celebrities\/20250106\/lado-personal-justin-trudeau-dimitir-primer-ministro-canada-hijos-tragico-divorcio\/914408605_0.html\" data-mrf-recirculation-id=\"links-parrafos_0\" href=\"https:\/\/www.elespanol.com\/corazon\/celebrities\/20250106\/lado-personal-justin-trudeau-dimitir-primer-ministro-canada-hijos-tragico-divorcio\/914408605_0.html?utm_cmp_rs=linksinline\" mrfobservableid=\"a36914cf-a322-4349-ad79-667b969d7edd\" rel=\"nofollow noopener\" target=\"_blank\"><strong>Justin Trudeau<\/strong><\/a> (53 a\u00f1os) y <a cmp-ltrk=\"links-parrafos\" cmp-ltrk-idx=\"1\" data-mrf-link=\"https:\/\/www.elespanol.com\/corazon\/celebrities\/20250812\/katy-perry-obligada-pagar-euros-multa-grabar-videoclip-espacio-protegido-formentera\/1003743883350_0.html\" data-mrf-recirculation-id=\"links-parrafos_1\" href=\"https:\/\/www.elespanol.com\/corazon\/celebrities\/20250812\/katy-perry-obligada-pagar-euros-multa-grabar-videoclip-espacio-protegido-formentera\/1003743883350_0.html?utm_cmp_rs=linksinline\" mrfobservableid=\"54a398ef-8529-4306-b3ea-55fac79d1e26\" rel=\"nofollow noopener\" target=\"_blank\"><strong>Katy Perry<\/strong><\/a> (41) est\u00e1n enamorados. Tanto, que no prodigan su amor a los cuatro vientos.<\/p>\n<p class=\"paragraph\" id=\"paragraph_3\">A su paso por el pa\u00eds del sol naciente, al que se han trasladado dentro de parte de la gira mundial de la artista, The Lifetimes Tour, se han dejado ver muy <strong>acaramelados<\/strong> comiendo sushi. \u00abTokyo Times de gira y m\u00e1s\u00bb, ha destacado la estadounidense en las redes sociales. Todo ello con una larga ristra de emoticonos: una sonrisa, un \u00e1rbol de Navidad, un ramo de flores y, c\u00f3mo no, un coraz\u00f3n.<\/p>\n<p class=\"paragraph\" id=\"paragraph_4\">La estampa ha provocado aut\u00e9ntica fascinaci\u00f3n. La ovaci\u00f3n colectiva a su nuevo affaire se traduce en m\u00e1s de <strong>316.000 likes en apenas 24 horas.<\/strong> El mundo entero ha ca\u00eddo rendido a los encantos de esta <strong>nueva pareja.<\/strong><\/p>\n<p><img loading=\"lazy\" decoding=\"async\" alt=\"Katy Perry y Justin Trudeau, en un montaje de EL ESPA\u00d1OL.\" height=\"180\" src=\"https:\/\/www.europesays.com\/es\/wp-content\/uploads\/2025\/12\/1003743967551_259341535_320x180.jpg\" width=\"320\" data-lazy-status=\"processed\" data-lazy-info=\"remove loading item 1\"\/><\/p>\n<p>Viaje &#8216;oficial&#8217; en Jap\u00f3n<\/p>\n<p class=\"paragraph\" id=\"paragraph_5\">La estrella del pop internacional mira embelesada a su novio en un post de <strong>Instagram<\/strong>. Pero el suyo no es un novio cualquiera: es el <strong>exprimer ministro de Canad\u00e1.<\/strong> El pol\u00edtico, <strong>l\u00edder del Partido Liberal<\/strong> entre 2013 y 2025, fue mandatario del pa\u00eds norteamericano desde el a\u00f1o 2015 hasta el 14 de marzo de 2025.<\/p>\n<p class=\"paragraph\" id=\"paragraph_6\">Es precisamente por ser quien es Trudeau por lo que ambos se mueven m\u00e1s all\u00e1 de los c\u00edrculos habituales para una cantante de pop. A principios de esta semana, ambos han posado junto al exprimer ministro de Jap\u00f3n,<strong> Fumio Kishida,<\/strong> y su esposa, <strong>Yuko<\/strong>. Un gran amigo de Trudeau de sus tiempos como presidente.<\/p>\n<p class=\"paragraph\" id=\"paragraph_7\">\u00abEs genial verte (Fumio Kishida). Katy y yo est\u00e1bamos muy contentos de tener la oportunidad de sentarnos contigo y Yuko\u00bb, escrib\u00eda el pol\u00edtico en su <strong>cuenta de X<\/strong>.<\/p>\n<p><img decoding=\"async\" alt=\"Justin Trudeau y Kary Perry, con el expresidente de Jap\u00f3n Fumio Kishida, y su esposa, Yuko.\" data-imgm=\"true\" height=\"1152\" loading=\"lazy\"  src=\"https:\/\/www.europesays.com\/es\/wp-content\/uploads\/2025\/12\/1003744046360_260365021_960x1706.jpg\"  width=\"648\"\/><\/p>\n<p>                                                            Justin Trudeau y Kary Perry, con el expresidente de Jap\u00f3n Fumio Kishida, y su esposa, Yuko.<\/p>\n<p>                    Redes sociales.<\/p>\n<p>Pol\u00edtico y artista: \u00bfla uni\u00f3n perfecta?<\/p>\n<p class=\"paragraph\" id=\"paragraph_8\">La imagen del que fuera gobernante de Canad\u00e1 con el \u00eddolo musical resulta tan <strong>ic\u00f3nica<\/strong> como en su d\u00eda lo fue el romance extramarital entre el presidente n\u00famero 35 de Estados Unidos,<strong> John F. Kennedy,<\/strong> y la actriz <strong>Marilyn Monroe<\/strong>.<\/p>\n<p class=\"paragraph\" id=\"paragraph_9\">Ese que nos regal\u00f3 un instante tan m\u00edtico y sensual como el Happy Birthday, Mr. President que cant\u00f3 la estrella de Hollywood el <strong>19 de mayo de 1962<\/strong> en el<strong> Madison Square Garden,<\/strong> durante una gala para celebrar su <strong>45 cumplea\u00f1os<\/strong> (diez d\u00edas antes de su fecha real).<\/p>\n<p><img decoding=\"async\" alt=\"Enrique Pe\u00f1a Nieto junto a la reina Letizia y su exmujer, Ang\u00e9lica Rivera, en noviembre de 2017.\" data-imgm=\"true\" height=\"240\" loading=\"lazy\"  src=\"https:\/\/www.europesays.com\/es\/wp-content\/uploads\/2025\/12\/676442575_260365562_854x640.jpg\"  width=\"320\"\/><\/p>\n<p>                                                            Enrique Pe\u00f1a Nieto junto a la reina Letizia y su exmujer, Ang\u00e9lica Rivera, en noviembre de 2017.<\/p>\n<p>                    Gtres<\/p>\n<p class=\"paragraph\" id=\"paragraph_10\">O la de el <strong>expresidente de M\u00e9xico<\/strong>, <strong>Enrique Pe\u00f1a Nieto<\/strong> (59), con la actriz de telenovelas <strong>Ang\u00e9lica Rivera<\/strong> (56). Dotados ambos de un enorme atractivo f\u00edsico, encarnaron la imagen de la pareja perfecta durante nueve a\u00f1os. Hasta que se separaron, en <strong>2019<\/strong>.<\/p>\n<p class=\"paragraph\" id=\"paragraph_11\">Otro ejemplo perfecto del combo sentimental &#8216;presidente y estrella&#8217; lo tenemos m\u00e1s cerca de nuestras fronteras, en el pa\u00eds vecino. Es el caso del matrimonio entre <a cmp-ltrk=\"links-parrafos\" cmp-ltrk-idx=\"2\" data-mrf-link=\"https:\/\/www.elespanol.com\/personajes\/nicolas_sarkozy\/\" data-mrf-recirculation-id=\"links-parrafos_2\" href=\"https:\/\/www.elespanol.com\/personajes\/nicolas_sarkozy\/?utm_cmp_rs=linksinline\" mrfobservableid=\"410389e8-8208-423b-9abb-604d89c25b9e\" target=\"_blank\" rel=\"nofollow noopener\"><strong>Nicolas Sarkozy<\/strong> <\/a>(70 ) y la cantante <strong><a cmp-ltrk=\"links-parrafos\" cmp-ltrk-idx=\"3\" data-mrf-link=\"https:\/\/www.elespanol.com\/personajes\/carla_bruni\/\" data-mrf-recirculation-id=\"links-parrafos_3\" href=\"https:\/\/www.elespanol.com\/personajes\/carla_bruni\/?utm_cmp_rs=linksinline\" mrfobservableid=\"b201e7fc-da8c-4e5e-a7d8-263c8a18441c\" target=\"_blank\" rel=\"nofollow noopener\">Carla Bruni<\/a> <\/strong>(57).<\/p>\n<p><img decoding=\"async\" alt=\"Nicol\u00e1s Sarkozy y Carla Bruni.\" data-imgm=\"true\" height=\"180\" loading=\"lazy\"  src=\"https:\/\/www.europesays.com\/es\/wp-content\/uploads\/2025\/12\/1003744007278_260365198_1024x576.jpg\"  width=\"320\"\/><\/p>\n<p>                                                            Nicol\u00e1s Sarkozy y Carla Bruni.<\/p>\n<p class=\"paragraph\" id=\"paragraph_12\">Ella ha sido su apoyo m\u00e1s firme tras ser condenado a<strong> 5 a\u00f1os de prisi\u00f3n<\/strong> por asociaci\u00f3n il\u00edcita y financiaci\u00f3n ilegal de su campa\u00f1a de 2007 con dinero libio.<\/p>\n<p class=\"paragraph\" id=\"paragraph_13\">El que fuera presidente de Francia disfruta ahora de la<strong> libertad condicional<\/strong> que le fue concedido tras pasar 20 d\u00edas en la c\u00e1rcel de La Sant\u00e9. <a href=\"https:\/\/www.elespanol.com\/corazon\/celebrities\/20250925\/monumental-enfado-carla-bruni-periodista-salir-juicio-condenado-prision-nicolas-sarkozy\/1003743941252_0.html?utm_cmp_rs=linksinline\" rel=\"nofollow noopener\" target=\"_blank\">Las <strong>l\u00e1grimas<\/strong> de una doliente Bruni antes de que se llevaran a su marido entre rejas<\/a> dieron la vuelta al mundo. <\/p>\n<p class=\"paragraph\" id=\"paragraph_14\">Y es que ver a una aclamada int\u00e9rprete <strong>rota en llanto<\/strong> ante la idea de ver a su marido entre rejas no deja de tener tintes casi cinematogr\u00e1ficos. Pero esa es otra historia.<\/p>\n<p class=\"paragraph\" data-mrf-recirculation=\"links-parrafos\" id=\"paragraph_15\">Volviendo al tema que nos ata\u00f1e: la del profesional del servicio p\u00fablico in love con una estrella nivel mundial. No cabe duda de que la uni\u00f3n sentimental entre un <strong>pol\u00edtico<\/strong> y una<strong> actriz o cantante <\/strong>siempre ha despertado pasiones.<\/p>\n<p><img decoding=\"async\" alt=\"Isabel Pantoja y Juli\u00e1n Mu\u00f1oz en un fotomontaje junto a 'Mi Gitana'.\" data-imgm=\"true\" height=\"240\" loading=\"lazy\"  src=\"https:\/\/www.europesays.com\/es\/wp-content\/uploads\/2025\/12\/888671581_260365389_854x640.png\"  width=\"320\"\/><\/p>\n<p>                                                            Isabel Pantoja y Juli\u00e1n Mu\u00f1oz en un fotomontaje junto a &#8216;Mi Gitana&#8217;.<\/p>\n<p class=\"paragraph\" data-mrf-recirculation=\"links-parrafos\" id=\"paragraph_16\">Si no, que se lo digan a <a href=\"https:\/\/www.elespanol.com\/personajes\/isabel_pantoja\/?utm_cmp_rs=linksinline\" target=\"_blank\" rel=\"nofollow noopener\"><strong>Isabel Pantoja<\/strong><\/a> (69). Su idilio con un pol\u00edtico local, <strong>Juli\u00e1n Mu\u00f1oz, <\/strong>no pudo salir peor.<\/p>\n<p class=\"paragraph\" data-mrf-recirculation=\"links-parrafos\" id=\"paragraph_17\">Su v\u00ednculo le cost\u00f3 una condena a dos a\u00f1os de prisi\u00f3n por un delito de <strong>blanqueo de capitales. <\/strong>Pero cop\u00f3 todas las portadas de las revistas del coraz\u00f3n. A muchos les encantaba verlos juntos. <strong>La er\u00f3tica del poder encandilada al hechizo de una tonadillera. <\/strong><\/p>\n<p class=\"paragraph\" data-mrf-recirculation=\"links-parrafos\" id=\"paragraph_18\">Seg\u00fan la sentencia de la <strong>Audiencia Provincial de M\u00e1laga<\/strong> (ratificada despu\u00e9s por el Tribunal Supremo), la cantante ayud\u00f3 a <strong>blanquear dinero il\u00edcito<\/strong> obtenido por el exalcalde de Marbella, mediante sus sociedades y actividades empresariales.<\/p>\n<p class=\"paragraph\" data-mrf-recirculation=\"links-parrafos\" id=\"paragraph_19\">Por ello acab\u00f3 en un presidio, protagonizando as\u00ed uno de los cap\u00edtulos m\u00e1s oscuros de su vida despu\u00e9s de quedar viuda tras <a href=\"https:\/\/www.elespanol.com\/castilla-y-leon\/region\/valladolid\/20241018\/tragica-muerte-paquirri-pozoblanco-supuso-toque-atencion-importante-administracion\/894410590_0.html?utm_cmp_rs=linksinline\" rel=\"nofollow noopener\" target=\"_blank\">la tr\u00e1gica muerte de <strong>Paquirri <\/strong>en 1984.<\/a><\/p>\n<p class=\"paragraph\" data-mrf-recirculation=\"links-parrafos\" id=\"paragraph_20\">No correr\u00e1n esa suerte ni Katy Perry ni Justin Trudeau. Porque, citando a la m\u00edtica canci\u00f3n de <strong>Julio Iglesias<\/strong> (82), el exministro de Canad\u00e1 no es ning\u00fan truhan. \u00abEs un trudeau, es un se\u00f1or\u00bb, podr\u00eda decirse.<\/p>\n<p><img decoding=\"async\" alt=\"Katy Perry y Justin Trudeau han celebrado el 41 cumplea\u00f1os de la cantante en Par\u00eds.\" data-imgm=\"true\" height=\"180\" loading=\"lazy\"  src=\"https:\/\/www.europesays.com\/es\/wp-content\/uploads\/2025\/12\/1003743986444_259584655_1024x576.jpg\"  width=\"320\"\/><\/p>\n<p>                                                            Katy Perry y Justin Trudeau han celebrado el 41 cumplea\u00f1os de la cantante en Par\u00eds.<\/p>\n<p>                    Montaje de EL ESPA\u00d1OL.<\/p>\n<p>La infancia acomodada de Trudeau<\/p>\n<p class=\"paragraph\" data-mrf-recirculation=\"links-parrafos\" id=\"paragraph_22\">El pol\u00edtico, tal y como recuerda \u00e9l mismo en sus memorias, Common ground (2014), viene de una casta de abolengo. Lleg\u00f3 al mundo en una <strong>familia de gente bien. <\/strong><\/p>\n<p class=\"paragraph\" data-mrf-recirculation=\"links-parrafos\" id=\"paragraph_23\">En su libro narra c\u00f3mo fue su infancia privilegiada, aunque marcada por la <strong>separaci\u00f3n de sus padres en 1977<\/strong> y los problemas de salud de su madre, afectada de<strong> trastorno bipolar<\/strong>. Tras esta separaci\u00f3n, su padre fue quien obtuvo la custodia de los tres hijos.<\/p>\n<p class=\"paragraph\" data-mrf-recirculation=\"links-parrafos\" id=\"paragraph_24\">Nacido en Ottawa, el 25 de diciembre de 1971 (dentro de poco cumplir\u00e1 54 a\u00f1os), su padre,<strong> Pierre Trudeau<\/strong>, tambi\u00e9n fue <strong>primer ministro de Canad\u00e1<\/strong>.<\/p>\n<p class=\"paragraph\" data-mrf-recirculation=\"links-parrafos\" id=\"paragraph_25\">Su madre, por su parte, es <strong>Margaret Sinclair,<\/strong> escritora, actriz, fot\u00f3grafa e hija de quien fuera<strong> ministro de Pesca,<\/strong> canadiense <strong>James Sinclair. <\/strong>La vocaci\u00f3n pol\u00edtica, por tanto, la lleva en el ADN.<\/p>\n<p>Perry, hija de pastores<\/p>\n<p class=\"paragraph\" data-mrf-recirculation=\"links-parrafos\" id=\"paragraph_26\">La historia personal de Katy no es tan id\u00edlica. Ella misma ha declarado que \u00abno tuvo infancia\u00bb por la<strong> educaci\u00f3n restrictiva y extremadamente conservadora<\/strong> que recibi\u00f3 de sus padres,<strong> Maurice Keith Hudson<\/strong> y <strong>Mary Christine Perry,<\/strong> ambos nacidos en <strong>1947<\/strong> y <strong>pastores pentecostales<\/strong>.<\/p>\n<p class=\"paragraph\" data-mrf-recirculation=\"links-parrafos\" id=\"paragraph_27\">Sus progenitores pasaron de ser <strong>hippies <\/strong>a convertirse al cristianismo. Al parecer, \u00abencontraron a Dios\u00bb durante la era del movimiento de la contracultura. Como adulta, ha tomado distancia de esta crianza fundamentalista y ha explorado caminos muy distintos.<\/p>\n<p class=\"paragraph\" data-mrf-recirculation=\"links-parrafos\" id=\"paragraph_28\">Esto explica la tensi\u00f3n familiar que caus\u00f3 su \u00e9xito<strong> I Kissed a Girl <\/strong>(2008), en el que habla de besar a una chica. Su madre, que supuestamente tuvo una relaci\u00f3n con el legendario m\u00fasico<strong> Jimi Hendrix<\/strong> en su juventud, le dijo que su single \u00abpromov\u00eda la homosexualidad\u00bb y <strong>le causaba verg\u00fcenza.<\/strong><\/p>\n<p class=\"paragraph\" id=\"paragraph_29\">La vocalista, que comenz\u00f3 su formaci\u00f3n musical a los nueve a\u00f1os cantando en el ministerio de sus padres, <strong>grab\u00f3 su primer \u00e1lbum a los 16 a\u00f1os<\/strong>: un disco de<strong> m\u00fasica g\u00f3spel<\/strong> titulado Katy Hudson (2001).<\/p>\n<p><img decoding=\"async\" alt=\"Katy Perry y Justin Trudeau, en las redes sociales.\" data-imgm=\"true\" height=\"180\" loading=\"lazy\"  src=\"https:\/\/www.europesays.com\/es\/wp-content\/uploads\/2025\/12\/1003744046381_260365244_1024x576.jpg\"  width=\"320\"\/><\/p>\n<p>                                                            Katy Perry y Justin Trudeau, en las redes sociales.<\/p>\n<p>                    @katyperry<\/p>\n<p>Inseparables<\/p>\n<p class=\"paragraph\" data-mrf-recirculation=\"links-parrafos\" id=\"paragraph_30\">Parece claro que ambos tienen algo en com\u00fan. Aunque <strong>proceden de universos antag\u00f3nicos<\/strong>, han tenido infancias de lo m\u00e1s intensas. No se han aburrido.<\/p>\n<p class=\"paragraph\" data-mrf-recirculation=\"links-parrafos\" id=\"paragraph_31\">La historia de amor entre ellos sali\u00f3 a la luz p\u00fablica el pasado 29 de julio, unos <strong><a href=\"https:\/\/www.elespanol.com\/mundo\/america\/20250106\/justin-trudeau-dimite-primer-ministro-canada-lider-partido-liberal\/914408650_0.html?utm_cmp_rs=linksinline\" rel=\"nofollow noopener\" target=\"_blank\">cuatro meses despu\u00e9s de dimitir como primer ministro<\/a>. <\/strong>El pol\u00edtico y la cantante fueron vistos en <strong>un restaurante de Montreal,<\/strong> lo que desat\u00f3 especulaciones en los medios sobre una posible relaci\u00f3n.<\/p>\n<p class=\"paragraph\" data-mrf-recirculation=\"links-parrafos\" id=\"paragraph_32\">Apenas unas semanas despu\u00e9s, el pasado 25 de octubre, ambos confirmaron su relaci\u00f3n al hacer <strong>su primera aparici\u00f3n p\u00fablica juntos<\/strong> durante la <strong>celebraci\u00f3n del 41 cumplea\u00f1os de Perry<\/strong> en la capital de Francia.<\/p>\n<p class=\"paragraph\" id=\"paragraph_33\">Desde entonces son <strong>inseparables<\/strong>. Tanto monta, monta tanto. \u00c9l la acompa\u00f1a a cada destino de su tour mundial. Y encantado de la vida. Atr\u00e1s han quedado los sofocones de su periodo como mandatario.<\/p>\n<p><img decoding=\"async\" alt=\"Justin Trudeau, con su exmujer, Sophie Gr\u00e9goire, con la que tiene tres hijos.\" data-imgm=\"true\" height=\"180\" loading=\"lazy\"  src=\"https:\/\/www.europesays.com\/es\/wp-content\/uploads\/2025\/12\/1003744046382_260365268_1024x576.jpg\"  width=\"320\"\/><\/p>\n<p>                                                            Justin Trudeau, con su exmujer, Sophie Gr\u00e9goire, con la que tiene tres hijos.<\/p>\n<p>                    GTRES<\/p>\n<p>Separado desde 2023<\/p>\n<p class=\"paragraph\" id=\"paragraph_34\">Entre ellos, el <strong>esc\u00e1ndalo SNC-Lavalin<\/strong>, en <strong>2019<\/strong>, cuando se le acus\u00f3 de presionar indebidamente a la entonces Ministra de Justicia y Fiscal General,<strong> Jody Wilson-Raybould<\/strong>, para que interfiriera en un caso criminal contra un gigante de la ingenier\u00eda canadiense acusada de sobornos en Libia.<\/p>\n<p class=\"paragraph\" id=\"paragraph_35\">Otras controversias: las fotograf\u00edas que salieron a la luz durante la <strong>campa\u00f1a de reelecci\u00f3n<\/strong> de 2019, en las que se le ve\u00eda en una <strong>fiesta de disfraces<\/strong> con la cara pintada de negro, algo considerado racista.<\/p>\n<p class=\"paragraph\" id=\"paragraph_36\">O cuando, hace m\u00e1s de 10 a\u00f1os, <strong>acept\u00f3 unas vacaciones familiares privadas<\/strong> en la isla privada en las <strong>Bahamas<\/strong> del <strong>Aga Khan IV<\/strong> (l\u00edder espiritual de los musulmanes ismaelitas nizar\u00edes), cuya fundaci\u00f3n recibe fondos del gobierno canadiense. Se le acus\u00f3, por tanto, de <strong>violar una ley federal.<\/strong><\/p>\n<p><img decoding=\"async\" alt=\"Justin Trudeau contrajo matrimonio con Sophie Gregoire en 2005.\" data-imgm=\"true\" height=\"180\" loading=\"lazy\"  src=\"https:\/\/www.europesays.com\/es\/wp-content\/uploads\/2025\/12\/1003744046390_260365435_1024x576.jpg\"  width=\"320\"\/><\/p>\n<p>                                                            Justin Trudeau contrajo matrimonio con Sophie Gregoire en 2005.<\/p>\n<p>                    GTRES<\/p>\n<p>Padre de tres hijos<\/p>\n<p class=\"paragraph\" id=\"paragraph_38\">En el plano personal, Trudeau anunci\u00f3 su separaci\u00f3n en <strong>2023<\/strong> de <strong>Sophie Gr\u00e9goire<\/strong> despu\u00e9s de <strong>18 a\u00f1os de matrimonio.<\/strong> Con la<strong> presentadora de televisi\u00f3n <\/strong>y <strong>profesora de yoga <\/strong>tuvo <strong>tres hijos <\/strong>en com\u00fan: <strong>Ella-Grace Margaret, Hadrien Gr\u00e9goire, y Louis. <\/strong><\/p>\n<p class=\"paragraph\" id=\"paragraph_39\">Al comunicar su ruptura se convirti\u00f3 en el primer Primer Ministro en separarse durante su mandato&#8230; desde que lo hiciera su propio padre, <strong>Pierre Trudeau.<\/strong><\/p>\n<p class=\"paragraph\" id=\"paragraph_40\">En lo que respecta a Katy Perry, hasta hace muy poco ha estado al lado del actor<a href=\"https:\/\/www.elespanol.com\/personajes\/orlando_bloom\/?utm_cmp_rs=linksinline\" target=\"_blank\" rel=\"nofollow noopener\"><strong> Orlando Bloom<\/strong><\/a> (48). Su historia dur\u00f3 nueve a\u00f1os y tienen una hija en com\u00fan, <strong>Daisy Dove.<\/strong> El pasado verano <a href=\"https:\/\/www.elespanol.com\/corazon\/celebrities\/20250626\/orlando-bloom-katy-perry-separan-anos-juntos-hija-comun\/1003743821607_0.html?utm_cmp_rs=linksinline\" rel=\"nofollow noopener\" target=\"_blank\">se conoci\u00f3 la noticia de la ruptura.<\/a><\/p>\n<p class=\"paragraph\" id=\"paragraph_41\">Hasta la fecha,<strong> ni Perry ni Trudeau han hecho declaraciones p\u00fablicas sobre su relaci\u00f3n<\/strong>. Aunque, a tenor de las fotos y el v\u00eddeo que han compartido de su estancia en Jap\u00f3n, ni falta que hace. Caidita de pesta\u00f1a por aqu\u00ed. Bocadito de sushi por all\u00e1. <\/p>\n<p class=\"paragraph\" id=\"paragraph_42\">Las im\u00e1genes hablan por s\u00ed solas. Ella, que lleva a\u00f1os siendo <strong>una reina sobre los escenarios<\/strong>, ya es tambi\u00e9n<strong> la &#8216;primera dama&#8217; en el coraz\u00f3n de Trudeau. <\/strong><\/p>\n<p class=\"paragraph\" id=\"paragraph_43\">Ahora tiene m\u00e1s motivos que nunca para cantar, con m\u00e1s poder\u00edo que antes, Roar, el popular single sobre un rugido que la ha hecho famosa en todo el planeta. Y que la sigue llevando por distintos destinos del mundo acompa\u00f1ada de su flamante, -y ya oficial\u00edsimo-, novio. <\/p>\n","protected":false},"excerpt":{"rendered":"Sus fotos bes\u00e1ndose apasionadamente en la cubierta de un yate de lujo confirmaron los rumores. Su reciente aparici\u00f3n&hellip;\n","protected":false},"author":2,"featured_media":277843,"comment_status":"","ping_status":"","sticky":false,"template":"","format":"standard","meta":{"footnotes":""},"categories":[170],"tags":[19570,255,37401,146,147,25,24,6370,67617,8819,4885,48512,184,185,19569,1670,67618,23],"class_list":{"0":"post-277842","1":"post","2":"type-post","3":"status-publish","4":"format-standard","5":"has-post-thumbnail","7":"category-musica","8":"tag-carla-bruni","9":"tag-celebrities","10":"tag-enrique-pena-nieto","11":"tag-entertainment","12":"tag-entretenimiento","13":"tag-es","14":"tag-espana","15":"tag-isabel-pantoja","16":"tag-julian-munoz","17":"tag-justin-trudeau","18":"tag-katy-perry","19":"tag-marilyn-monroe","20":"tag-music","21":"tag-musica","22":"tag-nicolas-sarkozy","23":"tag-politicos","24":"tag-robert-kennedy","25":"tag-spain"},"share_on_mastodon":{"url":"https:\/\/pubeurope.com\/@es\/115684651585158190","error":""},"_links":{"self":[{"href":"https:\/\/www.europesays.com\/es\/wp-json\/wp\/v2\/posts\/277842","targetHints":{"allow":["GET"]}}],"collection":[{"href":"https:\/\/www.europesays.com\/es\/wp-json\/wp\/v2\/posts"}],"about":[{"href":"https:\/\/www.europesays.com\/es\/wp-json\/wp\/v2\/types\/post"}],"author":[{"embeddable":true,"href":"https:\/\/www.europesays.com\/es\/wp-json\/wp\/v2\/users\/2"}],"replies":[{"embeddable":true,"href":"https:\/\/www.europesays.com\/es\/wp-json\/wp\/v2\/comments?post=277842"}],"version-history":[{"count":0,"href":"https:\/\/www.europesays.com\/es\/wp-json\/wp\/v2\/posts\/277842\/revisions"}],"wp:featuredmedia":[{"embeddable":true,"href":"https:\/\/www.europesays.com\/es\/wp-json\/wp\/v2\/media\/277843"}],"wp:attachment":[{"href":"https:\/\/www.europesays.com\/es\/wp-json\/wp\/v2\/media?parent=277842"}],"wp:term":[{"taxonomy":"category","embeddable":true,"href":"https:\/\/www.europesays.com\/es\/wp-json\/wp\/v2\/categories?post=277842"},{"taxonomy":"post_tag","embeddable":true,"href":"https:\/\/www.europesays.com\/es\/wp-json\/wp\/v2\/tags?post=277842"}],"curies":[{"name":"wp","href":"https:\/\/api.w.org\/{rel}","templated":true}]}}