{"id":277855,"date":"2025-12-08T15:34:14","date_gmt":"2025-12-08T15:34:14","guid":{"rendered":"https:\/\/www.europesays.com\/es\/277855\/"},"modified":"2025-12-08T15:34:14","modified_gmt":"2025-12-08T15:34:14","slug":"belen-barreiro-vox-puede-estar-aun-mas-fuerte-de-lo-que-dicen-las-encuestas-politica","status":"publish","type":"post","link":"https:\/\/www.europesays.com\/es\/277855\/","title":{"rendered":"Bel\u00e9n Barreiro: \u00abVox puede estar a\u00fan m\u00e1s fuerte de lo que dicen las encuestas\u00bb | Pol\u00edtica"},"content":{"rendered":"<p class=\"loc\">Madrid<\/p>\n<p>La CEO de 40dB, Bel\u00e9n Barreiro, ha analizado este lunes en Hoy por hoy los resultados del \u00faltimo bar\u00f3metro electoral elaborado para la Cadena SER y El Pa\u00eds, y que confirma <a href=\"https:\/\/cadenaser.com\/nacional\/2025\/12\/08\/el-pp-recupera-su-ventaja-sobre-un-psoe-tocado-por-la-corrupcion-y-la-gestion-del-caso-salazar-cadena-ser\/\" target=\"_blank\" rel=\"noreferrer nofollow noopener\" title=\"https:\/\/cadenaser.com\/nacional\/2025\/12\/08\/el-pp-recupera-su-ventaja-sobre-un-psoe-tocado-por-la-corrupcion-y-la-gestion-del-caso-salazar-cadena-ser\/\">la tendencia alcista del Partido Popular<\/a>, que recupera su ventaja sobre un PSOE tocado por la corrupci\u00f3n y la gesti\u00f3n del &#8216;caso Salazar&#8217;.<\/p>\n<p>M\u00e1s informaci\u00f3n<\/p>\n<p>Bel\u00e9n Barreiro ha confirmado que se est\u00e1 produciendo un trasvase del voto femenino del PSOE hacia la abstenci\u00f3n, el voto en nulo o blanco, y el grupo de los indecisos, pero tambi\u00e9n hacia el PP y a Vox.<\/p>\n<p>\u00abCuando se desagrega el estudio seg\u00fan el g\u00e9nero y los grupos de edad, vemos que los hombres son m\u00e1s partidarios de votar a Vox, pero que cada vez hay m\u00e1s mujeres j\u00f3venes que tambi\u00e9n lo son\u00bb, ha asegurado.<\/p>\n<p>El desenga\u00f1o pol\u00edtico<\/p>\n<p>La encuenta de 40dB indica una bajada del PSOE y de Sumar, siendo Podemos la \u00fanica fuerza de la izquierda que crece. Pero Barreiro se\u00f1ala que el ciclo electoral que empieza en Extremadura no tiene por qu\u00e9 marcar el resultado de las siguientes Elecciones Generales.<\/p>\n<p>\u00abLos esc\u00e1ndalos, en cambio, s\u00ed tienen una influencia\u00bb, ha sostenido. \u00abLa ciudadan\u00eda puede tener paciencia, pero tambi\u00e9n puede llegar a un punto de saturaci\u00f3n. Lo que pasa es que el electorado, a veces, reacciona con cierta lentitud. El Caso B\u00e1rcenas, por ejemplo, le pas\u00f3 factura al PP entre seis y ocho meses despu\u00e9s. La ciudadan\u00eda puede tener una digesti\u00f3n lenta porque los desenga\u00f1os pol\u00edticos, como cualquier desenga\u00f1o en la vida, tienen su proceso psicol\u00f3gico\u00bb.<\/p>\n<p>En ese sentido, Barreiro ha destacado que, \u00abaunque el PSOE tiene todav\u00eda una importante capacidad de retenci\u00f3n, con el caso Salazar puede llegar a sus l\u00edmites\u00bb. El trabajo de campo de este estudio, de hecho, se llev\u00f3 a cabo entre el 27 de noviembre y el 1 de diciembre, <a href=\"https:\/\/www.eldiario.es\/politica\/denuncias-paco-salazar-subia-bragueta-cara-escenificaba-felaciones-pedia-vernos-escote_1_12807016.html\" target=\"_blank\" rel=\"noreferrer nofollow noopener\" title=\"https:\/\/www.eldiario.es\/politica\/denuncias-paco-salazar-subia-bragueta-cara-escenificaba-felaciones-pedia-vernos-escote_1_12807016.html\">justo antes de que eldiario.es publicar el testimonio de algunas de sus v\u00edctimas<\/a> y de que crecieran las <a href=\"https:\/\/cadenaser.com\/nacional\/2025\/12\/02\/pilar-alegria-define-con-una-palabra-los-actos-y-palabras-de-paco-salazar-vomitivas-cadena-ser\/\" target=\"_blank\" rel=\"noreferrer nofollow noopener\" title=\"https:\/\/cadenaser.com\/nacional\/2025\/12\/02\/pilar-alegria-define-con-una-palabra-los-actos-y-palabras-de-paco-salazar-vomitivas-cadena-ser\/\">cr\u00edticas a la gesti\u00f3n del PSOE<\/a>.<\/p>\n<p>Datos que suelen pasar desapercibidos<\/p>\n<p>M\u00e1s all\u00e1 de lo que indica la encuesta, de todas formas, Bel\u00e9n Barreiro ha destacado \u00abdos datos preocupantes para la izquierda\u00bb. Por un lado, que la media ideol\u00f3gica de los espa\u00f1oles se sit\u00faa en el 5 \u2014justo en el centro\u2014 y no en el 4,7, el 4,8 o el 4,9, como suele ser habitual.<\/p>\n<p>\u00abLos que tenemos cierta experiencia en cuestiones demosc\u00f3picas sabemos que esto suele ser el antecedente de una victoria clara de las derechas\u00bb, ha dicho la CEO de 40dB.<\/p>\n<p>Pero Barreiro tambi\u00e9n ha puesto el foco sobre el hecho de que el PSOE sea el partido con m\u00e1s desmovilizaci\u00f3n entre sus electores: menos del 60% les votar\u00eda en unas Elecciones Generales. \u00abEsos peque\u00f1os datos suelen pasar desapercibidos, pero son se\u00f1ales que indican un cambio de tendencia claro\u00bb.<\/p>\n<p><img decoding=\"async\" src=\"https:\/\/www.europesays.com\/es\/wp-content\/uploads\/2025\/12\/1765208052_503_TUTIL6MQ2ZDRPO4VKSQP6WNDYM.jpg\" alt=\"(Foto de ARCHIVO)Francisco Salazar\" width=\"16\" height=\"9\"  loading=\"lazy\"\/><\/p>\n<p>(Foto de ARCHIVO)<br \/>\nFrancisco Salazar \/ PSOE<\/p>\n<p>Ampliar<img decoding=\"async\" src=\"https:\/\/www.europesays.com\/es\/wp-content\/uploads\/2025\/12\/1765208054_754_TUTIL6MQ2ZDRPO4VKSQP6WNDYM.jpg\" alt=\"(Foto de ARCHIVO)Francisco Salazar\" width=\"16\" height=\"9\" loading=\"lazy\"\/><\/p>\n<p>(Foto de ARCHIVO)<br \/>\nFrancisco Salazar \/ PSOE<\/p>\n<p>Cerrar<\/p>\n<p>Pero, \u00bfel PSOE va a seguir cayendo mientras que los casos Koldo-\u00c1balos-Cerd\u00e1n y Salazar sigan en la agenda medi\u00e1tica? Seg\u00fan Barreiro, todo satura, pero mientras que \u00abla ciudadan\u00eda entiende que la corrupci\u00f3n es inevitable y que lo importante es reaccionar r\u00e1pido\u00bb, el Caso Salazar, en su opini\u00f3n, \u00abrefleja una cultura contraria a los principios que el PSOE dice defender, tremendamente ofensiva para las mujeres y tambi\u00e9n muchos hombres\u00bb.<\/p>\n<p>La CEO de 40 dB tambi\u00e9n ha reconocido que a\u00fan no se sabe cu\u00e1l es el techo electoral del partido de Santiago Abascal y que, desde el punto de vista demosc\u00f3pico, \u00abhay un margen\u00bb, por lo que \u00abVox puede estar a\u00fan m\u00e1s fuerte de lo que dicen las encuestas\u00bb.<\/p>\n","protected":false},"excerpt":{"rendered":"Madrid La CEO de 40dB, Bel\u00e9n Barreiro, ha analizado este lunes en Hoy por hoy los resultados del&hellip;\n","protected":false},"author":2,"featured_media":277856,"comment_status":"","ping_status":"","sticky":false,"template":"","format":"standard","meta":{"footnotes":""},"categories":[8],"tags":[17,18,25,24,13,14,66411,11,19,20,9,10,15,16,66412,23,12,21,22],"class_list":{"0":"post-277855","1":"post","2":"type-post","3":"status-publish","4":"format-standard","5":"has-post-thumbnail","7":"category-espana","8":"tag-breaking-news","9":"tag-breakingnews","10":"tag-es","11":"tag-espana","12":"tag-featured-news","13":"tag-featurednews","14":"tag-frente-a-un-pp-y-cs-subordinados-a-vox-psoe","15":"tag-headlines","16":"tag-latest-news","17":"tag-latestnews","18":"tag-news","19":"tag-noticias","20":"tag-noticias-destacadas","21":"tag-noticiasdestacadas","22":"tag-salazar-afirma-que-psoe-a-demostrara-su-fortaleza-en-generales-y-municipales","23":"tag-spain","24":"tag-titulares","25":"tag-ultimas-noticias","26":"tag-ultimasnoticias"},"share_on_mastodon":{"url":"https:\/\/pubeurope.com\/@es\/115684683503343681","error":""},"_links":{"self":[{"href":"https:\/\/www.europesays.com\/es\/wp-json\/wp\/v2\/posts\/277855","targetHints":{"allow":["GET"]}}],"collection":[{"href":"https:\/\/www.europesays.com\/es\/wp-json\/wp\/v2\/posts"}],"about":[{"href":"https:\/\/www.europesays.com\/es\/wp-json\/wp\/v2\/types\/post"}],"author":[{"embeddable":true,"href":"https:\/\/www.europesays.com\/es\/wp-json\/wp\/v2\/users\/2"}],"replies":[{"embeddable":true,"href":"https:\/\/www.europesays.com\/es\/wp-json\/wp\/v2\/comments?post=277855"}],"version-history":[{"count":0,"href":"https:\/\/www.europesays.com\/es\/wp-json\/wp\/v2\/posts\/277855\/revisions"}],"wp:featuredmedia":[{"embeddable":true,"href":"https:\/\/www.europesays.com\/es\/wp-json\/wp\/v2\/media\/277856"}],"wp:attachment":[{"href":"https:\/\/www.europesays.com\/es\/wp-json\/wp\/v2\/media?parent=277855"}],"wp:term":[{"taxonomy":"category","embeddable":true,"href":"https:\/\/www.europesays.com\/es\/wp-json\/wp\/v2\/categories?post=277855"},{"taxonomy":"post_tag","embeddable":true,"href":"https:\/\/www.europesays.com\/es\/wp-json\/wp\/v2\/tags?post=277855"}],"curies":[{"name":"wp","href":"https:\/\/api.w.org\/{rel}","templated":true}]}}