{"id":277862,"date":"2025-12-08T15:46:13","date_gmt":"2025-12-08T15:46:13","guid":{"rendered":"https:\/\/www.europesays.com\/es\/277862\/"},"modified":"2025-12-08T15:46:13","modified_gmt":"2025-12-08T15:46:13","slug":"la-real-no-es-sostenible-si-nada-cambia","status":"publish","type":"post","link":"https:\/\/www.europesays.com\/es\/277862\/","title":{"rendered":"La Real no es sostenible si nada cambia"},"content":{"rendered":"<p data-gtm-element-container=\"modulo-texto-link\" class=\"paragraph\">La Real Sociedad no termina de encontrar una manera asequible, sencilla y viable de competir y acercarse a las victorias de manera recurrente. Su derrota en Vitoria supone un duro varapalo por el resultado y la manera de perder, pero tambi\u00e9n un aviso repetido de que ese no es el camino y necesita uno m\u00e1s corto. No es sostenible vivir de la \u00e9pica, las remontadas y de que el alma consiga puntos en los instantes finales. La Real de <strong>Imanol <\/strong>se construy\u00f3 siendo los mejores en los primeros compases del partido para luego gestionar. Y esta Real de <strong>Sergio <\/strong>no solo no es la mejor sino que, como se vio en Mendizorrotza, es el peor equipo de toda LaLiga en los primeros 45 minutos. Tendr\u00eda \u00fanicamente diez puntos si contasen las primeras mitades, habiendo marcado cinco y encajado la friolera de 13 y march\u00e1ndose por delante al descanso en una \u00fanica ocasi\u00f3n (vs Sevilla), y siete por detr\u00e1s. Ni ser el s\u00e9ptimo mejor en las segundas (24 puntos) sirve para compensarlo.<\/p>\n<p>                <img loading=\"lazy\" decoding=\"async\" data-full-src=\"https:\/\/www.mundodeportivo.com\/uploads\/2025\/12\/06\/69346e8551118.jpeg\" alt=\"Vertical\" width=\"449\" height=\"674\" src=\"https:\/\/www.europesays.com\/es\/wp-content\/uploads\/2025\/12\/69346e8551118.r_d.1290-927.jpeg\" class=\"lazy\"\/><\/p>\n<p class=\"caption-title \">Brais Mendez of Real Sociedad reacts during the LaLiga EA Sports match between Deportivo Alaves and Real Sociedad\u00a0<\/p>\n<p>                    Juan Manuel Serrano Arce \/ Getty<\/p>\n<p data-gtm-element-container=\"modulo-texto-link\" class=\"paragraph\"><strong>Marcar primero<\/strong><\/p>\n<p data-gtm-element-container=\"modulo-texto-link\" class=\"paragraph\">Y es que los txuri urdin se quitaron en El Sadar el trauma de no saber remontar en demasiado tiempo y lo hicieron con una gran actuaci\u00f3n, eficaz, pero eso no significa que vaya a darle la vuelta a los marcadores cada semana como si el rival no se sintiera habitualmente mejor cuando va ganando. Est\u00e1 bien saber hacerlo pero no puede ser un discurso, sino un recurso puntual. El Alav\u00e9s estuvo c\u00f3modo con el 1-0 pese a que la Real se volcara al ataque. La Real de <strong>Sergio <\/strong>estaba viviendo, m\u00e1s all\u00e1 de una mejora evidente en las \u00faltimas semanas en su juego y en su efectividad y competitividad, de lograr puntos sobre la bocina, y eso no es sostenible. Un punto en Vigo, dos extra en el derbi, uno m\u00e1s en Elche y casi otro ante el Villarreal, adem\u00e1s de uno m\u00e1s contra el Espanyol tras ir perdiendo 0-2.<\/p>\n<p>        Lee tambi\u00e9n<\/p>\n<p>    Unai Valverde<\/p>\n<p>             <img loading=\"lazy\" decoding=\"async\" data-full-src=\"https:\/\/www.mundodeportivo.com\/uploads\/2025\/12\/06\/69346e88ac31a.jpeg\" alt=\"Horizontal\" width=\"334\" height=\"164\" src=\"https:\/\/www.europesays.com\/es\/wp-content\/uploads\/2025\/12\/69346e88ac31a.r_d.4817-3208.jpeg\" class=\"lazy\"\/><\/p>\n<p data-gtm-element-container=\"modulo-texto-link\" class=\"paragraph\">Los datos asustan pero es que los txuri urdin \u00fanicamente han estado por delante en lo que va de Liga, que ya son 15 jornadas, 185 minutos, m\u00e1s descuentos. Y es grave porque, salvo contra el Bar\u00e7a, cuando la Real estuvo por delante en alg\u00fan momento del partido, gan\u00f3 el partido (Mallorca, Athletic, Sevilla, Osasuna). Pero claro, ese bot\u00edn es muy escaso. Y  lo que es peor, la Real ha comenzado en 11 partidos de 15 por detr\u00e1s en el marcador, a remolque, obligando a Sergio a agitar el \u00e1rbol y el plan. 489 minutos por detr\u00e1s, m\u00e1s de un tercio del total de minutos jugados. S\u00f3lo ante el Mallorca, el Sevilla y el Athletic no estuvo perdiendo la Real. Grav\u00edsimo. Y de ah\u00ed los 16 puntos de 45 actuales que dejan a los realistas a 11 puntos del Espanyol, por ejemplo, incluso siendo una evidencia que la Real ven\u00eda creciendo.<\/p>\n<p data-gtm-element-container=\"modulo-texto-link\" class=\"paragraph\"><strong>Sin tranquilidad<\/strong><\/p>\n<p data-gtm-element-container=\"modulo-texto-link\" class=\"paragraph\">No se han dado victorias tranquilas. Incluso ante Mallorca y Sevilla en casa se sufri\u00f3 porque el marcador era m\u00ednimo y la tendencia a fallar, alta. Los motivos de todo esto son muchos desde la mala suerte a perdonar en ataque, pero el perpetrar errores graves de valor gol casi en cada partido tiene mucho que ver, incluso en encuentros donde el equipo defendi\u00f3 bien en general. Lastran demasiado.<\/p>\n<p>    Lee tambi\u00e9n<\/p>\n<p data-gtm-element-container=\"modulo-texto-link\" class=\"paragraph\">La Real y el propio <strong>Sergio <\/strong>necesitan dejar de estar en alerta, en la obligaci\u00f3n de atacar con prisas y de dar vueltas al marcador. De destacar el alma para llegar vivos hasta el final y m\u00e1s la gesti\u00f3n para evitar el error. Necesita un plan y sobre todo un refuerzo positivo en forma de gol tempranero en el marcador e ir por delante. Mucho m\u00e1s teniendo en cuenta que sus dos capitanes est\u00e1n fuera y que otro jugador que iba a ser capital no est\u00e1 ni se le espera de momento. Adem\u00e1s de rendimientos individuales muy pobres y decepcionantes, o tremendamente intermitentes, de piezas muy importantes. Es el caso de <strong>Kubo<\/strong>, <strong>Brais<\/strong>, <strong>Aramburu <\/strong>o <strong>Remiro<\/strong>, siendo diferentes los casos de los cuatro.<\/p>\n<p data-gtm-element-container=\"modulo-texto-link\" class=\"paragraph\">El viernes vuelve a tener un partido clave para que la situaci\u00f3n no se enquiste de nuevo. Llega un rival con m\u00e1s tendencia a\u00fan al error grosero propio y que est\u00e1 en descenso, como el Girona. Es un d\u00eda para adelantarse y gestionar a partir de ese primer gol. Y que sirva para lo siguiente.<\/p>\n","protected":false},"excerpt":{"rendered":"La Real Sociedad no termina de encontrar una manera asequible, sencilla y viable de competir y acercarse a&hellip;\n","protected":false},"author":2,"featured_media":277863,"comment_status":"","ping_status":"","sticky":false,"template":"","format":"standard","meta":{"footnotes":""},"categories":[268],"tags":[168,25,24,280,282,281,23,167],"class_list":{"0":"post-277862","1":"post","2":"type-post","3":"status-publish","4":"format-standard","5":"has-post-thumbnail","7":"category-futbol","8":"tag-deportes","9":"tag-es","10":"tag-espana","11":"tag-football","12":"tag-futbol","13":"tag-soccer","14":"tag-spain","15":"tag-sports"},"share_on_mastodon":{"url":"https:\/\/pubeurope.com\/@es\/115684729838115324","error":""},"_links":{"self":[{"href":"https:\/\/www.europesays.com\/es\/wp-json\/wp\/v2\/posts\/277862","targetHints":{"allow":["GET"]}}],"collection":[{"href":"https:\/\/www.europesays.com\/es\/wp-json\/wp\/v2\/posts"}],"about":[{"href":"https:\/\/www.europesays.com\/es\/wp-json\/wp\/v2\/types\/post"}],"author":[{"embeddable":true,"href":"https:\/\/www.europesays.com\/es\/wp-json\/wp\/v2\/users\/2"}],"replies":[{"embeddable":true,"href":"https:\/\/www.europesays.com\/es\/wp-json\/wp\/v2\/comments?post=277862"}],"version-history":[{"count":0,"href":"https:\/\/www.europesays.com\/es\/wp-json\/wp\/v2\/posts\/277862\/revisions"}],"wp:featuredmedia":[{"embeddable":true,"href":"https:\/\/www.europesays.com\/es\/wp-json\/wp\/v2\/media\/277863"}],"wp:attachment":[{"href":"https:\/\/www.europesays.com\/es\/wp-json\/wp\/v2\/media?parent=277862"}],"wp:term":[{"taxonomy":"category","embeddable":true,"href":"https:\/\/www.europesays.com\/es\/wp-json\/wp\/v2\/categories?post=277862"},{"taxonomy":"post_tag","embeddable":true,"href":"https:\/\/www.europesays.com\/es\/wp-json\/wp\/v2\/tags?post=277862"}],"curies":[{"name":"wp","href":"https:\/\/api.w.org\/{rel}","templated":true}]}}