{"id":277864,"date":"2025-12-08T15:47:08","date_gmt":"2025-12-08T15:47:08","guid":{"rendered":"https:\/\/www.europesays.com\/es\/277864\/"},"modified":"2025-12-08T15:47:08","modified_gmt":"2025-12-08T15:47:08","slug":"bailando-y-con-unas-alas-de-hada-en-la-espalda","status":"publish","type":"post","link":"https:\/\/www.europesays.com\/es\/277864\/","title":{"rendered":"bailando y con unas alas de hada en la espalda"},"content":{"rendered":"<p class=\"c-paragraph\"><a href=\"\">Boris Johnson<\/a> ha sacado a relucir su lado m\u00e1s familiar y divertido en el cumplea\u00f1os de su hija Romy. La peque\u00f1a cumple cuatro a\u00f1os y le prepararon una<b> fiesta tem\u00e1tica de hadas<\/b>, donde el que fuera\u00a0primer ministro del Reino Unido no dud\u00f3 en colocarse unas alas en su espalda y unirse al baile organizado por la mism\u00edsima Campanilla.<\/p>\n<p class=\"c-paragraph\">La mujer del expol\u00edtico brit\u00e1nico, Carrie Johnson, ha compartido en su cuenta de Instagram un <b>carrusel con fotograf\u00edas y v\u00eddeos <\/b>del gran d\u00eda en el que este se convirti\u00f3 en uno de los protagonistas.<\/p>\n<p class=\"c-paragraph\">\u00abFue un caos total. A ella <b>le encant\u00f3 cada minuto de eso<\/b>. Un fuerte agradecimiento a la gente que hicieron que fuera un d\u00eda tan divertido\u00bb, apunt\u00f3 en una primera instancia antes de hablar de la intervenci\u00f3 de su marido.<\/p>\n<p class=\"c-paragraph\">\u00abNo solo se visti\u00f3 como un duende para complacer a nuestra peque\u00f1a ni\u00f1a, sino que tambi\u00e9n <b>intent\u00f3 el cha cha para atraer a todos a la pista de baile. Leyenda<\/b>\u00ab, matiz\u00f3 la mujer sobre Boris Johnson.<\/p>\n<p class=\"c-paragraph\">\u00abSe ha convertido en una tradici\u00f3n que nos disfracemos para las fiestas de cumplea\u00f1os de nuestros hijos, pero creemos que ambos estaremos encantados de ver la parte trasera de esas orejas de hada de goma.<b> \u00a1Las cosas que haces por tus hijos!\u00bb<\/b>, finaliz\u00f3 Carrie en su texto, bromeando tambi\u00e9n sobre las puntas de pl\u00e1stico que se pusieron para simular esta parte del cuerpo tan caracter\u00edstica de los seres fant\u00e1sticos.<\/p>\n<p class=\"c-paragraph\">El v\u00eddeo se ha viralizado en las redes sociales y ha habido quienes han comentado la actuaci\u00f3n y caracterizaci\u00f3n de Boris Johnson. \u00abUn 10\/10\u00bb, <b>\u00ab\u00a1Qu\u00e9 esfuerzo de Boris! Parece un hermoso duende\u00bb<\/b>, \u00abPetici\u00f3n para ver el a\u00f1o que viene a Boris en Strictly (concurso de baile de la BBC)\u00bb, son algunos de los mensajes al respecto.<\/p>\n","protected":false},"excerpt":{"rendered":"Boris Johnson ha sacado a relucir su lado m\u00e1s familiar y divertido en el cumplea\u00f1os de su hija&hellip;\n","protected":false},"author":2,"featured_media":277865,"comment_status":"","ping_status":"","sticky":false,"template":"","format":"standard","meta":{"footnotes":""},"categories":[174],"tags":[67619,255,6996,146,147,25,24,367,256,1922,23],"class_list":{"0":"post-277864","1":"post","2":"type-post","3":"status-publish","4":"format-standard","5":"has-post-thumbnail","7":"category-famosos","8":"tag-bros-johnson","9":"tag-celebrities","10":"tag-cumpleanos","11":"tag-entertainment","12":"tag-entretenimiento","13":"tag-es","14":"tag-espana","15":"tag-familia","16":"tag-famosos","17":"tag-redes-sociales","18":"tag-spain"},"share_on_mastodon":{"url":"https:\/\/pubeurope.com\/@es\/115684733499886759","error":""},"_links":{"self":[{"href":"https:\/\/www.europesays.com\/es\/wp-json\/wp\/v2\/posts\/277864","targetHints":{"allow":["GET"]}}],"collection":[{"href":"https:\/\/www.europesays.com\/es\/wp-json\/wp\/v2\/posts"}],"about":[{"href":"https:\/\/www.europesays.com\/es\/wp-json\/wp\/v2\/types\/post"}],"author":[{"embeddable":true,"href":"https:\/\/www.europesays.com\/es\/wp-json\/wp\/v2\/users\/2"}],"replies":[{"embeddable":true,"href":"https:\/\/www.europesays.com\/es\/wp-json\/wp\/v2\/comments?post=277864"}],"version-history":[{"count":0,"href":"https:\/\/www.europesays.com\/es\/wp-json\/wp\/v2\/posts\/277864\/revisions"}],"wp:featuredmedia":[{"embeddable":true,"href":"https:\/\/www.europesays.com\/es\/wp-json\/wp\/v2\/media\/277865"}],"wp:attachment":[{"href":"https:\/\/www.europesays.com\/es\/wp-json\/wp\/v2\/media?parent=277864"}],"wp:term":[{"taxonomy":"category","embeddable":true,"href":"https:\/\/www.europesays.com\/es\/wp-json\/wp\/v2\/categories?post=277864"},{"taxonomy":"post_tag","embeddable":true,"href":"https:\/\/www.europesays.com\/es\/wp-json\/wp\/v2\/tags?post=277864"}],"curies":[{"name":"wp","href":"https:\/\/api.w.org\/{rel}","templated":true}]}}