{"id":277866,"date":"2025-12-08T15:48:09","date_gmt":"2025-12-08T15:48:09","guid":{"rendered":"https:\/\/www.europesays.com\/es\/277866\/"},"modified":"2025-12-08T15:48:09","modified_gmt":"2025-12-08T15:48:09","slug":"los-trabajadores-del-louvre-convocan-una-huelga-ante-la-degradacion-del-museo-cultura","status":"publish","type":"post","link":"https:\/\/www.europesays.com\/es\/277866\/","title":{"rendered":"Los trabajadores del Louvre convocan una huelga ante la degradaci\u00f3n del museo | Cultura"},"content":{"rendered":"<p class=\"\"><a href=\"https:\/\/google.com\/search?q=daniel+verd\u00fa+el+pais+louvre+macron&amp;oq=daniel+verd\u00fa+el+pais+louvre+macron&amp;gs_lcrp=EgZjaHJvbWUyBggAEEUYOTIHCAEQIRigAdIBCDY0MzVqMGo5qAIAsAIB&amp;sourceid=chrome&amp;ie=UTF-8\" target=\"_self\" rel=\"nofollow noopener\" title=\"https:\/\/google.com\/search?q=daniel+verd\u00fa+el+pais+louvre+macron&amp;oq=daniel+verd\u00fa+el+pais+louvre+macron&amp;gs_lcrp=EgZjaHJvbWUyBggAEEUYOTIHCAEQIRigAdIBCDY0MzVqMGo5qAIAsAIB&amp;sourceid=chrome&amp;ie=UTF-8\">El presidente franc\u00e9s, Emmanuel Macron<\/a>, anunci\u00f3 el pasado enero un plan llamado a provocar el \u201crenacimiento\u201d del museo del Louvre. El jefe del Estado, imbuido de la solemnidad de un mandatario que liga su suerte a la de la pinacoteca m\u00e1s importante del mundo, prometi\u00f3 una gran reforma para poner fin a la decadencia del museo, cuya infraestructura, organizaci\u00f3n y mantenimiento hac\u00edan agua. Literalmente. Un a\u00f1o despu\u00e9s, el caos en el que se ha sumido el Louvre era inimaginable en ese momento. Tras el espectacular robo de las joyas de la corona en octubre y <a href=\"https:\/\/elpais.com\/cultura\/2025-12-07\/cerca-de-400-documentos-del-departamento-egipcio-del-louvre-danados-por-una-fuga-de-agua.html\" target=\"_self\" rel=\"nofollow noopener\" title=\"https:\/\/elpais.com\/cultura\/2025-12-07\/cerca-de-400-documentos-del-departamento-egipcio-del-louvre-danados-por-una-fuga-de-agua.html\">una fuga de agua que caus\u00f3 importantes da\u00f1os en una galer\u00eda<\/a> con documentaci\u00f3n sobre el periodo egipcio, la pinacoteca se encamina hacia una huelga a partir del pr\u00f3ximo 15 de diciembre, a pocos d\u00edas de las fiestas de Navidad. <\/p>\n<p class=\"\">El domingo, el conjunto de las organizaciones sindicales del museo (CFDT, CGT y SUD) present\u00f3 un preaviso de huelga renovable a partir del lunes 15 de diciembre para protestar contra \u201clas condiciones de trabajo degradadas\u201d y los \u201cmedios insuficientes\u201d, seg\u00fan public\u00f3 la agencia AFP. El aviso se present\u00f3 ante el Ministerio de Cultura y fue aprobado por unanimidad en una asamblea general que reuni\u00f3 a \u201cunas 200 personas\u201d el lunes por la ma\u00f1ana en el auditorio del Louvre, seg\u00fan los sindicatos. <\/p>\n<p class=\"\"><a href=\"https:\/\/google.com\/search?q=daniel+verd\u00fa+el+pais+louvre+macron&amp;oq=daniel+verd\u00fa+el+pais+louvre+macron&amp;gs_lcrp=EgZjaHJvbWUyBggAEEUYOTIHCAEQIRigAdIBCDY0MzVqMGo5qAIAsAIB&amp;sourceid=chrome&amp;ie=UTF-8\" target=\"_self\" rel=\"nofollow noopener\" title=\"https:\/\/google.com\/search?q=daniel+verd\u00fa+el+pais+louvre+macron&amp;oq=daniel+verd\u00fa+el+pais+louvre+macron&amp;gs_lcrp=EgZjaHJvbWUyBggAEEUYOTIHCAEQIRigAdIBCDY0MzVqMGo5qAIAsAIB&amp;sourceid=chrome&amp;ie=UTF-8\">Los sindicatos denuncian lo que la propia direcci\u00f3n del museo anunci\u00f3 hace un a\u00f1o en un documento que se filtr\u00f3 a la prensa:<\/a> el Louvre atraviesa un proceso de degradaci\u00f3n de su espacio insostenible. En el punto de mira de los empleados, adem\u00e1s, se encuentran la falta de efectivos y la gesti\u00f3n de la presidenta Laurence des Cars, al frente de la instituci\u00f3n desde 2021, a quien culpan de una gesti\u00f3n \u201cpiramidal y compartimentada\u201d. \u201cCada d\u00eda, los espacios museogr\u00e1ficos se cierran muy por encima de lo previsto en el plan de apertura garantizada, por falta de personal suficiente y debido tambi\u00e9n a fallos t\u00e9cnicos\u201d, denuncian los sindicatos en una carta dirigida a <a href=\"https:\/\/elpais.com\/internacional\/2025-11-30\/rachida-dati-la-carrera-hacia-paris-entre-camiones-de-basura-y-joyas.html\" target=\"_self\" rel=\"nofollow noopener\" title=\"https:\/\/elpais.com\/internacional\/2025-11-30\/rachida-dati-la-carrera-hacia-paris-entre-camiones-de-basura-y-joyas.html\">la ministra de Cultura, Rachida Dati.<\/a><\/p>\n<p class=\"\">\u201cEl p\u00fablico ya solo tiene acceso limitado a las obras y se ve obstaculizado en sus desplazamientos. Visitar el Louvre se ha convertido en un verdadero recorrido de obst\u00e1culos\u201d, afirman igualmente. Seg\u00fan ellos, \u201clas diversas alertas internas han quedado sin respuesta\u201d y lo expresado \u201cante la representaci\u00f3n nacional y los medios de comunicaci\u00f3n por la direcci\u00f3n del Louvre no nos permite esperar una toma de conciencia a la altura de la crisis que atravesamos\u201d. Por ello solicitan una negociaci\u00f3n directamente con el Ministerio de Cultura, \u201cdebido a la degradaci\u00f3n sin precedentes del clima social interno y a la necesidad de obtener respuestas por parte de las autoridades competentes\u201d.<\/p>\n<p class=\"\">La \u00faltima gran reforma del Louvre se produjo a mediados de los a\u00f1os 80, cuando <a href=\"https:\/\/elpais.com\/internacional\/2022-04-15\/mitterrand-chateau-chinon-y-el-desastre-socialista-en-las-elecciones-en-francia.html\" rel=\"nofollow noopener\" target=\"_blank\">Fran\u00e7ois Mitterrand<\/a> ocupaba el Palacio de El\u00edseo. Entonces, entre otras cosas, se encarg\u00f3 a <a href=\"https:\/\/elpais.com\/tag\/ieoh_ming_pei\/a\" rel=\"nofollow noopener\" target=\"_blank\">Ieoh Ming Pei<\/a>, uno de los arquitectos m\u00e1s prol\u00edficos y venerados del mundo, el dise\u00f1o y construcci\u00f3n de la gran pir\u00e1mide de cristal y hierro que servir\u00eda para acoger a los visitantes de forma m\u00e1s ordenada. Terminaba entonces el caos. Pero comenzaba la gran era del turismo de masas. Y ni siquiera esa reforma mantiene hoy ya los est\u00e1ndares medioambientales y de confort.<\/p>\n<p class=\"\">Los sindicatos se\u00f1alan igualmente \u201cuna gesti\u00f3n de recursos humanos cada vez m\u00e1s brutal\u201d e \u201cinstrucciones contradictorias\u201d. El \u00faltimo movimiento social, el 16 de junio, solo dur\u00f3 unas horas. Esta vez, la huelga podr\u00eda prolongarse en el tiempo.<\/p>\n<p class=\"\">Mientras tanto, y despu\u00e9s de varias detenciones y tres sospechosos en la c\u00e1rcel, la polic\u00eda sigue sin encontrar las joyas que fueron robadas. Su valor, 88 millones de euros, y el hecho de que no puedan ser vendidas enteras, hacen pensar que podr\u00edan ya haber sido desmontadas.<\/p>\n","protected":false},"excerpt":{"rendered":"El presidente franc\u00e9s, Emmanuel Macron, anunci\u00f3 el pasado enero un plan llamado a provocar el \u201crenacimiento\u201d del museo&hellip;\n","protected":false},"author":2,"featured_media":277867,"comment_status":"","ping_status":"","sticky":false,"template":"","format":"standard","meta":{"footnotes":""},"categories":[173],"tags":[229,233,231,230,209,232,234,730,146,147,25,24,317,4016,3873,11989,23],"class_list":{"0":"post-277866","1":"post","2":"type-post","3":"status-publish","4":"format-standard","5":"has-post-thumbnail","7":"category-arte-y-diseno","8":"tag-arte","9":"tag-arte-y-diseno","10":"tag-arts","11":"tag-arts-and-design","12":"tag-cultura","13":"tag-design","14":"tag-diseno","15":"tag-emmanuel-macron","16":"tag-entertainment","17":"tag-entretenimiento","18":"tag-es","19":"tag-espana","20":"tag-francia","21":"tag-joyas","22":"tag-museos","23":"tag-robos","24":"tag-spain"},"share_on_mastodon":{"url":"https:\/\/pubeurope.com\/@es\/115684737258899392","error":""},"_links":{"self":[{"href":"https:\/\/www.europesays.com\/es\/wp-json\/wp\/v2\/posts\/277866","targetHints":{"allow":["GET"]}}],"collection":[{"href":"https:\/\/www.europesays.com\/es\/wp-json\/wp\/v2\/posts"}],"about":[{"href":"https:\/\/www.europesays.com\/es\/wp-json\/wp\/v2\/types\/post"}],"author":[{"embeddable":true,"href":"https:\/\/www.europesays.com\/es\/wp-json\/wp\/v2\/users\/2"}],"replies":[{"embeddable":true,"href":"https:\/\/www.europesays.com\/es\/wp-json\/wp\/v2\/comments?post=277866"}],"version-history":[{"count":0,"href":"https:\/\/www.europesays.com\/es\/wp-json\/wp\/v2\/posts\/277866\/revisions"}],"wp:featuredmedia":[{"embeddable":true,"href":"https:\/\/www.europesays.com\/es\/wp-json\/wp\/v2\/media\/277867"}],"wp:attachment":[{"href":"https:\/\/www.europesays.com\/es\/wp-json\/wp\/v2\/media?parent=277866"}],"wp:term":[{"taxonomy":"category","embeddable":true,"href":"https:\/\/www.europesays.com\/es\/wp-json\/wp\/v2\/categories?post=277866"},{"taxonomy":"post_tag","embeddable":true,"href":"https:\/\/www.europesays.com\/es\/wp-json\/wp\/v2\/tags?post=277866"}],"curies":[{"name":"wp","href":"https:\/\/api.w.org\/{rel}","templated":true}]}}