{"id":277881,"date":"2025-12-08T15:58:08","date_gmt":"2025-12-08T15:58:08","guid":{"rendered":"https:\/\/www.europesays.com\/es\/277881\/"},"modified":"2025-12-08T15:58:08","modified_gmt":"2025-12-08T15:58:08","slug":"japon-emite-una-alerta-de-tsunami-despues-de-un-potente-terremoto-de-magnitud-76-en-el-pacifico","status":"publish","type":"post","link":"https:\/\/www.europesays.com\/es\/277881\/","title":{"rendered":"Jap\u00f3n emite una alerta de tsunami despu\u00e9s de un potente terremoto de magnitud 7,6 en el Pac\u00edfico"},"content":{"rendered":"<p style=\"\">Un potente terremoto de magnitud 7,6 ha sacudido la regi\u00f3n noreste de Jap\u00f3n a \u00faltima hora del lunes, lo que ha provocado alertas de tsunami y \u00f3rdenes de evacuaci\u00f3n para los residentes. Las olas podr\u00edan alcanzar hasta los tres metros de altura y azotar  &#8230; la costa noreste del pa\u00eds.<\/p>\n<p class=\"voc-p\" style=\"\"> El terremoto, seg\u00fan inform\u00f3 la Agencia Meteorol\u00f3gica de Jap\u00f3n (JMA),  tuvo lugar a las 23:15 hora local (15:15 horas en Espa\u00f1a). Tras registrarlo, se emitieron alertas de tsunami para las prefecturas de Hokkaido, Aomori e Iwate, y se observ\u00f3 un tsunami de 40 cm en los puertos de Mutsu Ogawara en Aomori y Urakawa en Hokkaido antes de la medianoche, seg\u00fan la JMA. <\/p>\n<p class=\"voc-p\" style=\"\">El epicentro del sismo se situ\u00f3 a 80 kil\u00f3metros de la costa de la prefectura de Aomori, a una profundidad de 50 kil\u00f3metros, a\u00f1adi\u00f3 la agencia.<\/p>\n<p class=\"voc-p\" style=\"\">Cabe recordar que Jap\u00f3n es uno de los pa\u00edses m\u00e1s propensos a terremotos del mundo, con un temblor que se produce al menos cada cinco minutos. Ubicado en el cintur\u00f3n de fuego, un arco de volcanes y fosas oce\u00e1nicas que rodea parcialmente la cuenca del Pac\u00edfico, el pa\u00eds registra aproximadamente el 20 % de los terremotos mundiales de magnitud 6,0 o superior.<\/p>\n<p class=\"voc-p\" style=\"\"> East Japan Railway suspendi\u00f3 algunos servicios ferroviarios en la zona, que tambi\u00e9n se vio afectada por el potente terremoto de magnitud 9,0 en marzo de 2011 que afect\u00f3 a la central nuclear de Fukushima.<\/p>\n<p class=\"voc-p\" style=\"\">NOTICIA EN AMPLIACI\u00d3N<\/p>\n","protected":false},"excerpt":{"rendered":"Un potente terremoto de magnitud 7,6 ha sacudido la regi\u00f3n noreste de Jap\u00f3n a \u00faltima hora del lunes,&hellip;\n","protected":false},"author":2,"featured_media":277882,"comment_status":"","ping_status":"","sticky":false,"template":"","format":"standard","meta":{"footnotes":""},"categories":[42],"tags":[3830,17,18,987,8170,13,14,11,61,62,63,64,3564,19,20,9,10,15,16,14765,7049,12,8906,21,22,65,66,67],"class_list":{"0":"post-277881","1":"post","2":"type-post","3":"status-publish","4":"format-standard","5":"has-post-thumbnail","7":"category-internacional","8":"tag-alerta","9":"tag-breaking-news","10":"tag-breakingnews","11":"tag-despues","12":"tag-emite","13":"tag-featured-news","14":"tag-featurednews","15":"tag-headlines","16":"tag-internacional","17":"tag-international","18":"tag-international-news","19":"tag-internationalnews","20":"tag-japon","21":"tag-latest-news","22":"tag-latestnews","23":"tag-news","24":"tag-noticias","25":"tag-noticias-destacadas","26":"tag-noticiasdestacadas","27":"tag-potente","28":"tag-terremoto","29":"tag-titulares","30":"tag-tsunami","31":"tag-ultimas-noticias","32":"tag-ultimasnoticias","33":"tag-world","34":"tag-world-news","35":"tag-worldnews"},"share_on_mastodon":{"url":"https:\/\/pubeurope.com\/@es\/115684776985852718","error":""},"_links":{"self":[{"href":"https:\/\/www.europesays.com\/es\/wp-json\/wp\/v2\/posts\/277881","targetHints":{"allow":["GET"]}}],"collection":[{"href":"https:\/\/www.europesays.com\/es\/wp-json\/wp\/v2\/posts"}],"about":[{"href":"https:\/\/www.europesays.com\/es\/wp-json\/wp\/v2\/types\/post"}],"author":[{"embeddable":true,"href":"https:\/\/www.europesays.com\/es\/wp-json\/wp\/v2\/users\/2"}],"replies":[{"embeddable":true,"href":"https:\/\/www.europesays.com\/es\/wp-json\/wp\/v2\/comments?post=277881"}],"version-history":[{"count":0,"href":"https:\/\/www.europesays.com\/es\/wp-json\/wp\/v2\/posts\/277881\/revisions"}],"wp:featuredmedia":[{"embeddable":true,"href":"https:\/\/www.europesays.com\/es\/wp-json\/wp\/v2\/media\/277882"}],"wp:attachment":[{"href":"https:\/\/www.europesays.com\/es\/wp-json\/wp\/v2\/media?parent=277881"}],"wp:term":[{"taxonomy":"category","embeddable":true,"href":"https:\/\/www.europesays.com\/es\/wp-json\/wp\/v2\/categories?post=277881"},{"taxonomy":"post_tag","embeddable":true,"href":"https:\/\/www.europesays.com\/es\/wp-json\/wp\/v2\/tags?post=277881"}],"curies":[{"name":"wp","href":"https:\/\/api.w.org\/{rel}","templated":true}]}}