{"id":277886,"date":"2025-12-08T16:07:18","date_gmt":"2025-12-08T16:07:18","guid":{"rendered":"https:\/\/www.europesays.com\/es\/277886\/"},"modified":"2025-12-08T16:07:18","modified_gmt":"2025-12-08T16:07:18","slug":"una-caida-de-van-der-poel-ahora-podria-cambiar-el-destino","status":"publish","type":"post","link":"https:\/\/www.europesays.com\/es\/277886\/","title":{"rendered":"Una ca\u00edda de Van der Poel ahora podr\u00eda cambiar el destino"},"content":{"rendered":"<p>\t\t\t\t\t\t\t\t\t\t\t\t\t\t<img fetchpriority=\"high\" decoding=\"async\" class=\"aligncenter size-full wp-image-67398\" src=\"data:image\/svg+xml,%3Csvg%20xmlns=\" http:=\"\" alt=\"\" width=\"1025\" height=\"400\" data-lazy- data-lazy- data-lazy-src=\"https:\/\/www.europesays.com\/es\/wp-content\/uploads\/2025\/11\/anunci-generic-bla-1-1024x120-px-v3-02.jpg\"\/><br \/>\nUna ca\u00edda de Van der Poel ahora podr\u00eda cambiar el destino de muchas cosas<\/p>\n<p>Hay quien dice que es fortuna, otros hablan de un dominio del oficio como pocos.<\/p>\n<p>Sea suerte, sea instinto, sea la magia que le acompa\u00f1a desde cadete, <strong>lo cierto es que Mathieu Van der Poel volvi\u00f3 a burlar al destino<\/strong> en una de esas escenas que quedan grabadas: entrenando en J\u00e1vea, donde lleva a\u00f1os afinando la pretemporada, el campe\u00f3n neerland\u00e9s se salv\u00f3 de una ca\u00edda que pod\u00eda haber sido muy fea.<\/p>\n<p>Todo ocurri\u00f3 cuando iniciaba un sprint junto a Anatole Leboucher.<\/p>\n<p><a class=\"wppaslink\" href=\"https:\/\/joanseguidor.com\/pas\/ccmm-valenciana\/44016\/0\" target=\"_blank\" rel=\"nofollow noopener\"><img decoding=\"async\" src=\"data:image\/svg+xml,%3Csvg%20xmlns=\" http:=\"\" alt=\"CCMM Valenciana\" border=\"0\" data-lazy-src=\"https:\/\/www.europesays.com\/es\/wp-content\/uploads\/2025\/12\/1765210037_30_aralleida-hivern-970x250-crea2-es.jpg\"\/><\/a><\/p>\n<p>Apret\u00f3 <strong>el l\u00edder del Alpecin-Premier Tech, se puso en modo animal, y entonces el cambio decidi\u00f3 traicionarlo<\/strong>.<\/p>\n<p>Un latigazo seco, brutal, de esos que tumban a cualquiera.<\/p>\n<p>La bici se cruz\u00f3, serpente\u00f3, y Mathieu bail\u00f3 sobre el abismo, sosteni\u00e9ndose en equilibrio gracias a algo que no se entrena en el gimnasio: <strong>una habilidad t\u00e9cnica fuera de lo com\u00fan<\/strong>, capaz de enderezar lo que para otros ser\u00eda ca\u00edda segura y da\u00f1os severos.<\/p>\n<p>Si se salv\u00f3 fue por reflejos, s\u00ed, pero sobre todo por ese manejo innato que lo ha acompa\u00f1ado toda la vida.<\/p>\n<p><strong>Y la escena deja otra reflexi\u00f3n inevitable: lo mucho que arriesga esta gente.<\/strong><\/p>\n<p>Entrenan a velocidades indecentes, juegan con mil variables, conviven con el peligro como si fuera un vecino m\u00e1s.<\/p>\n<p>Cada salida es una ruleta, y aun as\u00ed siguen empujando, porque en ese riesgo reside tambi\u00e9n su grandeza.<\/p>\n<p>Quiz\u00e1 por eso esta salvada tiene un peso especial.<\/p>\n<p>Porque lo que se juega Van der Poel en las pr\u00f3ximas semanas es enorme.<\/p>\n<p>En el horizonte inmediato asoma el ciclocross, su terreno sagrado.<\/p>\n<p><strong>El domingo pr\u00f3ximo debutar\u00e1 en Namur, una catedral del barro.<\/strong><\/p>\n<p>All\u00ed comenzar\u00e1 a perseguir algo may\u00fasculo: su octavo t\u00edtulo mundial, un logro que lo colocar\u00eda en un pedestal reservado a los elegidos de verdad. Ocho. Casi irreal.<\/p>\n<p>Pero la temporada no termina ah\u00ed. Cada susto como el de J\u00e1vea puede comprometer algo a\u00fan m\u00e1s delicado: su camino hacia Mil\u00e1n\u2013San Remo, una carrera que obsesiona por igual a \u00e9l y a Tadej Poga\u010dar.<\/p>\n<p><strong>Para enfrentarse al esloveno en la Via Roma hace falta llegar al 110%<\/strong>, sin un mil\u00edmetro de error.<\/p>\n<p>Un accidente ahora, en pleno invierno, podr\u00eda descuadrarlo todo.<\/p>\n<p>Por eso la salvada de hoy no es an\u00e9cdota.<\/p>\n<p>Es aviso. Van der Poel camina sobre el filo de la historia\u2026 y del peligro.<\/p>\n<p>Y cada vez que logra mantenerse en pie, seguimos teniendo permiso para creer en lo extraordinario.<\/p>\n<p data-start=\"1576\" data-end=\"1809\">Imagen: A.S.O.\/Billy Ceusters<\/p>\n<p><strong><a href=\"https:\/\/terresdelebre.travel\/cycling\/es\/deportivo\" target=\"_blank\" rel=\"noopener nofollow\"><img loading=\"lazy\" decoding=\"async\" class=\"aligncenter\" src=\"data:image\/svg+xml,%3Csvg%20xmlns=\" http:=\"\" alt=\"\" width=\"1024\" height=\"400\" data-lazy-src=\"https:\/\/www.europesays.com\/es\/wp-content\/uploads\/2025\/10\/1024x400-cicloturisme-joanseguidor.jpg\"\/><\/a><\/strong><\/p>\n","protected":false},"excerpt":{"rendered":"Una ca\u00edda de Van der Poel ahora podr\u00eda cambiar el destino de muchas cosas Hay quien dice que&hellip;\n","protected":false},"author":2,"featured_media":66932,"comment_status":"","ping_status":"","sticky":false,"template":"","format":"standard","meta":{"footnotes":""},"categories":[273],"tags":[313,312,168,25,24,2548,7619,23,167],"class_list":{"0":"post-277886","1":"post","2":"type-post","3":"status-publish","4":"format-standard","5":"has-post-thumbnail","7":"category-ciclismo","8":"tag-ciclismo","9":"tag-cycling","10":"tag-deportes","11":"tag-es","12":"tag-espana","13":"tag-featured","14":"tag-mathieu-van-der-poel","15":"tag-spain","16":"tag-sports"},"share_on_mastodon":{"url":"https:\/\/pubeurope.com\/@es\/115684811944314038","error":""},"_links":{"self":[{"href":"https:\/\/www.europesays.com\/es\/wp-json\/wp\/v2\/posts\/277886","targetHints":{"allow":["GET"]}}],"collection":[{"href":"https:\/\/www.europesays.com\/es\/wp-json\/wp\/v2\/posts"}],"about":[{"href":"https:\/\/www.europesays.com\/es\/wp-json\/wp\/v2\/types\/post"}],"author":[{"embeddable":true,"href":"https:\/\/www.europesays.com\/es\/wp-json\/wp\/v2\/users\/2"}],"replies":[{"embeddable":true,"href":"https:\/\/www.europesays.com\/es\/wp-json\/wp\/v2\/comments?post=277886"}],"version-history":[{"count":0,"href":"https:\/\/www.europesays.com\/es\/wp-json\/wp\/v2\/posts\/277886\/revisions"}],"wp:featuredmedia":[{"embeddable":true,"href":"https:\/\/www.europesays.com\/es\/wp-json\/wp\/v2\/media\/66932"}],"wp:attachment":[{"href":"https:\/\/www.europesays.com\/es\/wp-json\/wp\/v2\/media?parent=277886"}],"wp:term":[{"taxonomy":"category","embeddable":true,"href":"https:\/\/www.europesays.com\/es\/wp-json\/wp\/v2\/categories?post=277886"},{"taxonomy":"post_tag","embeddable":true,"href":"https:\/\/www.europesays.com\/es\/wp-json\/wp\/v2\/tags?post=277886"}],"curies":[{"name":"wp","href":"https:\/\/api.w.org\/{rel}","templated":true}]}}