{"id":277911,"date":"2025-12-08T16:23:10","date_gmt":"2025-12-08T16:23:10","guid":{"rendered":"https:\/\/www.europesays.com\/es\/277911\/"},"modified":"2025-12-08T16:23:10","modified_gmt":"2025-12-08T16:23:10","slug":"ayuso-asegura-que-la-crisis-en-el-hospital-de-torrejon-es-una-campana-mezquina-para-eclipsar-la-huelga-sanitaria-nacional","status":"publish","type":"post","link":"https:\/\/www.europesays.com\/es\/277911\/","title":{"rendered":"Ayuso asegura que la crisis en el Hospital de Torrej\u00f3n es una \u00abcampa\u00f1a mezquina\u00bb para eclipsar la huelga sanitaria nacional"},"content":{"rendered":"<p class=\"article-text\">\n        La presidenta de la Comunidad de Madrid, Isabel D\u00edaz Ayuso, ha asegurado que hay una \u201ccampa\u00f1a mezquina\u201d contra la sanidad de Madrid para \u201ceclipsar\u201d las huelgas de profesionales sanitarios <a href=\"https:\/\/www.eldiario.es\/sociedad\/sindicatos-convocan-huelga-indefinida-enero-estatuto-sanidad_1_12820107.html\" target=\"_blank\" data-mrf-recirculation=\"links-noticia\" class=\"link\" rel=\"nofollow noopener\">contra el Gobierno por el Estatuto Marco.<\/a> La dirigente madrile\u00f1a tambi\u00e9n ha acusado de \u201calarmar\u201d con el Hospital de Torrej\u00f3n, <a href=\"https:\/\/www.eldiario.es\/sociedad\/documento-interno-alerto-direccion-hospital-torrejon-elegia-pacientes-rentabilidad-economica_1_12821889.html\" target=\"_blank\" data-mrf-recirculation=\"links-noticia\" class=\"link\" rel=\"nofollow noopener\">un centro p\u00fablico que gestiona la empresa Ribera Salud<\/a>, envuelto en un esc\u00e1ndalo tras los audios en los que el CEO del grupo instaba a rechazar pacientes o pr\u00e1cticas no rentables.\n    <\/p>\n<p>    <a href=\"https:\/\/www.eldiario.es\/sociedad\/direccion-hospital-torrejon-modifico-triaje-urgencias-calificar-leves-pacientes-graves_1_12824850.html\" data-mrf-recirculation=\"saber-mas\" data-dl-event=\"saber-mas\" rel=\"nofollow noopener\" target=\"_blank\"><\/p>\n<p class=\"know-more__title\">La direcci\u00f3n del hospital de Torrej\u00f3n modific\u00f3 el triaje en Urgencias para calificar como leves a pacientes graves<\/p>\n<p>            <img decoding=\"async\" class=\"lazy\" loading=\"lazy\" data-src=\"https:\/\/static.eldiario.es\/clip\/72b077bd-2a09-4440-8252-3c30d757f5e9_16-9-aspect-ratio_default_0.jpg\" src=\"data:image\/svg+xml,%3Csvg xmlns=\" http:=\"\" viewbox=\"0 0 880 495\" alt=\"La direcci\u00f3n del hospital de Torrej\u00f3n modific\u00f3 el triaje en Urgencias para calificar como leves a pacientes graves\"\/><\/p>\n<p>                        <\/a><\/p>\n<p class=\"article-text\">\n        El s\u00e1bado la l\u00edder de la Comunidad de Madrid ya dijo que todo era una exageraci\u00f3n de Moncloa y rebaj\u00f3 la crisis a \u201ctrifulcas entre directivos\u201d. A esa estrategia se ha sumado la consejera de Sanidad, F\u00e1tima Matute, que ha criticado los \u201cintereses deleznables\u201d de la izquierda y espera que la empresa gestora d\u00e9 las explicaciones oportunas en la reuni\u00f3n que mantendr\u00e1 este martes.\n    <\/p>\n<blockquote class=\"twitter-tweet\" data-lang=\"es\"><p><a href=\"https:\/\/twitter.com\/X\/status\/1998016383964115154?ref_src=twsrc%5Etfw\" rel=\"nofollow noopener\" target=\"_blank\"><\/p><\/blockquote>\n<p class=\"article-text\">\n        En una entrevista en esRadio, la consejera ha dicho que la conversaci\u00f3n del CEO de Ribera Salud est\u00e1 \u201csesgada\u201d y que habr\u00eda que escucharla entera, si bien ha insistido en que el fragmento que se ha conocido es \u201cinaceptable\u201d: \u201cYo estoy de acuerdo en que hayan retirado a este CEO de sus funciones hasta que todo se aclare\u201d. Tambi\u00e9n ha sacado pecho de las cifras de listas de espera del hospital.\n    <\/p>\n<p class=\"article-text\">\n        Y ha apuntado al \u201cinter\u00e9s que hay de tapar todos los esc\u00e1ndalos\u201d que rodean al Gobierno \u201centre la corrupci\u00f3n, los puteros, las sobrinas, los sobones y los hermanos\u201d. \u201cEs que es todo un disparate y entonces intentan hacer un &#8216;casus belli&#8217; de algo que a m\u00ed me parece lo m\u00e1s preciado, como digo, que es la sanidad\u201d, ha reprochado. As\u00ed, Matute ha dicho que se est\u00e1n \u201cdando noticias falsas de material reutilizado, de restos, cosas que parece que estamos en Ruanda\u201d porque son \u201cviles, mezquinos\u201d. \u201cHay una huelga ma\u00f1ana, a lo mejor es lo que quiere tapar [M\u00f3nica Garc\u00eda]\u201d, ha afirmado.\n    <\/p>\n<p class=\"article-text\">\n        Los\u00a0<a href=\"https:\/\/www.eldiario.es\/madrid\/empresa-gestora-hospital-publico-torrejon-despidio-cuatro-directivos-denunciaron-orden-rechazar-pacientes-ganar_1_12819572.html\" target=\"_blank\" data-mrf-recirculation=\"links-noticia\" class=\"link\" rel=\"nofollow noopener\">audios en los que el jefe de Ribera Salud apretaba a ejecutivos<\/a>\u00a0para que antepusieran el beneficio econ\u00f3mico a la salud de los ciudadanos en el hospital de Torrej\u00f3n son el remate de una estrategia de ahorro de costes en este centro hospitalario de la que ya hab\u00eda habido numerosas se\u00f1ales de alarma y que fueron denunciadas por los propios trabajadores y por sindicatos. Un documento interno alert\u00f3 de que la direcci\u00f3n eleg\u00eda <a href=\"https:\/\/www.eldiario.es\/sociedad\/documento-interno-alerto-direccion-hospital-torrejon-elegia-pacientes-rentabilidad-economica_1_12821889.html\" target=\"_blank\" data-mrf-recirculation=\"links-noticia\" class=\"link\" rel=\"nofollow noopener\">pacientes por \u201crentabilidad econ\u00f3mica\u201d<\/a>. Fuentes del hospital detallan que lo que hac\u00eda la direcci\u00f3n era priorizar en cirug\u00edas y consultas a la gente que ven\u00eda de fuera de Torrej\u00f3n: a igualdad de patolog\u00edas, a igualdad de gravedad, entraba antes un paciente de otra \u00e1rea sanitaria. La explicaci\u00f3n a esta pr\u00e1ctica es que el hospital recibe un dinero extra por parte del Gobierno de Isabel D\u00edaz Ayuso por cada paciente externo, que se suma al montante anual presupuestado.\n    <\/p>\n<p>    <a href=\"https:\/\/www.eldiario.es\/madrid\/anestesista-quirofanos-urgencias-medicos-mir-radiologos-online-banderas-rojas-hospital-torrejon_1_12824301.html\" data-mrf-recirculation=\"saber-mas-abajo\" data-dl-event=\"saber-mas-abajo\" rel=\"nofollow noopener\" target=\"_blank\"><\/p>\n<p class=\"know-more__title\">Un anestesista para dos quir\u00f3fanos, urgencias atendidas por m\u00e9dicos sin MIR y radi\u00f3logos online: las banderas rojas en el Hospital de Torrej\u00f3n\n<\/p>\n<p>            <img decoding=\"async\" class=\"lazy\" loading=\"lazy\" data-src=\"https:\/\/static.eldiario.es\/clip\/dfa4053e-a11c-4904-b5c9-5331f2109f59_16-9-aspect-ratio_default_0.jpg\" src=\"data:image\/svg+xml,%3Csvg xmlns=\" http:=\"\" viewbox=\"0 0 880 495\" alt=\"Un anestesista para dos quir\u00f3fanos, urgencias atendidas por m\u00e9dicos sin MIR y radi\u00f3logos online: las banderas rojas en el Hospital de Torrej\u00f3n\"\/><\/p>\n<p>                        <\/a><\/p>\n<p class=\"article-text\">\n        Adem\u00e1s, direcci\u00f3n del Hospital Universitario de Torrej\u00f3n modific\u00f3 el funcionamiento de las Urgencias para que se atendiera antes a los pacientes leves, que se evitara subir a enfermos a las plantas de medicina interna y lleg\u00f3 a dar \u00f3rdenes verbales para que los pacientes graves fueran reasignados como leves y se les atendiera con rapidez pero sin los \u201cm\u00ednimos de calidad y seguridad\u201d. As\u00ed lo recoge un documento elaborado por el personal de Enfermer\u00eda en abril de este a\u00f1o, al que ha accedido elDiario.es. La direcci\u00f3n se salt\u00f3 las bases del triaje en Urgencias \u2013el sistema que clasifica pacientes por colores en funci\u00f3n de su gravedad y el tiempo en que deber\u00edan ser atendidos\u2013 para priorizar a los leves y as\u00ed aligerar los tiempos de espera y evitar reclamaciones e insatisfacci\u00f3n entre los enfermos.\n    <\/p>\n<p>                                    <script async src=\"https:\/\/platform.twitter.com\/widgets.js\" charset=\"utf-8\"><\/script><\/p>\n","protected":false},"excerpt":{"rendered":"La presidenta de la Comunidad de Madrid, Isabel D\u00edaz Ayuso, ha asegurado que hay una \u201ccampa\u00f1a mezquina\u201d contra&hellip;\n","protected":false},"author":2,"featured_media":277912,"comment_status":"","ping_status":"","sticky":false,"template":"","format":"standard","meta":{"footnotes":""},"categories":[8],"tags":[1136,6984,17,18,658,4170,67626,25,24,13,14,11,3345,13181,19,20,67625,813,9,10,15,16,34423,23,12,32794,21,22],"class_list":{"0":"post-277911","1":"post","2":"type-post","3":"status-publish","4":"format-standard","5":"has-post-thumbnail","7":"category-espana","8":"tag-asegura","9":"tag-ayuso","10":"tag-breaking-news","11":"tag-breakingnews","12":"tag-campana","13":"tag-crisis","14":"tag-eclipsar","15":"tag-es","16":"tag-espana","17":"tag-featured-news","18":"tag-featurednews","19":"tag-headlines","20":"tag-hospital","21":"tag-huelga","22":"tag-latest-news","23":"tag-latestnews","24":"tag-mezquina","25":"tag-nacional","26":"tag-news","27":"tag-noticias","28":"tag-noticias-destacadas","29":"tag-noticiasdestacadas","30":"tag-sanitaria","31":"tag-spain","32":"tag-titulares","33":"tag-torrejon","34":"tag-ultimas-noticias","35":"tag-ultimasnoticias"},"share_on_mastodon":{"url":"https:\/\/pubeurope.com\/@es\/115684875003765021","error":""},"_links":{"self":[{"href":"https:\/\/www.europesays.com\/es\/wp-json\/wp\/v2\/posts\/277911","targetHints":{"allow":["GET"]}}],"collection":[{"href":"https:\/\/www.europesays.com\/es\/wp-json\/wp\/v2\/posts"}],"about":[{"href":"https:\/\/www.europesays.com\/es\/wp-json\/wp\/v2\/types\/post"}],"author":[{"embeddable":true,"href":"https:\/\/www.europesays.com\/es\/wp-json\/wp\/v2\/users\/2"}],"replies":[{"embeddable":true,"href":"https:\/\/www.europesays.com\/es\/wp-json\/wp\/v2\/comments?post=277911"}],"version-history":[{"count":0,"href":"https:\/\/www.europesays.com\/es\/wp-json\/wp\/v2\/posts\/277911\/revisions"}],"wp:featuredmedia":[{"embeddable":true,"href":"https:\/\/www.europesays.com\/es\/wp-json\/wp\/v2\/media\/277912"}],"wp:attachment":[{"href":"https:\/\/www.europesays.com\/es\/wp-json\/wp\/v2\/media?parent=277911"}],"wp:term":[{"taxonomy":"category","embeddable":true,"href":"https:\/\/www.europesays.com\/es\/wp-json\/wp\/v2\/categories?post=277911"},{"taxonomy":"post_tag","embeddable":true,"href":"https:\/\/www.europesays.com\/es\/wp-json\/wp\/v2\/tags?post=277911"}],"curies":[{"name":"wp","href":"https:\/\/api.w.org\/{rel}","templated":true}]}}