{"id":277917,"date":"2025-12-08T16:30:14","date_gmt":"2025-12-08T16:30:14","guid":{"rendered":"https:\/\/www.europesays.com\/es\/277917\/"},"modified":"2025-12-08T16:30:14","modified_gmt":"2025-12-08T16:30:14","slug":"san-andres-del-rabanedo-pedalea-a-favor-de-la-investigacion-de-la-ela","status":"publish","type":"post","link":"https:\/\/www.europesays.com\/es\/277917\/","title":{"rendered":"San Andr\u00e9s del Rabanedo pedalea a favor de la investigaci\u00f3n de la ELA"},"content":{"rendered":"<p><a class=\"v-mdl-ath__fig-a\" href=\"https:\/\/www.leonoticias.com\/autor\/leonoticias-2282.html\" title=\"Leonoticias\" rel=\"nofollow noopener\" target=\"_blank\"><br \/>\n<img decoding=\"async\" class=\"v-mdl-ath__img\" src=\"https:\/\/www.europesays.com\/es\/wp-content\/uploads\/2025\/11\/1764073091_330_autor-2282-foto-1.jpeg\" alt=\"Leonoticias\"\/><br \/>\n<\/a><\/p>\n<p class=\"v-mdl-ath__p v-mdl-ath__p--6\">\nLunes, 8 de diciembre 2025, 13:47<\/p>\n<p class=\"v-p\">San Andr\u00e9s del Rabanedo (Le\u00f3n) celebr\u00f3 hoy la primera marcha ciclista popular a favor de la investigaci\u00f3n de la ELA, esclerosis lateral amiotr\u00f3fica, una iniciativa solidaria impulsada por el Ayuntamiento y la Asociaci\u00f3n Villabalter Haga como Haga, que cont\u00f3 con medio centenar de inscritos de todas las edades.<\/p>\n<p class=\"v-p\">La actividad, concebida como un evento familiar y accesible, consisti\u00f3 en una ruta sencilla de siete kil\u00f3metros por el municipio, en la que los participantes quisieron mostrar su apoyo a la lucha contra esta enfermedad. Esta marcha se enmarca dentro del acuerdo plenario por el cual el centro de ocio de Trobajo fue <a href=\"https:\/\/www.leonoticias.com\/alfoz\/sanandresdelrabanedo\/san-andres-dedica-centro-ocio-trobajo-urbano-20251009133648-nt.html\" data-voc-vtm-id=\"in-text-traffic\" title=\"rebautizado con el nombre de Urbano Gonz\u00e1lez\" rel=\"nofollow noopener\" target=\"_blank\">rebautizado con el nombre de Urbano Gonz\u00e1lez<\/a>, en homenaje a su trayectoria y vinculaci\u00f3n con la localidad.<\/p>\n<p><a href=\"http:\/\/www.leonoticias.com\/leon\/libro-oveja-enfermo-ela-dona-30000-euros-20251004115027-nt.html#vtm_modulosEngag=mod-rel:alfoz:noticia:1:cmp:1-not\" class=\"v-a-link\" aria-label=\"Imagen\" rel=\"nofollow noopener\" target=\"_blank\"><\/p>\n<p><img decoding=\"async\" loading=\"lazy\" src=\"https:\/\/www.europesays.com\/es\/wp-content\/uploads\/2025\/12\/_03MAX202510708563-kkVC--366x256@Leonoticias.jpg\" class=\"v-a-img\" width=\"258\" height=\"180\" alt=\"\" data-voc-vtm-id=\"in-text-traffic\"\/><\/p>\n<p><\/a><\/p>\n<p class=\"v-p\">El Ayuntamiento recuerda que en el centro deportivo (piscinas de Trobajo) se ha habilitado un caj\u00f3n monedero como punto permanente de donaciones, donde cualquier persona puede colaborar de forma directa con la investigaci\u00f3n de esta enfermedad.<\/p>\n<p>Reporta un error<\/p>\n","protected":false},"excerpt":{"rendered":"Lunes, 8 de diciembre 2025, 13:47 San Andr\u00e9s del Rabanedo (Le\u00f3n) celebr\u00f3 hoy la primera marcha ciclista popular&hellip;\n","protected":false},"author":2,"featured_media":277918,"comment_status":"","ping_status":"","sticky":false,"template":"","format":"standard","meta":{"footnotes":""},"categories":[273],"tags":[2987,313,312,168,1813,25,24,14269,1294,30965,52379,2228,23,167],"class_list":{"0":"post-277917","1":"post","2":"type-post","3":"status-publish","4":"format-standard","5":"has-post-thumbnail","7":"category-ciclismo","8":"tag-andres","9":"tag-ciclismo","10":"tag-cycling","11":"tag-deportes","12":"tag-ela","13":"tag-es","14":"tag-espana","15":"tag-favor","16":"tag-investigacion","17":"tag-pedalea","18":"tag-rabanedo","19":"tag-san","20":"tag-spain","21":"tag-sports"},"share_on_mastodon":{"url":"https:\/\/pubeurope.com\/@es\/115684902660172570","error":""},"_links":{"self":[{"href":"https:\/\/www.europesays.com\/es\/wp-json\/wp\/v2\/posts\/277917","targetHints":{"allow":["GET"]}}],"collection":[{"href":"https:\/\/www.europesays.com\/es\/wp-json\/wp\/v2\/posts"}],"about":[{"href":"https:\/\/www.europesays.com\/es\/wp-json\/wp\/v2\/types\/post"}],"author":[{"embeddable":true,"href":"https:\/\/www.europesays.com\/es\/wp-json\/wp\/v2\/users\/2"}],"replies":[{"embeddable":true,"href":"https:\/\/www.europesays.com\/es\/wp-json\/wp\/v2\/comments?post=277917"}],"version-history":[{"count":0,"href":"https:\/\/www.europesays.com\/es\/wp-json\/wp\/v2\/posts\/277917\/revisions"}],"wp:featuredmedia":[{"embeddable":true,"href":"https:\/\/www.europesays.com\/es\/wp-json\/wp\/v2\/media\/277918"}],"wp:attachment":[{"href":"https:\/\/www.europesays.com\/es\/wp-json\/wp\/v2\/media?parent=277917"}],"wp:term":[{"taxonomy":"category","embeddable":true,"href":"https:\/\/www.europesays.com\/es\/wp-json\/wp\/v2\/categories?post=277917"},{"taxonomy":"post_tag","embeddable":true,"href":"https:\/\/www.europesays.com\/es\/wp-json\/wp\/v2\/tags?post=277917"}],"curies":[{"name":"wp","href":"https:\/\/api.w.org\/{rel}","templated":true}]}}