{"id":277921,"date":"2025-12-08T16:33:10","date_gmt":"2025-12-08T16:33:10","guid":{"rendered":"https:\/\/www.europesays.com\/es\/277921\/"},"modified":"2025-12-08T16:33:10","modified_gmt":"2025-12-08T16:33:10","slug":"un-arbitro-de-mal-recuerdo-para-dirigir-el-athletic-psg-de-san-mames","status":"publish","type":"post","link":"https:\/\/www.europesays.com\/es\/277921\/","title":{"rendered":"Un \u00e1rbitro de mal recuerdo para dirigir el Athletic-PSG de San Mam\u00e9s"},"content":{"rendered":"<p data-gtm-element-container=\"modulo-texto-link\" class=\"paragraph\">Ya se conoce el colegiado que pitar\u00e1 el mi\u00e9rcoles el partidazo en San Mam\u00e9s entre el Athletic y el PSG de <strong>Luis Enrique<\/strong>. Se trata del alem\u00e1n <strong>Daniel Siebert<\/strong>, que pertenece al grupo \u00c9LITE de UEFA. Salt\u00f3 a la fama por el pol\u00e9mico Ghana-Uruguay del Mundial de Qatar con los incidentes a la conclusi\u00f3n del choque. Siebert dirigir\u00e1 su cuarto encuentro en Europa de la presente campa\u00f1a y hasta ahora no ha pitado a ninguno de los dos equipos este curso. Como curiosidad, pit\u00f3 al Girona en su debut hist\u00f3rico en septiembre del a\u00f1o pasado en la Champions precisamente ante el PSG en Par\u00eds.<\/p>\n<p data-gtm-element-container=\"modulo-texto-link\" class=\"paragraph\">Es la segunda vez que pita al club rojiblanco en el Viejo Continente. El \u00fanico precedente no es de muy buen recuerdo para el equipo de Ernesto Valverde porque fue la vuelta de semifinales de la temporada pasada en la Europa League, donde acabaron goleados 4-1 por el Manchester United en Old Trafford.<\/p>\n<p>    Lee tambi\u00e9n<\/p>\n<p data-gtm-element-container=\"modulo-texto-link\" class=\"paragraph\">Ser\u00e1 la cuarta vez que pite al equipo parisino en Europa. La \u00faltima vez fue precisamente en la victoria ante el Girona en Par\u00eds por 1-0. Antes le dirigi\u00f3 en sendas victorias ante el Maccabi Haifa y Brujas en fases de grupos, ambas a domicilio. En el VAR estar\u00e1 el tambi\u00e9n alem\u00e1n <strong>Benjamin Brand<\/strong>.<\/p>\n<p data-gtm-element-container=\"modulo-texto-link\" class=\"paragraph\">Ha dirigido a ocho clubes, adem\u00e1s de la selecci\u00f3n absoluta y Sub21.<\/p>\n","protected":false},"excerpt":{"rendered":"Ya se conoce el colegiado que pitar\u00e1 el mi\u00e9rcoles el partidazo en San Mam\u00e9s entre el Athletic y&hellip;\n","protected":false},"author":2,"featured_media":277922,"comment_status":"","ping_status":"","sticky":false,"template":"","format":"standard","meta":{"footnotes":""},"categories":[268],"tags":[168,25,24,280,282,281,23,167],"class_list":{"0":"post-277921","1":"post","2":"type-post","3":"status-publish","4":"format-standard","5":"has-post-thumbnail","7":"category-futbol","8":"tag-deportes","9":"tag-es","10":"tag-espana","11":"tag-football","12":"tag-futbol","13":"tag-soccer","14":"tag-spain","15":"tag-sports"},"share_on_mastodon":{"url":"https:\/\/pubeurope.com\/@es\/115684914353131810","error":""},"_links":{"self":[{"href":"https:\/\/www.europesays.com\/es\/wp-json\/wp\/v2\/posts\/277921","targetHints":{"allow":["GET"]}}],"collection":[{"href":"https:\/\/www.europesays.com\/es\/wp-json\/wp\/v2\/posts"}],"about":[{"href":"https:\/\/www.europesays.com\/es\/wp-json\/wp\/v2\/types\/post"}],"author":[{"embeddable":true,"href":"https:\/\/www.europesays.com\/es\/wp-json\/wp\/v2\/users\/2"}],"replies":[{"embeddable":true,"href":"https:\/\/www.europesays.com\/es\/wp-json\/wp\/v2\/comments?post=277921"}],"version-history":[{"count":0,"href":"https:\/\/www.europesays.com\/es\/wp-json\/wp\/v2\/posts\/277921\/revisions"}],"wp:featuredmedia":[{"embeddable":true,"href":"https:\/\/www.europesays.com\/es\/wp-json\/wp\/v2\/media\/277922"}],"wp:attachment":[{"href":"https:\/\/www.europesays.com\/es\/wp-json\/wp\/v2\/media?parent=277921"}],"wp:term":[{"taxonomy":"category","embeddable":true,"href":"https:\/\/www.europesays.com\/es\/wp-json\/wp\/v2\/categories?post=277921"},{"taxonomy":"post_tag","embeddable":true,"href":"https:\/\/www.europesays.com\/es\/wp-json\/wp\/v2\/tags?post=277921"}],"curies":[{"name":"wp","href":"https:\/\/api.w.org\/{rel}","templated":true}]}}