{"id":277931,"date":"2025-12-08T16:40:08","date_gmt":"2025-12-08T16:40:08","guid":{"rendered":"https:\/\/www.europesays.com\/es\/277931\/"},"modified":"2025-12-08T16:40:08","modified_gmt":"2025-12-08T16:40:08","slug":"situacion-limite-para-xabi-alonso-y-el-vestuario-del-real-madrid-tras-su-desplome-contra-el-celta-futbol-deportes","status":"publish","type":"post","link":"https:\/\/www.europesays.com\/es\/277931\/","title":{"rendered":"Situaci\u00f3n l\u00edmite para Xabi Alonso y el vestuario del Real Madrid tras su desplome contra el Celta | F\u00fatbol | Deportes"},"content":{"rendered":"<p class=\"\">Xabi Alonso utiliz\u00f3 15 jugadores <a href=\"https:\/\/elpais.com\/deportes\/futbol\/2025-12-07\/un-real-madrid-vulgar-y-desquiciado-se-hunde-contra-el-celta.html\" rel=\"nofollow noopener\" target=\"_blank\">contra el Celta<\/a>, y todos menos \u00c1lvaro Carreras y Gonzalo Garc\u00eda (sali\u00f3 en el minuto 75) ya estaban la temporada pasada con Carlo Ancelotti. El Madrid vive hace un a\u00f1o y medio en una espiral involutiva donde todos los males se repiten de forma machacona: juego empantanado, un centro del campo incapaz de imponerse, naufragios habituales ante equipos encerrados, presi\u00f3n desajustada o inexistente, poca intensidad y, para colmo, una desgraciada catarata de lesiones en defensa (<a href=\"https:\/\/elpais.com\/deportes\/futbol\/2025-12-08\/eder-militao-unos-cuatro-meses-de-baja.html\" rel=\"nofollow noopener\" target=\"_blank\">cuatro meses de baja de Milit\u00e3o<\/a>). El club pas\u00f3 del exitoso paternalismo de Carletto a la pizarra y el orden del t\u00e9cnico vasco, pero entonces a\u00f1adi\u00f3 un nuevo problema: la falta de feeling entre algunas estrellas y el tolosarra, cuya autoridad en el vestuario qued\u00f3 gravemente da\u00f1ada desde que la <a href=\"https:\/\/elpais.com\/deportes\/futbol\/2025-10-29\/vinicius-pide-perdon-a-sus-companeros-al-madrid-y-a-florentino-perez-por-su-reaccion-al-ser-sustituido-en-el-clasico.html\" rel=\"nofollow noopener\" target=\"_blank\">entidad fue comprensiva<\/a> con el desaf\u00edo p\u00fablico de Vinicius en el cl\u00e1sico. <\/p>\n<p class=\"\">La quiebra ante los vigueses situ\u00f3 al equipo y Alonso en una situaci\u00f3n l\u00edmite a tres d\u00edas de la visita de Pep Guardiola con el Manchester City, donde los blancos no contar\u00e1n con Milit\u00e3o, Camavinga, Trent, Carvajal, Mendy y Alaba. <a href=\"https:\/\/elpais.com\/deportes\/futbol\/2025-12-08\/eder-militao-unos-cuatro-meses-de-baja.html\" target=\"_self\" rel=\"nofollow noopener\" title=\"https:\/\/elpais.com\/deportes\/futbol\/2025-12-08\/eder-militao-unos-cuatro-meses-de-baja.html\">Y, de postre, Mbapp\u00e9 se rompi\u00f3 un dedo<\/a>. El club admiti\u00f3 que las reuniones y charlas entre Florentino P\u00e9rez y su gente de confianza se alargaron la noche del domingo en los despachos del Bernab\u00e9u para analizar un escenario muy preocupante. Salvo gran giro, en el banquillo seguir\u00e1 Xabi, cuya posici\u00f3n se ha debilitado mucho, aunque todav\u00eda conserva apoyos dentro de la c\u00fapula. <\/p>\n<p>M\u00e1s informaci\u00f3n<\/p>\n<p class=\"\">El empate y mal partido de hace dos semanas en Elche, que se sumaba a los gatillazos en <a href=\"https:\/\/elpais.com\/deportes\/futbol\/2025-11-04\/solo-courtois-aguanta-en-el-derribo-del-real-madrid-en-liverpool.html\" rel=\"nofollow noopener\" target=\"_blank\">Liverpool<\/a> y <a href=\"https:\/\/elpais.com\/deportes\/futbol\/2025-11-09\/vallecas-y-el-rayo-evaporan-al-real-madrid.html\" rel=\"nofollow noopener\" target=\"_blank\">Vallecas<\/a>, empujaron a la direcci\u00f3n del club a intervenir ante un cuadro que se hab\u00eda torcido mucho. Desde Valdebebas salieron entonces mensajes de advertencia a los jugadores \u2014\u201cdeben despejar cualquier duda sobre su implicaci\u00f3n esta temporada porque si no <a href=\"https:\/\/elpais.com\/deportes\/futbol\/2025-11-26\/el-real-madrid-reclama-un-paso-al-frente-de-los-jugadores-antes-de-la-cita-sensible-con-olympiacos.html\" rel=\"nofollow noopener\" target=\"_blank\">ser\u00e1n ellos los siguientes se\u00f1alados\u201d<\/a>, apuntaron\u2014, mientras le pidieron a Xabi que tendiera puentes con la plantilla, donde ya era p\u00fablico el descontento de algunas estrellas (Vinicius y <a href=\"https:\/\/elpais.com\/deportes\/futbol\/2025-10-04\/fede-valverde-no-encuentra-su-sitio-en-la-pizarra-de-xabi-alonso.html\" rel=\"nofollow noopener\" target=\"_blank\">Valverde<\/a>) y se sab\u00eda que otras, como Bellingham, lo miraba con cierto recelo. <\/p>\n<p class=\"\">En el viaje a Atenas, seg\u00fan cont\u00f3 el propio t\u00e9cnico, se vivieron <a href=\"https:\/\/elpais.com\/deportes\/futbol\/2025-11-26\/xabi-alonso-no-soy-un-novato.html\" rel=\"nofollow noopener\" target=\"_blank\">\u201choras muy positivas y productivas\u201d<\/a> en el camerino, en los siguientes encuentros a Xabi se le hab\u00eda notado m\u00e1s suelto en sala de prensa, con gestos p\u00fablicos incluidos hacia Vinicius y, sobre todo, mucho menos intervencionista con los peces gordos. Al brasile\u00f1o solo lo ha sustituido con todo finiquitado, a Jude siempre lo ha mantenido, a Valverde no ha parado de elogiarlo y los goles de Mbapp\u00e9 son intocables. Sin embargo, esta versi\u00f3n rebajada con agua de Xabi tampoco ha provocado una soluci\u00f3n para las grandes carencias del equipo, salvo algunos tramos, o incluso partidos, de mayor energ\u00eda. <\/p>\n<p class=\"\">Sus seis meses en Valdebebas son tambi\u00e9n una historia de renuncias. Prefer\u00eda coger el Madrid despu\u00e9s del Mundial, pero no pudo elegir. Pidi\u00f3 refuerzos en el medio, pero recibi\u00f3 la misma respuesta que Ancelotti: tendr\u00eda que arregl\u00e1rselas con lo que hab\u00eda. Y trat\u00f3 de ser intervencionista en el equipo sin atender a los nombres, pero la reacci\u00f3n del club al desplante de Vini le dej\u00f3 claro que no ten\u00eda todo el poder. En las oficinas, ya hab\u00edan torcido el morro con las primeras suplencias de Vini. <\/p>\n<p class=\"\">El gran punto de inflexi\u00f3n del curso sigue siendo el <a href=\"https:\/\/elpais.com\/deportes\/futbol\/2025-10-26\/el-madrid-reconquista-el-clasico.html\" rel=\"nofollow noopener\" target=\"_blank\">cl\u00e1sico<\/a> trampa del <a href=\"https:\/\/elpais.com\/deportes\/futbol\/2025-10-27\/la-victoria-en-el-clasico-refuerza-a-xabi-alonso-que-afronta-el-mayor-desafio-de-vinicius-a-su-autoridad.html\" rel=\"nofollow noopener\" target=\"_blank\">episodio de Vinicius<\/a>: del +5 con el Bar\u00e7a a los menos -4 de hoy. Hasta ese d\u00eda, el Madrid hab\u00eda ganado 12 de 13 primeros partidos (aunque con el 5-2 del derbi). Despu\u00e9s, solo tres de ocho. Como se hart\u00f3 de reclamar Ancelotti en su \u00faltimo a\u00f1o, ni Alonso ni algunos futbolistas niegan ya que al equipo le suele faltar energ\u00eda. \u201cEl partido lo planteamos para jugar con otro ritmo\u201d, admiti\u00f3 el vasco tras el Celta. \u201c<a href=\"https:\/\/elpais.com\/deportes\/futbol\/2025-11-30\/xabi-alonso-pide-mas-continuidad-en-el-juego-nos-ha-faltado-mas-minutos-de-buen-futbol.html\" rel=\"nofollow noopener\" target=\"_blank\">En Girona<\/a> nos falt\u00f3 intensidad ofensiva y defensiva en la primera parte\u201d, solt\u00f3 Courtois tras ganar <a href=\"https:\/\/elpais.com\/deportes\/futbol\/2025-12-03\/xabi-alonso-hemos-demostrado-que-podemos-jugar-a-este-nivel.html\" rel=\"nofollow noopener\" target=\"_blank\">en Bilbao<\/a>, donde Valverde dej\u00f3 un apunte clave. \u201cSiempre es bueno ver defender a Mbapp\u00e9 y Vini\u201d. En los cinco duelos de Champions, el Madrid siempre ha corrido menos que el rival, ya fuera el Kairat o el Liverpool, seg\u00fan los datos oficiales de Uefa. <\/p>\n<p class=\"\">El <a href=\"https:\/\/elpais.com\/deportes\/futbol\/2025-12-03\/el-desplome-de-energia-en-el-noviembre-negro-del-real-madrid-de-xabi-alonso.html\" rel=\"nofollow noopener\" target=\"_blank\">d\u00e9ficit de kil\u00f3metros<\/a> se mezcla con un juego en declive; atascado ante bloques bajos \u2014\u201ctenemos que buscar soluciones\u201d, asumi\u00f3 Xabi\u2014; sin dictado en un centro del campo donde la gran apuesta de G\u00fcler se diluye (sustituido en Girona, contra el Celta y suplente en San Mam\u00e9s); y entregado a los <a href=\"https:\/\/elpais.com\/deportes\/futbol\/2025-11-28\/kylian-mbappe-palabras-y-record-de-goles-para-defender-a-xabi-alonso.html\" rel=\"nofollow noopener\" target=\"_blank\">goles de Mbapp\u00e9<\/a>. El franc\u00e9s no ha marcado en seis de los 21 encuentros del curso y los blancos solo han ganado dos (Mallorca y <a href=\"https:\/\/elpais.com\/deportes\/futbol\/2025-10-22\/bellingham-empieza-a-volver-y-el-madrid-se-libra-de-la-juventus.html\" rel=\"nofollow noopener\" target=\"_blank\">Juventus<\/a>). Perdi\u00f3 en Liverpool y contra el Celta, y empat\u00f3 en Vallecas y Elche. Vinicius suma 11 choques sin meter y en Liga solo ha dado una asistencia en las \u00faltimas nueve fechas. La primera soluci\u00f3n ofensiva de Xabi es Rodrygo, que no anota desde marzo, y su ojito derecho del verano, Mastantuono, acumula tres partidos seguidos sin salir del banquillo. En principio, matizan desde el club, no contemplan acudir al mercado invernal. <\/p>\n<p class=\"\">Este domingo, Alonso recuper\u00f3 en sala de prensa su versi\u00f3n pre ateniense: la <a href=\"https:\/\/elpais.com\/deportes\/futbol\/2025-11-04\/xabi-alonso-tras-las-ocho-paradas-de-courtois-fue-una-derrota-de-detalles-nada-que-reprochar.html\" rel=\"nofollow noopener\" target=\"_blank\">huida hacia adelante<\/a> a la hora de explicar la quiebra del equipo. Mientras en los pasillos escaneaban los males del Madrid, \u00e9l repiti\u00f3 hasta seis veces que el duelo perdido contra el Celta y el siguiente ante el City eran <a href=\"https:\/\/elpais.com\/deportes\/futbol\/2025-12-07\/xabi-alonso-critica-al-arbitro-y-dice-que-son-solo-tres-puntos.html\" rel=\"nofollow noopener\" target=\"_blank\">\u201csolo tres puntos\u201d<\/a>. Pero no lo parece. <\/p>\n","protected":false},"excerpt":{"rendered":"Xabi Alonso utiliz\u00f3 15 jugadores contra el Celta, y todos menos \u00c1lvaro Carreras y Gonzalo Garc\u00eda (sali\u00f3 en&hellip;\n","protected":false},"author":2,"featured_media":277932,"comment_status":"","ping_status":"","sticky":false,"template":"","format":"standard","meta":{"footnotes":""},"categories":[93],"tags":[20108,19067,1727,1241,1540,168,67603,1539,25,24,42441,15510,21597,282,1538,24019,8040,1210,45527,2013,1945,3048,16240,23,167,10111,10344],"class_list":{"0":"post-277931","1":"post","2":"type-post","3":"status-publish","4":"format-standard","5":"has-post-thumbnail","7":"category-deportes","8":"tag-arda-guler","9":"tag-camavinga","10":"tag-celta-de-vigo","11":"tag-champions-league","12":"tag-competiciones","13":"tag-deportes","14":"tag-eder-militao","15":"tag-entrenadores","16":"tag-es","17":"tag-espana","18":"tag-federico-valverde","19":"tag-florentino-perez","20":"tag-franco-mastantuono","21":"tag-futbol","22":"tag-futbolistas","23":"tag-jude-bellingham","24":"tag-kylian-mbappe","25":"tag-laliga-ea-sports","26":"tag-liga-campeones","27":"tag-manchester-city","28":"tag-primera-division","29":"tag-real-madrid","30":"tag-rodrygo-goes","31":"tag-spain","32":"tag-sports","33":"tag-vinicius-junior","34":"tag-xabi-alonso"},"share_on_mastodon":{"url":"https:\/\/pubeurope.com\/@es\/115684941873542624","error":""},"_links":{"self":[{"href":"https:\/\/www.europesays.com\/es\/wp-json\/wp\/v2\/posts\/277931","targetHints":{"allow":["GET"]}}],"collection":[{"href":"https:\/\/www.europesays.com\/es\/wp-json\/wp\/v2\/posts"}],"about":[{"href":"https:\/\/www.europesays.com\/es\/wp-json\/wp\/v2\/types\/post"}],"author":[{"embeddable":true,"href":"https:\/\/www.europesays.com\/es\/wp-json\/wp\/v2\/users\/2"}],"replies":[{"embeddable":true,"href":"https:\/\/www.europesays.com\/es\/wp-json\/wp\/v2\/comments?post=277931"}],"version-history":[{"count":0,"href":"https:\/\/www.europesays.com\/es\/wp-json\/wp\/v2\/posts\/277931\/revisions"}],"wp:featuredmedia":[{"embeddable":true,"href":"https:\/\/www.europesays.com\/es\/wp-json\/wp\/v2\/media\/277932"}],"wp:attachment":[{"href":"https:\/\/www.europesays.com\/es\/wp-json\/wp\/v2\/media?parent=277931"}],"wp:term":[{"taxonomy":"category","embeddable":true,"href":"https:\/\/www.europesays.com\/es\/wp-json\/wp\/v2\/categories?post=277931"},{"taxonomy":"post_tag","embeddable":true,"href":"https:\/\/www.europesays.com\/es\/wp-json\/wp\/v2\/tags?post=277931"}],"curies":[{"name":"wp","href":"https:\/\/api.w.org\/{rel}","templated":true}]}}