{"id":277942,"date":"2025-12-08T16:46:13","date_gmt":"2025-12-08T16:46:13","guid":{"rendered":"https:\/\/www.europesays.com\/es\/277942\/"},"modified":"2025-12-08T16:46:13","modified_gmt":"2025-12-08T16:46:13","slug":"zonas-del-pais-afectadas-por-este-nuevo-frente","status":"publish","type":"post","link":"https:\/\/www.europesays.com\/es\/277942\/","title":{"rendered":"zonas del pa\u00eds afectadas por este nuevo frente"},"content":{"rendered":"<p style=\"\">Queda muy poco para que el oto\u00f1o llegue a su fin y demos comienzo al invierno oficialmente en Espa\u00f1a. En las \u00faltimas semanas de noviembre, el <a href=\"https:\/\/www.abc.es\/sociedad\/aemet-avisa-cambio-drastico-tiempo-espana-puente-20251205084635-nt.html\" title=\"www.abc.es\" data-voc-vtm-id=\"in-text-traffic\" data-mrf-link=\"www.abc.es\" rel=\"nofollow noopener\" target=\"_blank\">tiempo <\/a>invernal se adelant\u00f3, dejando <strong>nevadas, heladas y bajas temperaturas <\/strong>en muchos puntos del pa\u00eds. <\/p>\n<p style=\"\">Sin embargo, con el  &#8230; comienzo de diciembre las tornas han cambiado y, aunque la inestabilidad ha azotado en algunas zonas del norte con lluvias persistentes, <strong>los term\u00f3metros han subido en gran parte de las comunidades aut\u00f3nomas<\/strong>, algo que parece que se va a mantener en el inicio de esta semana.<\/p>\n<p class=\"voc-p\" style=\"\">As\u00ed lo ha pronosticado la Agencia Estatal de Meteorolog\u00eda (Aemet) a trav\u00e9s de una publicaci\u00f3n en sus redes sociales donde se indica que las temperaturas van a ser \u00absuaves para la \u00e9poca, <strong>sin fr\u00edo intenso<\/strong>\u00bb, a\u00f1adiendo que la cota de nieve es alta, aunque adelantan que \u00abbajar\u00e1 los \u00faltimos d\u00edas de la semana\u00bb. <\/p>\n<p class=\"voc-p\" style=\"\">Adem\u00e1s, la Aemet avisa de la llegada de frentes que va a traer <strong>\u00ablluvias en la mitad oeste peninsular a partir del martes o mi\u00e9rcoles\u00bb, siendo estas \u00ablocalmente fuertes y persistentes\u00bb<\/strong>.<\/p>\n<blockquote class=\"twitter-tweet\">\n<p lang=\"es\" dir=\"ltr\">\u2614\ufe0f La llegada de frentes provocar\u00e1 lluvias en la mitad oeste peninsular a partir del martes o mi\u00e9rcoles. Locamente ser\u00e1n fuertes y persistentes. <\/p>\n<p>\ud83c\udf21Temperaturas suaves para la \u00e9poca, sin fr\u00edo intenso. Cota de nieve alta. Bajar\u00e1 los \u00faltimos d\u00edas de la semana. <a href=\"https:\/\/t.co\/pJO1igFCXs\" rel=\"nofollow\">pic.twitter.com\/pJO1igFCXs<\/a><\/p>\n<p>\u2014 AEMET (@AEMET_Esp) <a href=\"https:\/\/twitter.com\/AEMET_Esp\/status\/1997620279900832203?ref_src=twsrc%5Etfw\" rel=\"nofollow noopener\" target=\"_blank\">December 7, 2025<\/a><\/p><\/blockquote>\n<p>\nInicio de la semana lluvioso en el norte\n<\/p>\n<p class=\"voc-p\" style=\"\">Pero, antes de ello, el organismo p\u00fablico tambi\u00e9n indica qu\u00e9 tiempo nos espera en este lunes, d\u00eda de la Inmaculada Concepci\u00f3n. Tal como se puede ver en su web y en X, la Aemet ha emitido <strong>avisos naranjas y amarillos por viento y precipitaciones<\/strong> en varias zonas del norte y noroeste peninsular ante la llegada de un nuevo frente atl\u00e1ntico. Aunque el anticicl\u00f3n seguir\u00e1 dominando gran parte del pa\u00eds,<strong> Galicia y la cordillera Cant\u00e1brica ser\u00e1n las m\u00e1s afectadas <\/strong>por las rachas muy fuertes de viento del sur y las lluvias.<\/p>\n<p class=\"voc-p\" style=\"\">Esto hace que sea un inicio de semana ventoso y con <strong>nieblas \u00abcon probabilidad de ser densas en zonas de Mallorca y meseta sur\u00bb<\/strong>. Sumado a ello, en el tercio noroeste, la influencia del frente dejar\u00e1 cielos nubosos y <strong>precipitaciones d\u00e9biles,<\/strong> que tambi\u00e9n podr\u00edan afectar al oeste del Sistema Central.<\/p>\n<p class=\"voc-p\" style=\"\">El martes el panorama meteorol\u00f3gico es similar, ya que el <strong>frente atl\u00e1ntico ganar\u00e1 terreno<\/strong> y dejar\u00e1 <strong>lluvias persistentes y localmente fuertes<\/strong> en el oeste de Galicia, adem\u00e1s de <strong>rachas muy fuertes de viento<\/strong> en todo el \u00e1rea cant\u00e1brica y el litoral gallego, <strong>\u00absiendo probable superar localmente los 100 km\/h\u00bb<\/strong>, seg\u00fan la Aemet. <\/p>\n<p class=\"voc-p\" style=\"\">Por otro lado, los cielos se ir\u00e1n cubriendo progresivamente en la mitad occidental peninsular, con <strong>precipitaciones que avanzar\u00e1n de oeste a este<\/strong>, afectando a Extremadura, Castilla y Le\u00f3n occidental y el norte de Andaluc\u00eda. En el resto del pa\u00eds, seguir\u00e1 predominando el tiempo estable y los cielos poco nubosos.<\/p>\n<p>\nTemperaturas menos fr\u00edas de lo normal para la \u00e9poca\n<\/p>\n<p class=\"voc-p\" style=\"\">Si nos fijamos en los term\u00f3metros, como adelantamos, la Aemet indica que las m\u00e1ximas subir\u00e1n ligeramente en el este y norte peninsular este lunes, mientras que las m\u00ednimas descender\u00e1n de forma moderada, con heladas d\u00e9biles en monta\u00f1as del centro y nordeste. As\u00ed, hoy se registran m\u00e1ximas que <strong>llegan a los 20 grados o los superaN en varios puntos de Espa\u00f1a, como Alicante, Ceuta, Gerona, Sevilla o Valencia<\/strong>.<\/p>\n<p class=\"voc-p\" style=\"\">De cara al martes, las temperaturas m\u00e1ximas continuar\u00e1n al alza en buena parte de la Pen\u00ednsula, salvo en Galicia y el noroeste de Castilla y Le\u00f3n, donde se esperan ligeros descensos. No se descartan heladas d\u00e9biles en el Pirineo, seg\u00fan indica la Aemet- Se espera que, <strong>a partir del mi\u00e9rcoles, los mercurios vuelvan a descender progresivamente<\/strong>, algo que se intensificar\u00e1 conforme avance la semana. <\/p>\n<p><script async src=\"https:\/\/platform.twitter.com\/widgets.js\" charset=\"utf-8\"><\/script><\/p>\n","protected":false},"excerpt":{"rendered":"Queda muy poco para que el oto\u00f1o llegue a su fin y demos comienzo al invierno oficialmente en&hellip;\n","protected":false},"author":2,"featured_media":277943,"comment_status":"","ping_status":"","sticky":false,"template":"","format":"standard","meta":{"footnotes":""},"categories":[8],"tags":[2980,12389,17,18,11072,25,24,13,14,3419,11,2629,19,20,6194,9,10,15,16,524,23,12,21,22,6641,7996],"class_list":{"0":"post-277942","1":"post","2":"type-post","3":"status-publish","4":"format-standard","5":"has-post-thumbnail","7":"category-espana","8":"tag-aemet","9":"tag-avisos","10":"tag-breaking-news","11":"tag-breakingnews","12":"tag-causa","13":"tag-es","14":"tag-espana","15":"tag-featured-news","16":"tag-featurednews","17":"tag-frente","18":"tag-headlines","19":"tag-lanza","20":"tag-latest-news","21":"tag-latestnews","22":"tag-lluvias","23":"tag-news","24":"tag-noticias","25":"tag-noticias-destacadas","26":"tag-noticiasdestacadas","27":"tag-nuevo","28":"tag-spain","29":"tag-titulares","30":"tag-ultimas-noticias","31":"tag-ultimasnoticias","32":"tag-viento","33":"tag-zonas"},"share_on_mastodon":{"url":"https:\/\/pubeurope.com\/@es\/115684965491281436","error":""},"_links":{"self":[{"href":"https:\/\/www.europesays.com\/es\/wp-json\/wp\/v2\/posts\/277942","targetHints":{"allow":["GET"]}}],"collection":[{"href":"https:\/\/www.europesays.com\/es\/wp-json\/wp\/v2\/posts"}],"about":[{"href":"https:\/\/www.europesays.com\/es\/wp-json\/wp\/v2\/types\/post"}],"author":[{"embeddable":true,"href":"https:\/\/www.europesays.com\/es\/wp-json\/wp\/v2\/users\/2"}],"replies":[{"embeddable":true,"href":"https:\/\/www.europesays.com\/es\/wp-json\/wp\/v2\/comments?post=277942"}],"version-history":[{"count":0,"href":"https:\/\/www.europesays.com\/es\/wp-json\/wp\/v2\/posts\/277942\/revisions"}],"wp:featuredmedia":[{"embeddable":true,"href":"https:\/\/www.europesays.com\/es\/wp-json\/wp\/v2\/media\/277943"}],"wp:attachment":[{"href":"https:\/\/www.europesays.com\/es\/wp-json\/wp\/v2\/media?parent=277942"}],"wp:term":[{"taxonomy":"category","embeddable":true,"href":"https:\/\/www.europesays.com\/es\/wp-json\/wp\/v2\/categories?post=277942"},{"taxonomy":"post_tag","embeddable":true,"href":"https:\/\/www.europesays.com\/es\/wp-json\/wp\/v2\/tags?post=277942"}],"curies":[{"name":"wp","href":"https:\/\/api.w.org\/{rel}","templated":true}]}}