{"id":277962,"date":"2025-12-08T17:03:10","date_gmt":"2025-12-08T17:03:10","guid":{"rendered":"https:\/\/www.europesays.com\/es\/277962\/"},"modified":"2025-12-08T17:03:10","modified_gmt":"2025-12-08T17:03:10","slug":"se-encienden-las-alarmas-en-el-real-madrid-xabi-alonso-esta-en-el-foco-y-se-juega-mucho-credito-en-el-duelo-con-el-manchester-city-futbol","status":"publish","type":"post","link":"https:\/\/www.europesays.com\/es\/277962\/","title":{"rendered":"Se encienden las alarmas en el Real Madrid: Xabi Alonso est\u00e1 en el foco y se juega mucho cr\u00e9dito en el duelo con el Manchester City | F\u00fatbol"},"content":{"rendered":"<p>La derrota del Real Madrid ante el Celta de Vigo en el Santiago Bernab\u00e9u ha despertado zozobra en el conjunto merengue. El asunto no es otro que el futuro de Xabi Alonso. La versi\u00f3n oficial es que no se habla de despido del t\u00e9cnico tolosarra, pero la realidad es que la preocupaci\u00f3n interna es alta. <\/p>\n<p>M\u00e1s informaci\u00f3n<\/p>\n<p>Este domingo se encendieron todas las alarmas, y las fuentes consultadas por la Cadena SER no descartan nada para el mi\u00e9rcoles. El resumen es que Xabi Alonso se la juega ante el Manchester City de Guardiola en Champions League. En el recuerdo est\u00e1n los casos de Rafa Ben\u00edtez o de Julen Lopetegui, de los que se pensaba que tampoco iban a caer y al final ninguno de los dos termin\u00f3 la temporada.<\/p>\n<p>Las dudas con el m\u00e9todo Xabi llevan instaladas varios meses en el club blanco, y victorias como las cosechadas <a href=\"https:\/\/cadenaser.com\/nacional\/2025\/11\/26\/olympiakos-3-4-real-madrid-resumen-resultado-y-goles-del-partido-de-la-fase-liga-de-la-champions-league-cadena-ser\/\" target=\"_blank\" rel=\"nofollow noopener\" title=\"https:\/\/cadenaser.com\/nacional\/2025\/11\/26\/olympiakos-3-4-real-madrid-resumen-resultado-y-goles-del-partido-de-la-fase-liga-de-la-champions-league-cadena-ser\/\">en Atenas frente Olympiacos en Champions<\/a> o <a href=\"https:\/\/cadenaser.com\/nacional\/2025\/12\/03\/athletic-club-0-3-real-madrid-resumen-resultado-y-goles-de-la-jornada-19-de-laliga-ea-sports-cadena-ser\/\" target=\"_blank\" rel=\"nofollow noopener\" title=\"https:\/\/cadenaser.com\/nacional\/2025\/12\/03\/athletic-club-0-3-real-madrid-resumen-resultado-y-goles-de-la-jornada-19-de-laliga-ea-sports-cadena-ser\/\">en Bilbao frente al Athletic Club<\/a> no han servido para que el preparador tolosarra gane cr\u00e9dito.<\/p>\n<p>En caso de que el mi\u00e9rcoles Xabi Alonso no siga como t\u00e9cnico del Real Madrid, \u00c1lvaro Arbeloa es la opci\u00f3n m\u00e1s factible y Zinedine Zidane la m\u00e1s deseada. Veremos qu\u00e9 ocurre en las pr\u00f3ximas horas, pero la realidad es que, aunque desde Valdebebas reconocen que Xabi Alonso no es el principal culpable de la situaci\u00f3n, <a href=\"https:\/\/cadenaser.com\/nacional\/2025\/12\/08\/el-gran-problema-del-real-madrid-creo-que-es-evidente-que-el-feeling-entre-la-plantilla-y-el-xabi-alonso-no-es-el-mejor-cadena-ser\/\" target=\"_blank\" rel=\"nofollow noopener\" title=\"https:\/\/cadenaser.com\/nacional\/2025\/12\/08\/el-gran-problema-del-real-madrid-creo-que-es-evidente-que-el-feeling-entre-la-plantilla-y-el-xabi-alonso-no-es-el-mejor-cadena-ser\/\">ven muy dif\u00edcil que el t\u00e9cnico vasco recupere el control del vestuario<\/a>.<\/p>\n<p><img decoding=\"async\" src=\"https:\/\/www.europesays.com\/es\/wp-content\/uploads\/2025\/12\/https:\/\/sdmedia.playser.cadenaser.com\/playser\/image\/202512\/08\/1765206746086_1765207046_asset_still.p.jpeg\" alt=\"Se encienden las alarmas en el Real Madrid: Xabi Alonso est\u00e1 en el foco y se juega mucho cr\u00e9dito en el duelo con el Manchester City\" width=\"655\"   loading=\"lazy\"\/><\/p>\n<p class=\"tit\">Se encienden las alarmas en el Real Madrid: Xabi Alonso est\u00e1 en el foco y se juega mucho cr\u00e9dito en el duelo con el Manchester City<\/p>\n<p>00:00:0000:48<\/p>\n<p>El c\u00f3digo iframe se ha copiado en el portapapeles<\/p>\n<p>FacebookTwitterLinkedinWhatsAppCerrar<\/p>\n","protected":false},"excerpt":{"rendered":"La derrota del Real Madrid ante el Celta de Vigo en el Santiago Bernab\u00e9u ha despertado zozobra en&hellip;\n","protected":false},"author":2,"featured_media":277963,"comment_status":"","ping_status":"","sticky":false,"template":"","format":"standard","meta":{"footnotes":""},"categories":[93],"tags":[13519,168,25,24,280,1207,51600,9670,23,167,67630],"class_list":{"0":"post-277962","1":"post","2":"type-post","3":"status-publish","4":"format-standard","5":"has-post-thumbnail","7":"category-deportes","8":"tag-13519","9":"tag-deportes","10":"tag-es","11":"tag-espana","12":"tag-football","13":"tag-football-match","14":"tag-football-team","15":"tag-rc-celta-de-vigo","16":"tag-spain","17":"tag-sports","18":"tag-week-15"},"share_on_mastodon":{"url":"https:\/\/pubeurope.com\/@es\/115685032676442389","error":""},"_links":{"self":[{"href":"https:\/\/www.europesays.com\/es\/wp-json\/wp\/v2\/posts\/277962","targetHints":{"allow":["GET"]}}],"collection":[{"href":"https:\/\/www.europesays.com\/es\/wp-json\/wp\/v2\/posts"}],"about":[{"href":"https:\/\/www.europesays.com\/es\/wp-json\/wp\/v2\/types\/post"}],"author":[{"embeddable":true,"href":"https:\/\/www.europesays.com\/es\/wp-json\/wp\/v2\/users\/2"}],"replies":[{"embeddable":true,"href":"https:\/\/www.europesays.com\/es\/wp-json\/wp\/v2\/comments?post=277962"}],"version-history":[{"count":0,"href":"https:\/\/www.europesays.com\/es\/wp-json\/wp\/v2\/posts\/277962\/revisions"}],"wp:featuredmedia":[{"embeddable":true,"href":"https:\/\/www.europesays.com\/es\/wp-json\/wp\/v2\/media\/277963"}],"wp:attachment":[{"href":"https:\/\/www.europesays.com\/es\/wp-json\/wp\/v2\/media?parent=277962"}],"wp:term":[{"taxonomy":"category","embeddable":true,"href":"https:\/\/www.europesays.com\/es\/wp-json\/wp\/v2\/categories?post=277962"},{"taxonomy":"post_tag","embeddable":true,"href":"https:\/\/www.europesays.com\/es\/wp-json\/wp\/v2\/tags?post=277962"}],"curies":[{"name":"wp","href":"https:\/\/api.w.org\/{rel}","templated":true}]}}