{"id":277974,"date":"2025-12-08T17:09:09","date_gmt":"2025-12-08T17:09:09","guid":{"rendered":"https:\/\/www.europesays.com\/es\/277974\/"},"modified":"2025-12-08T17:09:09","modified_gmt":"2025-12-08T17:09:09","slug":"la-asociacion-de-abogados-del-estado-ratifica-que-la-firma-de-pliegos-de-la-catedra-de-begona-gomez-no-correspondia-a-un-funcionario","status":"publish","type":"post","link":"https:\/\/www.europesays.com\/es\/277974\/","title":{"rendered":"La Asociaci\u00f3n de Abogados del Estado ratifica que la firma de pliegos de la c\u00e1tedra de Bego\u00f1a G\u00f3mez no correspond\u00eda a un funcionario"},"content":{"rendered":"<p class=\"L6-news-detail__text\">La Asociaci\u00f3n de Abogados del Estado constata que la <b>suscripci\u00f3n de cualquier pliego <\/b>de condiciones previo a la adjudicaci\u00f3n de contratos de servicios que firm\u00f3 la esposa del presidente del Gobierno, <b>Bego\u00f1a G\u00f3mez<\/b>, en la c\u00e1tedra que codirig\u00eda en la Universidad Complutense de Madrid <b>\u00abno exige una titulaci\u00f3n concreta\u00bb<\/b>. Lo que significa que no ten\u00edan que ser firmados por un funcionario.<\/p>\n<p class=\"L6-news-detail__text\">As\u00ed figura en un escrito de esta asociaci\u00f3n del 4 de diciembre, al que ha tenido acceso laSexta este lunes, en respuesta a un oficio remitido por el juez Juan Carlos Peinado.<\/p>\n<p class=\"L6-news-detail__text\">El instructor de la causa <b><a title=\"pidi\u00f3 un &quot;informe detallado&quot; sobre las cualificaciones acad\u00e9micas exigibles para elaborar &quot;cualquier pliego de condiciones&quot;\" href=\"https:\/\/www.lasexta.com\/noticias\/nacional\/juez-peinado-pregunta-begona-gomez-tenia-cualificacion-firmar-pliegos-software-catedra_20251120691ef38eeba8bc0ece0aadb3.html\" target=\"_blank\" rel=\"nofollow noopener\">pidi\u00f3 un \u00abinforme detallado\u00bb sobre las cualificaciones acad\u00e9micas exigibles para elaborar \u00abcualquier pliego de condiciones\u00bb<\/a><\/b> en la adjudicaci\u00f3n de contratos de servicios, en relaci\u00f3n con el <b><a title=\"presunto delito de intrusismo\" href=\"https:\/\/www.lasexta.com\/noticias\/nacional\/juez-peinado-imputa-begona-gomez-dos-nuevos-delitos-apropiacion-indebida-intrusismo-profesional_202410296720ce95d8f8950001d412b7.html\" target=\"_blank\" rel=\"nofollow noopener\">presunto delito de intrusismo<\/a><\/b> que imputa a Bego\u00f1a G\u00f3mez.<\/p>\n<p class=\"L6-news-detail__text\">El titular del Juzgado de Instrucci\u00f3n 41 de Madrid quer\u00eda saber las \u00abcualificaciones acad\u00e9micas y titulaci\u00f3n exigible para la elaboraci\u00f3n, redacci\u00f3n o suscripci\u00f3n de cualquier pliego de condiciones y\/o prescripciones facultativas que hayan de servir de base para cualquier proceso de selecci\u00f3n de contratistas en todo tipo de procesos para la adjudicaci\u00f3n de contratos de servicios, suministros u obras p\u00fablicas\u00bb.<\/p>\n<p class=\"L6-news-detail__text\">En su respuesta al oficio del juez Peinado, la asociaci\u00f3n se\u00f1ala que al estar personado en la causa el abogado del Estado, <b>su actuaci\u00f3n como perito \u00abtendr\u00eda implicaciones\u00bb, porque podr\u00eda beneficiar o perjudicar a este<\/b>.<\/p>\n<p class=\"L6-news-detail__text\">Este conflicto de inter\u00e9s determinar\u00eda que la Asociaci\u00f3n de Abogados del Estado estuviera<b> \u00abimpedida para emitir un informe t\u00e9cnico de car\u00e1cter pericial\u00bb<\/b>, seg\u00fan se\u00f1ala en su escrito, si bien accede a informar en atenci\u00f3n a la colaboraci\u00f3n de la entidad con la justicia.<\/p>\n<p class=\"L6-news-detail__text\">As\u00ed, indica que, seg\u00fan la ley 9\/2017, cualquier expediente de contrataci\u00f3n se iniciar\u00e1 <b>motivando la necesidad y definiendo su objeto<\/b>, a trav\u00e9s de la correspondiente memoria.<\/p>\n<p class=\"L6-news-detail__text\">Al mismo, deber\u00e1n incorporarse, en su caso (no siempre), el pliego de cl\u00e1usulas administrativas particulares y el de prescripciones t\u00e9cnicas del contrato. Tambi\u00e9n debe incorporarse el certificado de existencia de cr\u00e9dito o documento que acredite la existencia de financiaci\u00f3n en el caso del sector p\u00fablico, agrega.<\/p>\n<p class=\"L6-news-detail__text\">En cuanto al <b>pliego de prescripciones t\u00e9cnicas particulares<\/b>, el escrito indica que tambi\u00e9n <b>ha de ser aprobado por el \u00f3rgano de contrataci\u00f3n<\/b>, teniendo en cuenta en este caso determinadas prescripciones t\u00e9cnicas.<\/p>\n<p class=\"L6-news-detail__text\">La elaboraci\u00f3n de estos documentos integra la denominada &#8216;documentaci\u00f3n preparatoria&#8217;, que se redacta antes de iniciar el procedimiento de adjudicaci\u00f3n del contrato.<\/p>\n<p class=\"L6-news-detail__text\">Y, seg\u00fan se\u00f1ala el texto, <b>\u00abno se prev\u00e9 una reserva de la funci\u00f3n de redactar tales documentos <\/b>a un cuerpo de funcionarios concreto y determinado ni se exige una titulaci\u00f3n concreta para su redacci\u00f3n\u00bb. Ni siquiera \u00abse prev\u00e9 que el \u00f3rgano de contrataci\u00f3n pueda redactar \u00e9l mismo estos documentos\u00bb.<\/p>\n<p class=\"L6-news-detail__text\"><b><a title=\"*Sigue a laSexta en Google. Toda la actualidad y el mejor contenido aqu\u00ed.\" href=\"https:\/\/profile.google.com\/cp\/CgkvbS8wZG5xejA\" target=\"_blank\" rel=\"nofollow noopener\">*Sigue a laSexta en Google. Toda la actualidad y el mejor contenido aqu\u00ed.<\/a><\/b><\/p>\n<p class=\"L6-support-news-video__title\">Horas bajas para el Gobierno<\/p>\n<p>            <a href=\"https:\/\/www.lasexta.com\/noticias\/nacional\/gobierno-cierra-ano-pequenas-victorias-nueva-derrota-intento-presentar-presupuestos_202512086936c1289261f37ec74116c8.html\" class=\"L6-news__link\" rel=\"nofollow noopener\" target=\"_blank\"><br \/>\n                El Gobierno cerrar\u00e1 el a\u00f1o con peque\u00f1as victorias y una nueva derrota en su intento de presentar los Presupuestos<\/p>\n<p class=\"recirculation-video-desc\">El contexto Arranca la \u00faltima semana de actividad parlamentaria y lo va a hacer dejando una foto bastante clara de cu\u00e1l es la situaci\u00f3n ahora mismo del Gobierno, que intentar\u00e1 amortiguar el golpe a sus cuentas aprobando medidas que prometieron a Junts.<\/p>\n<p>            <\/a><\/p>\n","protected":false},"excerpt":{"rendered":"La Asociaci\u00f3n de Abogados del Estado constata que la suscripci\u00f3n de cualquier pliego de condiciones previo a la&hellip;\n","protected":false},"author":2,"featured_media":277975,"comment_status":"","ping_status":"","sticky":false,"template":"","format":"standard","meta":{"footnotes":""},"categories":[8],"tags":[17,18,25,24,13,14,11,19,20,9,10,15,16,23,12,21,22],"class_list":{"0":"post-277974","1":"post","2":"type-post","3":"status-publish","4":"format-standard","5":"has-post-thumbnail","7":"category-espana","8":"tag-breaking-news","9":"tag-breakingnews","10":"tag-es","11":"tag-espana","12":"tag-featured-news","13":"tag-featurednews","14":"tag-headlines","15":"tag-latest-news","16":"tag-latestnews","17":"tag-news","18":"tag-noticias","19":"tag-noticias-destacadas","20":"tag-noticiasdestacadas","21":"tag-spain","22":"tag-titulares","23":"tag-ultimas-noticias","24":"tag-ultimasnoticias"},"share_on_mastodon":{"url":"https:\/\/pubeurope.com\/@es\/115685055975642455","error":""},"_links":{"self":[{"href":"https:\/\/www.europesays.com\/es\/wp-json\/wp\/v2\/posts\/277974","targetHints":{"allow":["GET"]}}],"collection":[{"href":"https:\/\/www.europesays.com\/es\/wp-json\/wp\/v2\/posts"}],"about":[{"href":"https:\/\/www.europesays.com\/es\/wp-json\/wp\/v2\/types\/post"}],"author":[{"embeddable":true,"href":"https:\/\/www.europesays.com\/es\/wp-json\/wp\/v2\/users\/2"}],"replies":[{"embeddable":true,"href":"https:\/\/www.europesays.com\/es\/wp-json\/wp\/v2\/comments?post=277974"}],"version-history":[{"count":0,"href":"https:\/\/www.europesays.com\/es\/wp-json\/wp\/v2\/posts\/277974\/revisions"}],"wp:featuredmedia":[{"embeddable":true,"href":"https:\/\/www.europesays.com\/es\/wp-json\/wp\/v2\/media\/277975"}],"wp:attachment":[{"href":"https:\/\/www.europesays.com\/es\/wp-json\/wp\/v2\/media?parent=277974"}],"wp:term":[{"taxonomy":"category","embeddable":true,"href":"https:\/\/www.europesays.com\/es\/wp-json\/wp\/v2\/categories?post=277974"},{"taxonomy":"post_tag","embeddable":true,"href":"https:\/\/www.europesays.com\/es\/wp-json\/wp\/v2\/tags?post=277974"}],"curies":[{"name":"wp","href":"https:\/\/api.w.org\/{rel}","templated":true}]}}