{"id":277981,"date":"2025-12-08T17:18:17","date_gmt":"2025-12-08T17:18:17","guid":{"rendered":"https:\/\/www.europesays.com\/es\/277981\/"},"modified":"2025-12-08T17:18:17","modified_gmt":"2025-12-08T17:18:17","slug":"nia-coffey-completa-su-fichaje-con-valencia-basket","status":"publish","type":"post","link":"https:\/\/www.europesays.com\/es\/277981\/","title":{"rendered":"Nia Coffey completa su fichaje con Valencia Basket"},"content":{"rendered":"<p class=\"ft-text\">La alero\/ala-p\u00edvot\u00a0<a class=\"ft-link ft-link--decoration\" href=\"https:\/\/www.superdeporte.es\/valencia-basket\/2025\/12\/04\/fichaje-temporal-valencia-basket-jugadora-wnba-124437782.html\" target=\"_blank\" rel=\"nofollow noopener\"><strong>Nia Coffey<\/strong><\/a><strong> (30 a\u00f1os, EE. UU., 1.85m)\u00a0<\/strong>ya es oficialmente nueva jugadora de Valencia Basket hasta principios de marzo, con opci\u00f3n de ampliar su contrato hasta finales de abril, tras superar satisfactoriamente la revisi\u00f3n m\u00e9dica y f\u00edsica, as\u00ed como las pruebas cardiol\u00f3gicas con la colaboraci\u00f3n de Quir\u00f3nsalud.<\/p>\n<p><img decoding=\"async\" src=\"https:\/\/www.europesays.com\/es\/wp-content\/uploads\/2025\/12\/9b17f4aa-3139-4d0f-bc64-b5263cea2449_alta-libre-aspect-ratio_default_0.jpg\" width=\"1200\" height=\"675\" alt=\"Nia Coffey, tras superar sus pruebas m\u00e9dicas\" class=\"ft-helper-img-rd\" loading=\"lazy\"\/><\/p>\n<p class=\"ft-helper-fontColor-quaternary ft-helper-fontSize-body-S ft-helper-spacer-t-xxs\">Nia Coffey, tras superar sus pruebas m\u00e9dicas  \/ Valencia Basket<\/p>\n<p>Sobre Nia Coffey<\/p>\n<p class=\"ft-text\">La estadounidense cuenta con una amplia experiencia y su polivalencia le permite ayudar tanto en posici\u00f3n de 3 como de 4. <strong>Llega procedente de Atlanta Dream de la <\/strong><a class=\"ft-link ft-link--decoration\" href=\"https:\/\/www.superdeporte.es\/tags\/wnba\/\" target=\"_blank\" rel=\"nofollow noopener\"><strong>WNBA<\/strong><\/a>, donde lleva jugando desde 2022, aunque tambi\u00e9n ha llevado la camiseta de Las Vegas Aces, Phoenix Mercury y Los Angeles Sparks. En el apartado internacional ha pasado por algunos equipos israel\u00edes, el Arka Gdynia, Cukurova Basketball y su \u00faltimo club europeo fue Flammes Carolo Basket en la temporada 21-22. Tambi\u00e9n sabe lo que es jugar en la liga australiana, pa\u00eds por el que ha pasado ya en un par de ocasiones, la \u00faltima este mismo a\u00f1o con Townsville Fire con el que lleg\u00f3 a la final de la liga australiana firmando una media de 12 puntos por partido.<\/p>\n","protected":false},"excerpt":{"rendered":"La alero\/ala-p\u00edvot\u00a0Nia Coffey (30 a\u00f1os, EE. UU., 1.85m)\u00a0ya es oficialmente nueva jugadora de Valencia Basket hasta principios de&hellip;\n","protected":false},"author":2,"featured_media":277982,"comment_status":"","ping_status":"","sticky":false,"template":"","format":"standard","meta":{"footnotes":""},"categories":[269],"tags":[299,1918,298,67631,168,25,24,557,8450,2918,4560,23,167,235,2916,4847],"class_list":{"0":"post-277981","1":"post","2":"type-post","3":"status-publish","4":"format-standard","5":"has-post-thumbnail","7":"category-baloncesto","8":"tag-baloncesto","9":"tag-basket","10":"tag-basketball","11":"tag-coffey","12":"tag-deportes","13":"tag-es","14":"tag-espana","15":"tag-fichaje","16":"tag-fisica","17":"tag-la-liga","18":"tag-las-vegas","19":"tag-spain","20":"tag-sports","21":"tag-valencia","22":"tag-valencia-basket","23":"tag-wnba"},"share_on_mastodon":{"url":"https:\/\/pubeurope.com\/@es\/115685091893711830","error":""},"_links":{"self":[{"href":"https:\/\/www.europesays.com\/es\/wp-json\/wp\/v2\/posts\/277981","targetHints":{"allow":["GET"]}}],"collection":[{"href":"https:\/\/www.europesays.com\/es\/wp-json\/wp\/v2\/posts"}],"about":[{"href":"https:\/\/www.europesays.com\/es\/wp-json\/wp\/v2\/types\/post"}],"author":[{"embeddable":true,"href":"https:\/\/www.europesays.com\/es\/wp-json\/wp\/v2\/users\/2"}],"replies":[{"embeddable":true,"href":"https:\/\/www.europesays.com\/es\/wp-json\/wp\/v2\/comments?post=277981"}],"version-history":[{"count":0,"href":"https:\/\/www.europesays.com\/es\/wp-json\/wp\/v2\/posts\/277981\/revisions"}],"wp:featuredmedia":[{"embeddable":true,"href":"https:\/\/www.europesays.com\/es\/wp-json\/wp\/v2\/media\/277982"}],"wp:attachment":[{"href":"https:\/\/www.europesays.com\/es\/wp-json\/wp\/v2\/media?parent=277981"}],"wp:term":[{"taxonomy":"category","embeddable":true,"href":"https:\/\/www.europesays.com\/es\/wp-json\/wp\/v2\/categories?post=277981"},{"taxonomy":"post_tag","embeddable":true,"href":"https:\/\/www.europesays.com\/es\/wp-json\/wp\/v2\/tags?post=277981"}],"curies":[{"name":"wp","href":"https:\/\/api.w.org\/{rel}","templated":true}]}}