{"id":277998,"date":"2025-12-08T17:30:14","date_gmt":"2025-12-08T17:30:14","guid":{"rendered":"https:\/\/www.europesays.com\/es\/277998\/"},"modified":"2025-12-08T17:30:14","modified_gmt":"2025-12-08T17:30:14","slug":"sanidad-sondea-un-giro-estructural-para-financiar-los-nuevos-adelgazantes","status":"publish","type":"post","link":"https:\/\/www.europesays.com\/es\/277998\/","title":{"rendered":"Sanidad sondea un giro estructural para financiar los nuevos adelgazantes"},"content":{"rendered":"<p>\n                                                M\u00f3nica Garc\u00eda, ministra de Sanidad.                                             <\/p>\n<p>                                            Imprescindibles y asequibles. Esas son las dos palabras que han girado en torno a la industria farmac\u00e9utica estos d\u00edas. La Organizaci\u00f3n Mundial de la Salud (<strong>OMS<\/strong>) ha emitido su <a href=\"https:\/\/www.redaccionmedica.com\/secciones\/sanidad-hoy\/la-oms-reconoce-como-esenciales-los-nuevos-farmacos-para-la-perdida-de-peso-3466\" target=\"_blank\" title=\"La OMS reconoce como esenciales los nuevos f\u00e1rmacos para la p\u00e9rdida de peso\" rel=\"nofollow noopener\">primera gu\u00eda<\/a> sobre el uso de <strong>f\u00e1rmacos<\/strong> <strong>destinados a la p\u00e9rdida de peso<\/strong>. Entre ellos, algunos de los m\u00e1s famosos en el mercado farmac\u00e9utico: <strong>Ozempic, Wegovy, Mounjaro o Rybelsus<\/strong>. Una enumeraci\u00f3n que cuenta adem\u00e1s con una reclamaci\u00f3n, y es que el organismo sanitario ha solicitado que este tipo de medicamentos sean accesibles para la poblaci\u00f3n. Entre tanto, el <strong>Ministerio de Sanidad<\/strong>, cuestionado por este asunto, explica a Redacci\u00f3n M\u00e9dica la situaci\u00f3n en la que se encuentran estos medicamentos en lo que se refiere a la <strong>financiaci\u00f3n en la prestaci\u00f3n farmac\u00e9utica de la sanidad p\u00fablica<\/strong>. Es decir, s\u00ed van a tener alg\u00fan tipo de ayuda a la hora de que el Sistema Nacional de Salud (SNS) cubra parte del coste de estos productos farmac\u00e9uticos.<br \/>\n&#13;<br \/>\n\t<br \/>&#13;<br \/>\n\tSanidad y sus v\u00edas para los medicamentos esenciales<br \/>\n<br \/>\n\u201cLa introducci\u00f3n en la <strong>financiaci\u00f3n de los productos para obesidad<\/strong> requiere un <strong>an\u00e1lisis detallado<\/strong> porque supone tambi\u00e9n cambios estructurales en la forma en la que se atiende a estos pacientes\u201d, conf\u00edan las voces consultadas por este peri\u00f3dico. Sus palabras se refieren concretamente a <strong>Wegovy<\/strong>, que en los \u00faltimos meses <a href=\"https:\/\/www.redaccionmedica.com\/secciones\/industria\/-por-que-sanidad-no-incluye-a-wegovy-en-la-financiacion-publica-del-sns--6877\" target=\"_blank\" title=\"\u00bfPor qu\u00e9 Sanidad no incluye a Wegovy en la financiaci\u00f3n p\u00fablica del SNS?\" rel=\"nofollow noopener\">ha tratado de formar parte de la prestaci\u00f3n farmac\u00e9utica<\/a> del SNS.<\/p>\n<p>Este <strong>f\u00e1rmaco con semaglutida<\/strong>, creado por <a href=\"https:\/\/www.redaccionmedica.com\/tags\/novo-nordisk\" target=\"_blank\" title=\"Noticias de Novo Nordisk | Redacci\u00f3n M\u00e9dica\" rel=\"nofollow noopener\">Novo Nordisk<\/a>, est\u00e1 destinado al tratamiento de los pacientes con obesidad como complemento a la dieta y ejercicio f\u00edsico. Esa es la base de Wegovy, uno de los medicamentos m\u00e1s aclamados en los \u00faltimos meses dentro de la industria farmac\u00e9utica, y uno de los que se encuentra <strong>presente en este listado emitido por la OMS<\/strong>.<\/p>\n<p>Es aqu\u00ed donde Sanidad, a lo largo de la conversaci\u00f3n con Redacci\u00f3n M\u00e9dica, hace la distinci\u00f3n entre los diferentes tipos de f\u00e1rmacos con semaglutida. Por un lado, Wegovy, que no est\u00e1 disponible en la financiaci\u00f3n p\u00fablica del SNS debido a, como aludi\u00f3 la Comisi\u00f3n Interministerial de Precios de Medicamentos (<a href=\"https:\/\/www.redaccionmedica.com\/tags\/comision-interministerial-de-precios-de-los-medicamentos-cipm-\" target=\"_blank\" title=\"Noticias de la CIPM | Redacci\u00f3n M\u00e9dica\" rel=\"nofollow noopener\">CIPM<\/a>) en sus \u00faltimos dict\u00e1menes, \u201c<strong>criterios de racionalizaci\u00f3n del gasto p\u00fablico<\/strong> destinado a prestaci\u00f3n farmac\u00e9utica e impacto presupuestario\u201d.<\/p>\n<p>La <strong>situaci\u00f3n de Ozempic y Rybelsus<\/strong>, ambos destinados al tratamiento de pacientes con diabetes tipo 2 y creados por el \u2018padre\u2019 de la semaglutida, Novo Nordisk, es distinto. Ambos se encuentran financiados en el SNS, aunque estos \u00faltimos d\u00edas, <a href=\"https:\/\/www.redaccionmedica.com\/secciones\/industria\/mounjaro-fuera-de-la-financiacion-del-sns-ozempic-no-amplia-indicaciones-9026\" target=\"_blank\" title=\"Mounjaro, fuera de la financiaci\u00f3n del SNS; Ozempic no ampl\u00eda indicaciones\" rel=\"nofollow noopener\">como avanz\u00f3 Redacci\u00f3n M\u00e9dica<\/a>, se hicieron p\u00fablicas las intenciones de la compa\u00f1\u00eda farmac\u00e9utica para sumar ambos medicamentos a esta prestaci\u00f3n en su formato en monoterapia. A ellos se uni\u00f3 Eli Lilly, que trat\u00f3 de que\u00a0<strong>Mounjaro<\/strong>\u00a0fuese uno m\u00e1s en la cartera del SNS. Unos deseos que fueron rechazados por la CIPM.<\/p>\n<p>&#13;<br \/>\n\t&#13;<\/p>\n<tr style=\"border: 0;\">&#13;<\/p>\n<td style=\"border-width: 0px; border-style: initial; border-color: initial;text-align:center;\">&#13;<\/p>\n<p style=\"margin:0px;font-size: 25px;padding: 0px;clear: both;letter-spacing: 0px;width: unset!important;font-family: lora,sans-serif!important;color: #1f354a!important;font-style: italic!important;font-weight: 700;\">&#13;<br \/>\n\t\t\t\t\t\u00abSe trata de encontrar un precio justo y acordado que recompense la fabricaci\u00f3n de medicamentos\u00bb<\/p>\n<p>&#13;\n\t\t\t<\/td>\n<p>&#13;<br \/>\n\t\t<\/tr>\n<p>&#13;<br \/>\n\t&#13;<\/p>\n<p>\n\u201c<strong>El Ministerio de Sanidad sigue negociando con estas compa\u00f1\u00edas para hacer accesibles los medicamentos<\/strong> dentro del Sistema Nacional de Salud (<a href=\"https:\/\/www.redaccionmedica.com\/tags\/sistema-nacional-de-salud-sns\" target=\"_blank\" title=\"Noticias del SNS | Redacci\u00f3n M\u00e9dica\" rel=\"nofollow noopener\">SNS<\/a>) sin poner en riesgo la sostenibilidad de este\u201d, apuntas las voces consultadas por este peri\u00f3dico. Y es que, seg\u00fan estas mismas fuentes, las \u00faltimas publicaciones se corresponden con las \u201cpropuestas de resoluci\u00f3n a las que las compa\u00f1\u00edas alegan\u201d. Por tanto, ahora hay un nuevo paso: \u201cCon estas alegaciones se vuelve a la CIPM y se resuelve de manera definitiva con una aprobaci\u00f3n o una denegaci\u00f3n de precio y financiaci\u00f3n\u201d.<\/p>\n<p>Es en este punto donde llega otro de los puntos clave que rodean la petici\u00f3n de accesibilidad y asequibilidad de la <a href=\"https:\/\/www.redaccionmedica.com\/tags\/organizacion-mundial-de-la-salud-oms\" target=\"_blank\" title=\"Noticias de la OMS | Redacci\u00f3n M\u00e9dica\" rel=\"nofollow noopener\">OMS<\/a>. Sanidad no muestra dudas. \u201cEl <strong>precio de los medicamentos<\/strong> es muy importante para la Comisi\u00f3n Interministerial de Precios de Medicamentos (CIPM)\u201d, admite el Ministerio. En otras palabras, el alto coste de estos f\u00e1rmacos es uno de los puntos que se han tenido en cuenta a la hora de dictaminar ese \u2018no\u2019.<\/p>\n<p>\u00bfQu\u00e9 significa y en qu\u00e9 se traducen estas palabras de la cartera sanitaria? El organismo pol\u00edtico deja esta cuesti\u00f3n en manos de las empresas. \u201c<strong>Las compa\u00f1\u00edas son las \u00fanicas que pueden ofrecer precios m\u00e1s reducidos<\/strong> y eso facilita la financiaci\u00f3n de los medicamentos\u201d, dicen sobre el asunto. En este sentido, cabe se\u00f1alar que esta bajada de los costes <strong>supondr\u00eda una inversi\u00f3n millonaria para las farmac\u00e9uticas<\/strong> en otros \u00e1mbitos como la investigaci\u00f3n y los ensayos cl\u00ednicos, entre otros.<\/p>\n<p>\u201cEn cualquier caso, se trata de encontrar un <strong>precio justo y acordado que recompense el desarrollo y fabricaci\u00f3n de los medicamentos<\/strong> en base al valor real que aporta en t\u00e9rminos de salud, prevenci\u00f3n, calidad de vida o productividad, y que este precio no ponga en riesgo la prestaci\u00f3n de servicios sanitarios en otras enfermedades o patolog\u00edas\u201d, rematan sobre este aspecto las fuentes cercanas al Ministerio de Sanidad.&#13;\n<\/p>\n<p>&#13;<br \/>\n\t<br \/>&#13;<br \/>\n\tLa semaglutida, entre los medicamentos esenciales de la OMS<br \/>\n<br \/>\nLa industria farmac\u00e9utica vive la fama de la <a href=\"https:\/\/www.redaccionmedica.com\/tags\/semaglutida-ozempic\" target=\"_blank\" title=\"Noticias de semaglutida | Redacci\u00f3n M\u00e9dica\" rel=\"nofollow noopener\">semaglutida<\/a>. A lo largo de este 2025, el sector ha acogido el auge de medicamentos con este principio activo. Entre ellos, <strong>Ozempic, Rybelsus o Wegovy<\/strong>, que incluso han vivido la aparici\u00f3n de un <strong>mercado paralelo, ilegal,<\/strong> en los \u00faltimos meses.<br \/>\n&#13;<br \/>\n\t&#13;<\/p>\n<tr style=\"border: 0;\">&#13;<\/p>\n<td style=\"border-width: 0px; border-style: initial; border-color: initial;text-align:center;\">&#13;<\/p>\n<p style=\"margin:0px;font-size: 25px;padding: 0px;clear: both;letter-spacing: 0px;width: unset!important;font-family: lora,sans-serif!important;color: #1f354a!important;font-style: italic!important;font-weight: 700;\">&#13;<br \/>\n\t\t\t\t\t\u00abEstos medicamentos podr\u00edan contribuir a ampliar la brecha entre ricos y pobres\u00bb<\/p>\n<p>&#13;\n\t\t\t<\/td>\n<p>&#13;<br \/>\n\t\t<\/tr>\n<p>&#13;<br \/>\n\t&#13;<\/p>\n<p>\nM\u00e1s all\u00e1 de este asunto, sobre el que ya se encuentran trabajando los distintos organismos sanitarios como la Agencia Europea del Medicamento (EMA, por sus siglas en ingl\u00e9s), lo cierto es que los f\u00e1rmacos con semaglutida vuelven a ser noticia. Hace unos unos d\u00edas, la Organizaci\u00f3n Mundial de la Salud (OMS) public\u00f3 la primera gu\u00eda sobre el uso de terapias con <strong>principios activos agonistas del receptor GLP-1<\/strong>, entre los que se encuentran la <strong>semaglutida, la tirzepatida y la liraglutida<\/strong>.<\/p>\n<p>\u00abSin una <strong>acci\u00f3n concertada<\/strong>, estos medicamentos podr\u00edan contribuir a ampliar la<strong> brecha entre ricos y pobres<\/strong>, tanto entre pa\u00edses como dentro de ellos\u00bb, ha advertido Tedros Adhanom, director general de la OMS.<\/p>\n<p>La OMS ha emitido su dict\u00e1men, y el Ministerio de Sanidad sus primeras reacciones. La cartera liderada por M\u00f3nica Garc\u00eda ya <strong>condiciona la financiaci\u00f3n de los medicamentos destinados al tratamiento de la obesidad a un \u00aban\u00e1lisis profundo\u00bb<\/strong>. Un aspecto que influir\u00e1 en f\u00e1rmacos de la talla de Wegovy, que cuentan con esta indicaci\u00f3n y que en los \u00faltimos meses ha tratado de formar parte de la prestaci\u00f3n farmac\u00e9utica del SNS.\u00a0                                        <\/p>\n<p>\n                                            Las informaciones publicadas en Redacci\u00f3n M\u00e9dica contienen afirmaciones, datos y declaraciones procedentes de instituciones oficiales y profesionales sanitarios. No obstante, ante cualquier duda relacionada con su salud, consulte con su especialista sanitario correspondiente.\n                                        <\/p>\n","protected":false},"excerpt":{"rendered":"M\u00f3nica Garc\u00eda, ministra de Sanidad. Imprescindibles y asequibles. Esas son las dos palabras que han girado en torno&hellip;\n","protected":false},"author":2,"featured_media":277999,"comment_status":"","ping_status":"","sticky":false,"template":"","format":"standard","meta":{"footnotes":""},"categories":[92],"tags":[25,24,165,166,23],"class_list":{"0":"post-277998","1":"post","2":"type-post","3":"status-publish","4":"format-standard","5":"has-post-thumbnail","7":"category-salud","8":"tag-es","9":"tag-espana","10":"tag-health","11":"tag-salud","12":"tag-spain"},"share_on_mastodon":{"url":"https:\/\/pubeurope.com\/@es\/115685138562218414","error":""},"_links":{"self":[{"href":"https:\/\/www.europesays.com\/es\/wp-json\/wp\/v2\/posts\/277998","targetHints":{"allow":["GET"]}}],"collection":[{"href":"https:\/\/www.europesays.com\/es\/wp-json\/wp\/v2\/posts"}],"about":[{"href":"https:\/\/www.europesays.com\/es\/wp-json\/wp\/v2\/types\/post"}],"author":[{"embeddable":true,"href":"https:\/\/www.europesays.com\/es\/wp-json\/wp\/v2\/users\/2"}],"replies":[{"embeddable":true,"href":"https:\/\/www.europesays.com\/es\/wp-json\/wp\/v2\/comments?post=277998"}],"version-history":[{"count":0,"href":"https:\/\/www.europesays.com\/es\/wp-json\/wp\/v2\/posts\/277998\/revisions"}],"wp:featuredmedia":[{"embeddable":true,"href":"https:\/\/www.europesays.com\/es\/wp-json\/wp\/v2\/media\/277999"}],"wp:attachment":[{"href":"https:\/\/www.europesays.com\/es\/wp-json\/wp\/v2\/media?parent=277998"}],"wp:term":[{"taxonomy":"category","embeddable":true,"href":"https:\/\/www.europesays.com\/es\/wp-json\/wp\/v2\/categories?post=277998"},{"taxonomy":"post_tag","embeddable":true,"href":"https:\/\/www.europesays.com\/es\/wp-json\/wp\/v2\/tags?post=277998"}],"curies":[{"name":"wp","href":"https:\/\/api.w.org\/{rel}","templated":true}]}}