{"id":278000,"date":"2025-12-08T17:31:31","date_gmt":"2025-12-08T17:31:31","guid":{"rendered":"https:\/\/www.europesays.com\/es\/278000\/"},"modified":"2025-12-08T17:31:31","modified_gmt":"2025-12-08T17:31:31","slug":"las-pistas-que-avivan-mas-todavia-los-rumores-de-separacion","status":"publish","type":"post","link":"https:\/\/www.europesays.com\/es\/278000\/","title":{"rendered":"las pistas que avivan m\u00e1s todav\u00eda los rumores de separaci\u00f3n"},"content":{"rendered":"<p>Hace una semana, vieron la luz rumores de <strong>crisis<\/strong> entre <a href=\"https:\/\/www.lecturas.com\/actualidad\/alice-campello-mas-alla-alvaro-morata-mujer-negocios-familia-influyente-enorme-fortuna_130858\" rel=\"nofollow noopener\" target=\"_blank\">Alice Campello<\/a> y <strong>\u00c1lvaro Morata.<\/strong> La periodista Anna Gurgu\u00ed\u00a0cont\u00f3 que la pareja hab\u00eda tenido un movimiento de lo m\u00e1s significativo <strong>en redes sociales<\/strong>. En sus perfiles de Instagram, retiraron la alusi\u00f3n a la cuenta del otro. Mismo gesto que llevaron a cabo en <a href=\"https:\/\/www.lecturas.com\/actualidad\/alice-campello-revela-verdadero-motivo-su-ruptura-alvaro-morata-estabamos-medicados_184203\" rel=\"nofollow noopener\" target=\"_blank\">la ruptura que protagonizaron hace un a\u00f1o y medio<\/a>. Desde entonces, ha habido <strong>varias pistas<\/strong> que apuntan a una crisis entre el futbolista y la empresaria.<\/p>\n<p>La respuesta de Morata a los rumores<\/p>\n<p>Una de ellas,<strong> las palabras del propio \u00c1lvaro Morata. <\/strong>El futbolista quiso hablar al poco de que viera la luz la informaci\u00f3n de que una tercera persona habr\u00eda jugado una mala pasada en el matrimonio. \u201cHay una <strong>tercera persona por parte de \u00c1lvaro<\/strong>\u201d, dijo el colaborador Kike Quintana en el programa \u2018El tiempo justo\u2019. Cont\u00f3 que eso no quer\u00eda decir que el futbolista hubiese sido infiel a su mujer, pero que la aparici\u00f3n de esta persona habr\u00eda influido en la pareja. Kike coment\u00f3 que \u00abel c\u00edrculo m\u00e1s cercano me confirma que la pareja no va a superar esta crisis y que est\u00e1 <strong>condenada a la ruptura\u00bb.\u00a0<\/strong><\/p>\n<p><img loading=\"lazy\" decoding=\"async\"   src=\"https:\/\/www.europesays.com\/es\/wp-content\/uploads\/2025\/12\/alvaro-morata-y-alice-campello_360e5164_251208112008_1200x800.webp.webp\" alt=\"\u00c1lvaro Morata y Alice Campello\" class=\"lazyload\" width=\"1200\" height=\"800\" data-aspectratio=\"1200\/800\"\/><\/p>\n<p>Una tercera persona habr\u00eda influido en la crisis por la que estar\u00eda pasando la pareja.<\/p>\n<p>&#13;GTRES<\/p>\n<p>En el mismo programa, la colaboradora Alexia Rivas coment\u00f3 que hab\u00eda hablado con Morata. Seg\u00fan ella, el futbolista \u201cme asegura que <strong>no hay ninguna tercera persona <\/strong>e infidelidad menos\u2026 Me lo jura casi por sus hijos\u201d. Sin embargo, pese a negar la deslealtad, Morata no descart\u00f3 la ruptura. \u00abLe pregunto que <strong>si va a seguir con ella<\/strong> o si se va a priorizar a s\u00ed mismo y ya<strong> no me quiere responder<\/strong>\u00ab,\u00a0revel\u00f3 Rivas sobre la conversaci\u00f3n que mantuvo con \u00e9l.<\/p>\n<p><img loading=\"lazy\" decoding=\"async\"   src=\"https:\/\/www.europesays.com\/es\/wp-content\/uploads\/2025\/12\/morata-y-alice-campello_d097060f_251208112026_1200x800.webp.webp\" alt=\"Morata y Alice Campello\" class=\"lazyload\" width=\"1200\" height=\"800\" data-aspectratio=\"1200\/800\"\/><\/p>\n<p>Morata no ha desmentido que haya crisis entre \u00e9l y su mujer.<\/p>\n<p>&#13;GTRES<br \/>\nAlice tampoco desmiente la crisis<\/p>\n<p>Del lado de <strong>Alice Campello<\/strong>, adem\u00e1s del gesto que tuvo en redes sociales de desvincularse del perfil de su marido, hay que destacar <strong>los \u00faltimos planes que ha hecho en solitario<\/strong>. El fin de semana, comparti\u00f3 en Instagram el momento de <strong>poner el \u00e1rbol de Navidad<\/strong>. En las im\u00e1genes, aparece junto a los cuatro hijos que tiene junto al deportista. \u201cCon mis ayudantes favoritos\u201d, escribi\u00f3 la italiana. Pero de \u00e9l, ni rastro.<\/p>\n<p>El fin de semana, Alice asisti\u00f3 a una celebraci\u00f3n muy especial. <strong>Fue a la boda de una de sus amigas<\/strong>. De nuevo, ni rastro de \u00c1lvaro Morata. Campello comparti\u00f3 en Instagram fotos en las que aparece sin su marido. Presumi\u00f3 de look y de su amistad con la novia. Adem\u00e1s, comparti\u00f3 parte del discurso que dio en plena celebraci\u00f3n.<\/p>\n<p><img loading=\"lazy\" decoding=\"async\"   src=\"https:\/\/www.europesays.com\/es\/wp-content\/uploads\/2025\/12\/alice-campello_e9a8886c_251208112124_1200x1631.webp.webp\" alt=\"Alice Campello\" class=\"lazyload\" width=\"1200\" height=\"1631\" data-aspectratio=\"1200\/1631\"\/><\/p>\n<p>Alice acudi\u00f3 sola a la boda de una de sus amigas.<\/p>\n<p>&#13;@alicecampello<\/p>\n<p>Alice Campello se emocion\u00f3 mucho durante <strong>las palabras que dedic\u00f3 a los novios<\/strong>. \u00abSi alg\u00fan d\u00eda llegan momentos m\u00e1s dif\u00edciles, porque en la vida pasa, yo siempre estar\u00e9 ah\u00ed para recordaros la magia que hay entre vosotros\u00bb, fue parte de la lectura que hizo y que comparti\u00f3\u00a0a trav\u00e9s unas im\u00e1genes en las que recibi\u00f3 comentarios sobre su supuesta <strong>crisis con \u00c1lvaro.<\/strong> Algo a lo que respondi\u00f3.<\/p>\n<p><img loading=\"lazy\" decoding=\"async\"   src=\"https:\/\/www.europesays.com\/es\/wp-content\/uploads\/2025\/12\/alice-campello_b4ad57f8_251208112216_1200x1605.webp.webp\" alt=\"Alice Campello\" class=\"lazyload\" width=\"1200\" height=\"1605\" data-aspectratio=\"1200\/1605\"\/><\/p>\n<p>Se emocion\u00f3 mucho durante varios momentos del enlace al que no asisti\u00f3 Morata.<\/p>\n<p>&#13;@alicecampello<\/p>\n<p>Harta, <strong>Alice Campello decidi\u00f3 hablar.<\/strong> Respondi\u00f3 a un comentario en el que ley\u00f3 \u00abMorata Not Found\u00bb. Sobre esta alusi\u00f3n a la ausencia de Morata en la boda, la influencer dio una explicaci\u00f3n.\u00a0\u00abIndependientemente de todo,\u00a0antes de escribir este comentario in\u00fatil, <strong>controla si hab\u00eda partidos ayer<\/strong>&#8230; y oye, \u00a1partido\u00a0found!\u00a0Que estemos bien o estemos mal, Morata hubiese sido\u00a0not found\u00a0en todo caso\u00bb, fue su respuesta.<\/p>\n<p>Alice Campello explic\u00f3 as\u00ed que <strong>en ning\u00fan caso Morata hubiese asistido a la boda<\/strong> porque coincid\u00eda con uno de sus partidos. Sin embargo, al incluir palabras como \u201cindependientemente de la situaci\u00f3n\u201d o \u201cque estemos bien o estemos mal\u201d, dej\u00f3 en el aire <strong>la supuesta crisis<\/strong> por la que estar\u00eda pasando su matrimonio. Al igual que Morata no lo desminti\u00f3 en sus conversaciones con algunos colaboradores, ella tampoco ha desmentido que est\u00e9n en crisis. Algo que no hace m\u00e1s que avivar los rumores de una posible nueva ruptura.<\/p>\n<p><img loading=\"lazy\" decoding=\"async\"   src=\"https:\/\/www.europesays.com\/es\/wp-content\/uploads\/2025\/12\/morata-y-alice-campello_8fb69a54_251208112247_1200x1449.webp.webp\" alt=\"Morata y Alice Campello\" class=\"lazyload\" width=\"1200\" height=\"1449\" data-aspectratio=\"1200\/1449\"\/><\/p>\n<p>Alice tampoco ha desmentido la crisis por la que estar\u00edan pasando.<\/p>\n<p>&#13;Instagram @alicecampello<br \/>\nHace un a\u00f1o y medio de su separaci\u00f3n<\/p>\n<p>Fue en agosto de 2024 cuando Alice Campello y \u00c1lvaro Morata decidieron<strong> tomar rumbos separados.<\/strong>\u00a0\u00abTras un tiempo de reflexi\u00f3n, Alice y yo hemos tomado la decisi\u00f3n de separar nuestros caminos. Una relaci\u00f3n MARAVILLOSA y de RESPETO rec\u00edproco donde nos hemos querido y ayudado el uno al otro much\u00edsimo. Han sido a\u00f1os maravillosos y fruto de ellos nuestros cuatro hijos, que sin duda son lo mejor que hemos hecho jam\u00e1s\u00bb,\u00a0comunic\u00f3 Morata.<\/p>\n<p>En aquel momento, vieron la luz rumores de infidelidad que siempre desmintieron. De hecho, hace solo unas semanas,<strong> Alice habl\u00f3 de las razones <\/strong>de aquella ruptura. En el podcast de Laura Escanes dijo que \u201chay gente a la que le sorprendi\u00f3 que pas\u00e1ramos de un beso de pel\u00edcula en la Eurocopa a separarnos un mes despu\u00e9s. Pero no siento que lo que public\u00e1bamos fuera mentira. Nuestro amor es el m\u00e1s grande que existe, solo que,\u00a0en ese momento, los dos est\u00e1bamos medicados\u2026 Entonces, cuando t\u00fa tomas un medicamento, hay veces que no lo gestionas bien, que tiene una serie de efectos. En fin, que\u00a0ninguno de los dos est\u00e1bamos bien\u201d, revel\u00f3.<\/p>\n<p><img loading=\"lazy\" decoding=\"async\"   src=\"https:\/\/www.europesays.com\/es\/wp-content\/uploads\/2025\/12\/alice-campello_46db4041_008_251208112316_1200x1803.webp.webp\" alt=\"Alice Campello\" class=\"lazyload\" width=\"1200\" height=\"1803\" data-aspectratio=\"1200\/1803\"\/><\/p>\n<p>Hace poco, Alice habl\u00f3 de su anterior ruptura en el podcast de Laura Escanes.<\/p>\n<p>&#13;GTRES<br \/>\n<img decoding=\"async\" src=\"https:\/\/www.europesays.com\/es\/wp-content\/uploads\/2025\/12\/bernardo-pantoja-y-junko_552c56eb_008_251208160404_800x800.webp.webp\" alt=\"Bernardo Pantoja y Junko\" class=\"image lazyload\"\/><img loading=\"lazy\" decoding=\"async\" src=\"https:\/\/www.europesays.com\/es\/wp-content\/uploads\/2025\/12\/bernardo-pantoja-y-junko_552c56eb_008_251208160412_1280x720.webp.webp\" alt=\"La nueva vida de Junko, madrastra de Anabel Pantoja, 3 a\u00f1os despu\u00e9s de la muerte de Bernardo\" class=\"image lazyload\" width=\"1280\" height=\"720\" data-aspectratio=\"1280\/720\"\/><\/p>\n<p>Cinco meses despu\u00e9s de aquella ruptura, Alice Campello y \u00c1lvaro Morata tomaron la decisi\u00f3n <strong>de volver a intentarlo<\/strong>. De nuevo parec\u00edan felices junto a sus cuatro hijos. Sin embargo, casi un a\u00f1o despu\u00e9s de retomar su matrimonio, todo lo que ha sucedido en la \u00faltima semana no hace m\u00e1s que incrementar los rumores de una nueva separaci\u00f3n.<\/p>\n","protected":false},"excerpt":{"rendered":"Hace una semana, vieron la luz rumores de crisis entre Alice Campello y \u00c1lvaro Morata. La periodista Anna&hellip;\n","protected":false},"author":2,"featured_media":278001,"comment_status":"","ping_status":"","sticky":false,"template":"","format":"standard","meta":{"footnotes":""},"categories":[91],"tags":[146,147,25,24,23],"class_list":{"0":"post-278000","1":"post","2":"type-post","3":"status-publish","4":"format-standard","5":"has-post-thumbnail","7":"category-entretenimiento","8":"tag-entertainment","9":"tag-entretenimiento","10":"tag-es","11":"tag-espana","12":"tag-spain"},"share_on_mastodon":{"url":"https:\/\/pubeurope.com\/@es\/115685142927925829","error":""},"_links":{"self":[{"href":"https:\/\/www.europesays.com\/es\/wp-json\/wp\/v2\/posts\/278000","targetHints":{"allow":["GET"]}}],"collection":[{"href":"https:\/\/www.europesays.com\/es\/wp-json\/wp\/v2\/posts"}],"about":[{"href":"https:\/\/www.europesays.com\/es\/wp-json\/wp\/v2\/types\/post"}],"author":[{"embeddable":true,"href":"https:\/\/www.europesays.com\/es\/wp-json\/wp\/v2\/users\/2"}],"replies":[{"embeddable":true,"href":"https:\/\/www.europesays.com\/es\/wp-json\/wp\/v2\/comments?post=278000"}],"version-history":[{"count":0,"href":"https:\/\/www.europesays.com\/es\/wp-json\/wp\/v2\/posts\/278000\/revisions"}],"wp:featuredmedia":[{"embeddable":true,"href":"https:\/\/www.europesays.com\/es\/wp-json\/wp\/v2\/media\/278001"}],"wp:attachment":[{"href":"https:\/\/www.europesays.com\/es\/wp-json\/wp\/v2\/media?parent=278000"}],"wp:term":[{"taxonomy":"category","embeddable":true,"href":"https:\/\/www.europesays.com\/es\/wp-json\/wp\/v2\/categories?post=278000"},{"taxonomy":"post_tag","embeddable":true,"href":"https:\/\/www.europesays.com\/es\/wp-json\/wp\/v2\/tags?post=278000"}],"curies":[{"name":"wp","href":"https:\/\/api.w.org\/{rel}","templated":true}]}}