{"id":278007,"date":"2025-12-08T17:35:10","date_gmt":"2025-12-08T17:35:10","guid":{"rendered":"https:\/\/www.europesays.com\/es\/278007\/"},"modified":"2025-12-08T17:35:10","modified_gmt":"2025-12-08T17:35:10","slug":"un-motorista-de-zaragoza-fallece-en-un-choque-contra-un-vehiculo-en-la-carretera-junto-al-canal-de-monegros-en-almudevar-radio-huesca","status":"publish","type":"post","link":"https:\/\/www.europesays.com\/es\/278007\/","title":{"rendered":"Un motorista de Zaragoza fallece en un choque contra un veh\u00edculo en la carretera junto al Canal de Monegros en Almud\u00e9var | Radio Huesca"},"content":{"rendered":"<p class=\"loc\">Huesca<\/p>\n<p>Sobre las 11.20 de la ma\u00f1ana se produc\u00eda un accidente de circulaci\u00f3n en el punto kilom\u00e9trico 7, de la carretera CHE-1429, en sentido descendente y en el t\u00e9rmino municipal de Almud\u00e9var, consistente en la colisi\u00f3n frontal de una motocicleta contra un turismo. Como consecuencia del siniestro ha fallecido el conductor de la motocicleta. Se trataba de un var\u00f3n de 52 a\u00f1os, vecino de la Comarca Central de Arag\u00f3n, en Zaragoza. La conductora del turismo resultaba ilesa.<\/p>\n<p>En el lugar del suceso se personaban una patrulla del Destacamento de Tr\u00e1fico de la Guardia Civil de Huesca, otra del Sector de Tr\u00e1fico de la Guardia Civil de Zaragoza, el Equipo de Siniestros Viales (EIS) de la Unidad de Investigaci\u00f3n de Seguridad Vial (UNIS) del Subsector de Tr\u00e1fico de la Guardia Civil de Huesca, una patrulla de Seguridad Ciudadana de la Compa\u00f1\u00eda de Ayerbe y una ambulancia del servicio de emergencias 061.<\/p>\n<p>El fallecido ha sido trasladado por los servicios funerarios al Hospital Provincial de Huesca. <\/p>\n<p>El equipo de Siniestros Viales (EIS), con base en Huesca, investiga las causas del siniestro vial.<\/p>\n","protected":false},"excerpt":{"rendered":"Huesca Sobre las 11.20 de la ma\u00f1ana se produc\u00eda un accidente de circulaci\u00f3n en el punto kilom\u00e9trico 7,&hellip;\n","protected":false},"author":2,"featured_media":278008,"comment_status":"","ping_status":"","sticky":false,"template":"","format":"standard","meta":{"footnotes":""},"categories":[8],"tags":[17,18,25,24,13,14,11,19,20,9,10,15,16,23,12,21,22],"class_list":{"0":"post-278007","1":"post","2":"type-post","3":"status-publish","4":"format-standard","5":"has-post-thumbnail","7":"category-espana","8":"tag-breaking-news","9":"tag-breakingnews","10":"tag-es","11":"tag-espana","12":"tag-featured-news","13":"tag-featurednews","14":"tag-headlines","15":"tag-latest-news","16":"tag-latestnews","17":"tag-news","18":"tag-noticias","19":"tag-noticias-destacadas","20":"tag-noticiasdestacadas","21":"tag-spain","22":"tag-titulares","23":"tag-ultimas-noticias","24":"tag-ultimasnoticias"},"share_on_mastodon":{"url":"https:\/\/pubeurope.com\/@es\/115685158203853355","error":""},"_links":{"self":[{"href":"https:\/\/www.europesays.com\/es\/wp-json\/wp\/v2\/posts\/278007","targetHints":{"allow":["GET"]}}],"collection":[{"href":"https:\/\/www.europesays.com\/es\/wp-json\/wp\/v2\/posts"}],"about":[{"href":"https:\/\/www.europesays.com\/es\/wp-json\/wp\/v2\/types\/post"}],"author":[{"embeddable":true,"href":"https:\/\/www.europesays.com\/es\/wp-json\/wp\/v2\/users\/2"}],"replies":[{"embeddable":true,"href":"https:\/\/www.europesays.com\/es\/wp-json\/wp\/v2\/comments?post=278007"}],"version-history":[{"count":0,"href":"https:\/\/www.europesays.com\/es\/wp-json\/wp\/v2\/posts\/278007\/revisions"}],"wp:featuredmedia":[{"embeddable":true,"href":"https:\/\/www.europesays.com\/es\/wp-json\/wp\/v2\/media\/278008"}],"wp:attachment":[{"href":"https:\/\/www.europesays.com\/es\/wp-json\/wp\/v2\/media?parent=278007"}],"wp:term":[{"taxonomy":"category","embeddable":true,"href":"https:\/\/www.europesays.com\/es\/wp-json\/wp\/v2\/categories?post=278007"},{"taxonomy":"post_tag","embeddable":true,"href":"https:\/\/www.europesays.com\/es\/wp-json\/wp\/v2\/tags?post=278007"}],"curies":[{"name":"wp","href":"https:\/\/api.w.org\/{rel}","templated":true}]}}