{"id":278009,"date":"2025-12-08T17:36:17","date_gmt":"2025-12-08T17:36:17","guid":{"rendered":"https:\/\/www.europesays.com\/es\/278009\/"},"modified":"2025-12-08T17:36:17","modified_gmt":"2025-12-08T17:36:17","slug":"paises-de-la-ue-aprueban-un-endurecimiento-de-su-politica-migratoria","status":"publish","type":"post","link":"https:\/\/www.europesays.com\/es\/278009\/","title":{"rendered":"Pa\u00edses de la UE aprueban un endurecimiento de su pol\u00edtica migratoria"},"content":{"rendered":"<p>    <img src=\"https:\/\/www.europesays.com\/es\/wp-content\/uploads\/2025\/12\/2025-12-08T103A233A48Z-90602057.jpg\" width=\"1024\" height=\"682\" alt=\"\" loading=\"eager\" decoding=\"sync\" fetchpriority=\"high\"\/><\/p>\n<p>            afp_tickers        <\/p>\n<p>        Este contenido fue publicado en    <\/p>\n<p>        08 diciembre 2025 &#8211; 16:34\n<\/p>\n<p>Los pa\u00edses de la Uni\u00f3n Europea aprobaron el lunes un endurecimiento de sus normas migratorias que permitir\u00e1n la creaci\u00f3n de \u00abcentros de retorno\u00bb fuera del bloque, en un contexto de auge de la derecha y la extrema derecha.<\/p>\n<p>Las medidas, presentadas inicialmente por la Comisi\u00f3n Europea, el brazo ejecutivo de la UE, buscan endurecer el control de las llegadas y las expulsiones de migrantes.<\/p>\n<p>Reunidos el lunes en Bruselas, los ministros del Interior de los 27 Estados miembros dieron el primer paso para aprobarlas, pero antes de entrar en vigor deber\u00e1n ser ratificadas por el Parlamento Europeo.<\/p>\n<p>Adem\u00e1s de la apertura de centros fuera de las fronteras de la UE donde se enviar\u00eda a los migrantes cuya solicitud de asilo haya sido rechazada, el paquete contempla sanciones m\u00e1s severas contra quienes se nieguen a abandonar el territorio europeo.<\/p>\n<p>A esto se suma la posibilidad de enviar a los migrantes a pa\u00edses que no sean sus naciones de origen, pero que Europa considere \u00abseguros\u00bb.<\/p>\n<p>La ca\u00edda de las entradas irregulares en Europa \u2013un 20% menos respecto al a\u00f1o anterior\u2013 no ha reducido la presi\u00f3n sobre los gobiernos para actuar sobre un asunto pol\u00edticamente explosivo. Todo lo contrario.<\/p>\n<p>\u00abEs realmente importante que transmitamos a los ciudadanos la sensaci\u00f3n de que controlamos lo que est\u00e1 ocurriendo\u00bb, subray\u00f3 este lunes el comisario europeo Magnus Brunner, art\u00edfice de este giro restrictivo en la pol\u00edtica migratoria del Viejo Continente.<\/p>\n<p>\u2013 Espa\u00f1a y Francia esc\u00e9pticos \u2013<\/p>\n<p>Las propuestas han desatado la indignaci\u00f3n de la izquierda y de las organizaciones que defienden a los exiliados, quienes denuncian que se trata de medidas que vulneran los derechos humanos.<\/p>\n<p>\u00abEn lugar de invertir en seguridad, protecci\u00f3n e inclusi\u00f3n, la UE opta por pol\u00edticas que expondr\u00e1n a m\u00e1s personas al peligro y a la inseguridad jur\u00eddica\u00bb, advirti\u00f3 Silvia Carta, de PICUM, una ONG que trabaja en la defensa de los migrantes en situaci\u00f3n irregular.<\/p>\n<p>Bajo el impulso de Dinamarca, que ejerce la presidencia rotatoria de la UE y lleva tiempo defendiendo estas medidas, los Estados miembros avanzan con determinaci\u00f3n.<\/p>\n<p>\u00abEstamos avanzando r\u00e1pidamente\u00bb, declar\u00f3 un diplom\u00e1tico europeo, que habl\u00f3 al igual que otros bajo condici\u00f3n de anonimato. Seg\u00fan \u00e9l existe una \u00abvoluntad pol\u00edtica ampliamente compartida\u00bb entre los Veintisiete.<\/p>\n<p>Sin embargo, persisten las dudas en algunos pa\u00edses del bloque.\u00a0<\/p>\n<p>Espa\u00f1a no cree que los \u00abcentros de retorno\u00bb sean efectivos, despu\u00e9s de varios ensayos fallidos en otros pa\u00edses, mientras que Francia cuestiona la legalidad y eficacia de ciertas propuestas.<\/p>\n<p>Esta posici\u00f3n resulta, sin embargo, cada vez m\u00e1s \u00abdif\u00edcil de mantener\u00bb, dada la fuerte presi\u00f3n ejercida por algunos pa\u00edses, asegur\u00f3 el ministro espa\u00f1ol del Interior, Fernando Grande-Marlaska.<\/p>\n<p>Estas medidas cuentan adem\u00e1s con el respaldo de los diputados de derecha y extrema derecha, que pactaron una alianza en el Parlamento europeo la semana pasada.<\/p>\n<p>Varios eurodiputados y dirigentes abogan por una adopci\u00f3n final a inicios del pr\u00f3ximo a\u00f1o.<\/p>\n<p>\u2013 20.000 euros por solicitante de asilo \u2013<\/p>\n<p>Los Veintisiete alcanzaron tambi\u00e9n un acuerdo sobre un nuevo sistema de reparto de solicitantes de asilo en Europa.<\/p>\n<p>Con el fin de aliviar la carga de los pa\u00edses situados en las principales rutas migratorias, como Grecia e Italia, la Uni\u00f3n Europea exigir\u00e1 pr\u00f3ximamente que los dem\u00e1s Estados miembros acojan en su territorio a solicitantes de asilo. Caso contrario, deber\u00e1n aportar una contribuci\u00f3n financiera de 20.000 euros (unos 23.000 d\u00f3lares) por cada solicitante a los pa\u00edses que soportan mayor presi\u00f3n.<\/p>\n<p>Los pa\u00edses de la UE negociaron durante varias semanas sobre la manera de implementar este sistema, que entrar\u00e1 en vigor el pr\u00f3ximo junio.<\/p>\n<p>El debate sobre este tema ha sido especialmente complejo, pues son pocos los pa\u00edses dispuestos a recibir solicitantes de asilo de otros socios europeos.<\/p>\n<p>\u00abSon pocos los ministros del Interior que estar\u00e1n dispuestos a decir ante la prensa: \u2018De acuerdo, acogeremos a 30.000\u2032\u00bb, predijo un funcionario europeo bajo condici\u00f3n de anonimato.<\/p>\n<p>La distribuci\u00f3n exacta decidida por los Veintisiete el lunes es confidencial.<\/p>\n<p>cjc\/mad\/meb\/pc<\/p>\n","protected":false},"excerpt":{"rendered":"afp_tickers Este contenido fue publicado en 08 diciembre 2025 &#8211; 16:34 Los pa\u00edses de la Uni\u00f3n Europea aprobaron&hellip;\n","protected":false},"author":2,"featured_media":278010,"comment_status":"","ping_status":"","sticky":false,"template":"","format":"standard","meta":{"footnotes":""},"categories":[5],"tags":[17,18,83,10018,25,24,13,14,4437,11,14688,86,19,20,14039,9,10,15,16,88,23,90,12,21,22,5722],"class_list":{"0":"post-278009","1":"post","2":"type-post","3":"status-publish","4":"format-standard","5":"has-post-thumbnail","7":"category-titulares","8":"tag-breaking-news","9":"tag-breakingnews","10":"tag-diplomacy","11":"tag-employment","12":"tag-es","13":"tag-espana","14":"tag-featured-news","15":"tag-featurednews","16":"tag-government","17":"tag-headlines","18":"tag-international-organisation","19":"tag-international-relations","20":"tag-latest-news","21":"tag-latestnews","22":"tag-migration","23":"tag-news","24":"tag-noticias","25":"tag-noticias-destacadas","26":"tag-noticiasdestacadas","27":"tag-politics","28":"tag-spain","29":"tag-ticker","30":"tag-titulares","31":"tag-ultimas-noticias","32":"tag-ultimasnoticias","33":"tag-work"},"share_on_mastodon":{"url":"https:\/\/pubeurope.com\/@es\/115685162498936570","error":""},"_links":{"self":[{"href":"https:\/\/www.europesays.com\/es\/wp-json\/wp\/v2\/posts\/278009","targetHints":{"allow":["GET"]}}],"collection":[{"href":"https:\/\/www.europesays.com\/es\/wp-json\/wp\/v2\/posts"}],"about":[{"href":"https:\/\/www.europesays.com\/es\/wp-json\/wp\/v2\/types\/post"}],"author":[{"embeddable":true,"href":"https:\/\/www.europesays.com\/es\/wp-json\/wp\/v2\/users\/2"}],"replies":[{"embeddable":true,"href":"https:\/\/www.europesays.com\/es\/wp-json\/wp\/v2\/comments?post=278009"}],"version-history":[{"count":0,"href":"https:\/\/www.europesays.com\/es\/wp-json\/wp\/v2\/posts\/278009\/revisions"}],"wp:featuredmedia":[{"embeddable":true,"href":"https:\/\/www.europesays.com\/es\/wp-json\/wp\/v2\/media\/278010"}],"wp:attachment":[{"href":"https:\/\/www.europesays.com\/es\/wp-json\/wp\/v2\/media?parent=278009"}],"wp:term":[{"taxonomy":"category","embeddable":true,"href":"https:\/\/www.europesays.com\/es\/wp-json\/wp\/v2\/categories?post=278009"},{"taxonomy":"post_tag","embeddable":true,"href":"https:\/\/www.europesays.com\/es\/wp-json\/wp\/v2\/tags?post=278009"}],"curies":[{"name":"wp","href":"https:\/\/api.w.org\/{rel}","templated":true}]}}