{"id":278017,"date":"2025-12-08T17:45:11","date_gmt":"2025-12-08T17:45:11","guid":{"rendered":"https:\/\/www.europesays.com\/es\/278017\/"},"modified":"2025-12-08T17:45:11","modified_gmt":"2025-12-08T17:45:11","slug":"una-victoria-en-el-bernabeu-es-diferente","status":"publish","type":"post","link":"https:\/\/www.europesays.com\/es\/278017\/","title":{"rendered":"\u201cUna victoria en el Bernab\u00e9u es diferente"},"content":{"rendered":"<p data-mrf-recirculation=\"Links P\u00e1rrafos\" class=\"ue-c-article__paragraph paragraph ue-c-article--first-letter-highlighted\">R<strong>adu volvi\u00f3 a firmar un gran partido defendiendo la porter\u00eda c\u00e9ltica, que dej\u00f3 a cero ante el Real Madrid.<\/strong> Para el meta rumano fue un gran triunfo: <strong>\u201cClaramente una victoria en el Bernab\u00e9u es diferente a otras<\/strong>. Muy contento por este grupo que es incre\u00edble, que es como una familia. Luchamos hasta el final y el resultado lo vemos todos\u201d.<\/p>\n<p data-mrf-recirculation=\"Links P\u00e1rrafos\" class=\"ue-c-article__paragraph paragraph\">Un d\u00eda para disfrutar: <strong>\u201cEn el f\u00fatbol hay momentos negativos y positivos. Claro que nos puede pasar lo que en otros partidos y ahora hay que disfrutar de esta victoria y pensar ya en Europa para el jueves\u00bb<\/strong>.\u00a0Y es claro en su mensaje a la afici\u00f3n c\u00e9ltica: \u201cSon incre\u00edbles. Los amo\u201d.<\/p>\n<p data-mrf-recirculation=\"Links P\u00e1rrafos\" class=\"ue-c-article__paragraph paragraph\">Mientras, <strong>Miguel Rom\u00e1n<\/strong> tambi\u00e9n se muestra feliz con el rendimiento del equipo: <strong>\u201cLa valoraci\u00f3n creo que es un 10. El equipo estuvo perfecto.<\/strong><strong>Estuvimos en bloque bajo cuando tuvimos que estar y aprovechamos muy bien nuestras oportunidades<\/strong>. Que mayor recompensa que los 3 puntos en el Bernab\u00e9u\u00bb.<\/p>\n<blockquote class=\"ue-c-article__blockquote\">\n<p>La valoraci\u00f3n creo que es un 10. El equipo estuvo perfecto<\/p>\n<p>Miguel Rom\u00e1n<\/p><\/blockquote>\n<p data-mrf-recirculation=\"Links P\u00e1rrafos\" class=\"ue-c-article__paragraph paragraph\">Y valora la importancia de no encajar: \u201c<strong>Dejar la porter\u00eda a cero significa que tienes m\u00e1s posibilidades de ganar el encuentro.<\/strong> Por suerte se decant\u00f3 de nuestro lado. <strong>El f\u00fatbol son rachas y esto en el vestuario nos va a\u00a0 sentar muy bien y va a servir para darle la vuelta a la situaci\u00f3n\u00bb<\/strong>.<\/p>\n","protected":false},"excerpt":{"rendered":"Radu volvi\u00f3 a firmar un gran partido defendiendo la porter\u00eda c\u00e9ltica, que dej\u00f3 a cero ante el Real&hellip;\n","protected":false},"author":2,"featured_media":278018,"comment_status":"","ping_status":"","sticky":false,"template":"","format":"standard","meta":{"footnotes":""},"categories":[268],"tags":[168,25,24,280,282,281,23,167],"class_list":{"0":"post-278017","1":"post","2":"type-post","3":"status-publish","4":"format-standard","5":"has-post-thumbnail","7":"category-futbol","8":"tag-deportes","9":"tag-es","10":"tag-espana","11":"tag-football","12":"tag-futbol","13":"tag-soccer","14":"tag-spain","15":"tag-sports"},"share_on_mastodon":{"url":"https:\/\/pubeurope.com\/@es\/115685197471831740","error":""},"_links":{"self":[{"href":"https:\/\/www.europesays.com\/es\/wp-json\/wp\/v2\/posts\/278017","targetHints":{"allow":["GET"]}}],"collection":[{"href":"https:\/\/www.europesays.com\/es\/wp-json\/wp\/v2\/posts"}],"about":[{"href":"https:\/\/www.europesays.com\/es\/wp-json\/wp\/v2\/types\/post"}],"author":[{"embeddable":true,"href":"https:\/\/www.europesays.com\/es\/wp-json\/wp\/v2\/users\/2"}],"replies":[{"embeddable":true,"href":"https:\/\/www.europesays.com\/es\/wp-json\/wp\/v2\/comments?post=278017"}],"version-history":[{"count":0,"href":"https:\/\/www.europesays.com\/es\/wp-json\/wp\/v2\/posts\/278017\/revisions"}],"wp:featuredmedia":[{"embeddable":true,"href":"https:\/\/www.europesays.com\/es\/wp-json\/wp\/v2\/media\/278018"}],"wp:attachment":[{"href":"https:\/\/www.europesays.com\/es\/wp-json\/wp\/v2\/media?parent=278017"}],"wp:term":[{"taxonomy":"category","embeddable":true,"href":"https:\/\/www.europesays.com\/es\/wp-json\/wp\/v2\/categories?post=278017"},{"taxonomy":"post_tag","embeddable":true,"href":"https:\/\/www.europesays.com\/es\/wp-json\/wp\/v2\/tags?post=278017"}],"curies":[{"name":"wp","href":"https:\/\/api.w.org\/{rel}","templated":true}]}}