{"id":278021,"date":"2025-12-08T17:47:18","date_gmt":"2025-12-08T17:47:18","guid":{"rendered":"https:\/\/www.europesays.com\/es\/278021\/"},"modified":"2025-12-08T17:47:18","modified_gmt":"2025-12-08T17:47:18","slug":"los-ninos-vieron-y-entendieron-que-las-cosas-se-consiguen-con-esfuerzo","status":"publish","type":"post","link":"https:\/\/www.europesays.com\/es\/278021\/","title":{"rendered":"\u201cLos ni\u00f1os vieron y entendieron que las cosas se consiguen con esfuerzo\u201d"},"content":{"rendered":"<p>Hay proyectos que siguen un proceso marcado, y otros que aparecen casi sin avisar. Para la pareja de arquitectos <a href=\"https:\/\/www.arquitecturaydiseno.es\/arquitectura\/anna-bach-arquitecta-finlandesa-espana-siempre-se-ha-hecho-arquitectura-muy-pocos-medios-sencilla-inteligente_12734\" rel=\"nofollow noopener\" target=\"_blank\">Anna y Eugeni Bach<\/a>, este comenz\u00f3 cuando sus hijos, Uma y Rufus, les preguntaron <strong>por qu\u00e9 nunca les hab\u00edan hecho una casita a ellos<\/strong>. La frase, tan directa como inocente, acab\u00f3 convirti\u00e9ndose en una obra que resume una forma de trabajar: <strong>construir con las manos, entender la escala desde la mirada de los ni\u00f1os y devolver a la arquitectura un car\u00e1cter cercano<\/strong> que a veces se diluye en los encargos m\u00e1s formales.<\/p>\n<p>Durante dos semanas, <a href=\"https:\/\/www.arquitecturaydiseno.es\/arquitectura\/vivir-granja-abandonada-transformarla-tu-casa-taller-asi-es-granja-que-erwan-bouroullec-ha-reformado-para-vivir-su-familia_11966\" rel=\"nofollow noopener\" target=\"_blank\">en la granja<\/a> de los abuelos en P\u00e4l\u00f6l\u00e4, Finlandia, <strong>la familia levant\u00f3 un volumen de 13,5 m\u00b2 que es a la vez juego, espacio dom\u00e9stico y recuerdo compartido<\/strong>. Una construcci\u00f3n que surgi\u00f3 sin grandes pretensiones y que, precisamente por eso, <strong>tiene un gran valor emocional.<\/strong><\/p>\n<p>Una casita de madera que empieza en una secci\u00f3n&#13;<img loading=\"lazy\" decoding=\"async\"   src=\"https:\/\/www.europesays.com\/es\/wp-content\/uploads\/2025\/12\/casita-madera-anna-eugeni-bach-3_827acb15_251126202545_1024x682.webp.webp\" alt=\"casita madera anna eugeni bach 3\" class=\"lazyload\" width=\"1024\" height=\"682\" data-aspectratio=\"1024\/682\"\/><\/p>\n<p>annaeugenibach.com<\/p>\n<p>&#13;Tiia Ettala<\/p>\n<p>El proyecto parte de un principio sencillo: <strong>una secci\u00f3n repetida en dos m\u00f3dulos id\u00e9nticos orientados en sentidos opuestos.<\/strong> Con esa idea se organiza todo. Uno de los vol\u00famenes alcanza doble altura, suficiente para que los adultos entren c\u00f3modamente. El otro reduce la escala y crea <strong>dos niveles unidos por una escalera ligera que invita a explorar el interior.<\/strong> Desde fuera, el conjunto aparece compacto y casi abstracto, sin referencias r\u00e1pidas de su tama\u00f1o real. Por dentro, en cambio, surge la imagen reconocible de <a href=\"https:\/\/www.arquitecturaydiseno.es\/casas\/casa-entre-abetos-donde-madera-luz-y-paisaje-moldea-ambiente_12583\" rel=\"nofollow noopener\" target=\"_blank\">la casita que todos dibuj\u00e1bamos de peque\u00f1os<\/a>, con <strong>dos cubiertas sim\u00e9tricas que ordenan el espacio<\/strong>.<\/p>\n<p><a href=\"https:\/\/www.arquitecturaydiseno.es\/estilo-de-vida\/estas-son-casas-que-habito-merce-rodoreda-largo-su-vida_12799\" data-ga4_event=\"custom_event\" data-ga4_event_name=\"click_intext\" data-ga4_link_url=\"https:\/\/www.arquitecturaydiseno.es\/estilo-de-vida\/estas-son-casas-que-habito-merce-rodoreda-largo-su-vida_12799\" data-ga4_link_text=\"merce_rodoreda_escritora_\u201cnunca_me_senti_tan_en_casa_como_en_la_de_mi_abuelo\u201d\" data-ga4_content_type=\"photo\" data-ga4_element=\"related\" rel=\"nofollow noopener\" target=\"_blank\">&#13;&#13;<img loading=\"lazy\" decoding=\"async\" src=\"https:\/\/www.europesays.com\/es\/wp-content\/uploads\/2025\/12\/merce-rodoreda-8_d61340e8_251205145947_600x600.webp.webp\" alt=\"merce rodoreda 8\" class=\"lazyload\" width=\"600\" height=\"600\" data-aspectratio=\"600\/600\"\/>&#13;&#13;<\/p>\n<p class=\"epigraph\">&#13;Noticia relacionada<\/p>\n<p class=\"title\">Merc\u00e8 Rodoreda, escritora: \u201cNunca me sent\u00ed tan en casa como en la de mi abuelo\u201d<\/p>\n<p><\/a><\/p>\n<p>La familia Bach juega con esa mezcla de s\u00edntesis y lectura simb\u00f3lica: <strong>un sal\u00f3n posible, una cocina imaginada, un altillo que se transforma<\/strong> seg\u00fan las aventuras de cada d\u00eda. La arquitectura no se limita a definir estancias, sino que <strong>permite que los ni\u00f1os interpreten el espacio a su manera.<\/strong><\/p>\n<p>Madera, memoria y aprendizaje&#13;<img loading=\"lazy\" decoding=\"async\"   src=\"https:\/\/www.europesays.com\/es\/wp-content\/uploads\/2025\/12\/casita-madera-anna-eugeni-bach-5_c97f5d1c_251126202644_1024x682.webp.webp\" alt=\"casita madera anna eugeni bach 5\" class=\"lazyload\" width=\"1024\" height=\"682\" data-aspectratio=\"1024\/682\"\/><\/p>\n<p>annaeugenibach.com<\/p>\n<p>&#13;Tiia Ettala<\/p>\n<p>La casita est\u00e1 c<a href=\"https:\/\/www.arquitecturaydiseno.es\/estilo-de-vida\/casa-prefabricada-tradicional-madera-que-esta-triunfando-espana-consigue-privacidad-para-familias-numerosas-planos_12256\" rel=\"nofollow noopener\" target=\"_blank\">onstruida \u00edntegramente en madera<\/a> siguiendo t\u00e9cnicas tradicionales de <strong>los graneros finlandeses<\/strong>. Los listones mantienen la separaci\u00f3n exacta de un clavo para asegurar la ventilaci\u00f3n natural. La cubierta se resuelve con <strong>tablones ranurados superpuestos que evitan filtraciones<\/strong> sin necesidad de sistemas adicionales, y unos peque\u00f1os <strong>vierteaguas de chapa galvanizada<\/strong> rematan los puntos m\u00e1s expuestos sin complicar el conjunto.<\/p>\n<p><a href=\"https:\/\/www.arquitecturaydiseno.es\/arquitectura\/anna-bach-arquitecta-finlandesa-espana-siempre-se-ha-hecho-arquitectura-muy-pocos-medios-sencilla-inteligente_12734\" data-ga4_event=\"custom_event\" data-ga4_event_name=\"click_intext\" data-ga4_link_url=\"https:\/\/www.arquitecturaydiseno.es\/arquitectura\/anna-bach-arquitecta-finlandesa-espana-siempre-se-ha-hecho-arquitectura-muy-pocos-medios-sencilla-inteligente_12734\" data-ga4_link_text=\"anna_bach_en_espana_se_hace_arquitectura_sencilla_precisa_e_inteligente\" data-ga4_content_type=\"photo\" data-ga4_element=\"related\" rel=\"nofollow noopener\" target=\"_blank\">&#13;&#13;<img loading=\"lazy\" decoding=\"async\" src=\"https:\/\/www.europesays.com\/es\/wp-content\/uploads\/2025\/12\/anna-bach_d20a74c9_251126090153_600x600.webp.webp\" alt=\"Anna Bach\" class=\"lazyload\" width=\"600\" height=\"600\" data-aspectratio=\"600\/600\"\/>&#13;&#13;<\/p>\n<p class=\"epigraph\">&#13;Noticia relacionada<\/p>\n<p class=\"title\">Anna Bach: \u00abEn Espa\u00f1a se hace arquitectura sencilla, precisa e inteligente\u00bb<\/p>\n<p><\/a><\/p>\n<p>Buena parte de la madera procede de la misma granja: <strong>abetos plantados por el bisabuelo y cortados por el abuelo. <\/strong>Un detalle que aporta una dimensi\u00f3n emocional que no suele aparecer en los proyectos habituales. <strong>El resto del material se obtuvo en la ferreter\u00eda del pueblo, manteniendo un proceso simple y cercano.<\/strong><\/p>\n<p><strong>El acabado exterior incorpora franjas blancas verticales <\/strong>que contin\u00faan por la cubierta y que subrayan la secci\u00f3n que dio origen al proyecto. <strong>El resto de la madera se ha quedado sin tratar<\/strong> para que, con el tiempo, adquiera un gris natural que <strong>har\u00e1 m\u00e1s evidente el paso de los a\u00f1os y el crecimiento de los ni\u00f1os.<\/strong> As\u00ed, entre los manzanos del entorno, la casita tiene una presencia sencilla, casi festiva.<\/p>\n<p>Cuando construir es un acto de transmisi\u00f3n&#13;<img loading=\"lazy\" decoding=\"async\"   src=\"https:\/\/www.europesays.com\/es\/wp-content\/uploads\/2025\/12\/casita-madera-anna-eugeni-bach-8_2084a257_251126202739_682x1024.webp.webp\" alt=\"casita madera anna eugeni bach 8\" class=\"lazyload\" width=\"682\" height=\"1024\" data-aspectratio=\"682\/1024\"\/><\/p>\n<p>annaeugenibach.com<\/p>\n<p>&#13;Tiia Ettala<\/p>\n<p>M\u00e1s all\u00e1 del resultado final, lo significativo fue el proceso. <strong>Los arquitectos Anna y Eugeni Bach levantaron la casita junto a sus hijos<\/strong>, pieza a pieza. Para ellos, ver c\u00f3mo una idea se convert\u00eda en estructura fue tan importante como el resultado. <strong>Entendieron el valor del esfuerzo, del tiempo y de la constancia<\/strong>. La arquitectura, en este caso, funcion\u00f3 tambi\u00e9n como <a href=\"https:\/\/www.arquitecturaydiseno.es\/arquitectura\/arquitectura-y-educacion-como-un-buen-diseno-puede-transformar-el-aprendizaje_11189\" rel=\"nofollow noopener\" target=\"_blank\">herramienta de aprendizaje<\/a>.<\/p>\n<p>Quiz\u00e1 por eso <strong>esta casita de 13 m\u00b2 tiene tanta fuerza<\/strong>. No busca destacar ni convertirse en un icono. Es <strong>un lugar construido en familia, pensado desde la escala del juego y destinado a formar parte de la memoria<\/strong> de quienes participaron. Una casa peque\u00f1a, s\u00ed, pero con un significado que crece con ellos.<\/p>\n","protected":false},"excerpt":{"rendered":"Hay proyectos que siguen un proceso marcado, y otros que aparecen casi sin avisar. Para la pareja de&hellip;\n","protected":false},"author":2,"featured_media":278022,"comment_status":"","ping_status":"","sticky":false,"template":"","format":"standard","meta":{"footnotes":""},"categories":[173],"tags":[229,233,231,230,232,234,146,147,25,24,23],"class_list":{"0":"post-278021","1":"post","2":"type-post","3":"status-publish","4":"format-standard","5":"has-post-thumbnail","7":"category-arte-y-diseno","8":"tag-arte","9":"tag-arte-y-diseno","10":"tag-arts","11":"tag-arts-and-design","12":"tag-design","13":"tag-diseno","14":"tag-entertainment","15":"tag-entretenimiento","16":"tag-es","17":"tag-espana","18":"tag-spain"},"share_on_mastodon":{"url":"https:\/\/pubeurope.com\/@es\/115685205819946360","error":""},"_links":{"self":[{"href":"https:\/\/www.europesays.com\/es\/wp-json\/wp\/v2\/posts\/278021","targetHints":{"allow":["GET"]}}],"collection":[{"href":"https:\/\/www.europesays.com\/es\/wp-json\/wp\/v2\/posts"}],"about":[{"href":"https:\/\/www.europesays.com\/es\/wp-json\/wp\/v2\/types\/post"}],"author":[{"embeddable":true,"href":"https:\/\/www.europesays.com\/es\/wp-json\/wp\/v2\/users\/2"}],"replies":[{"embeddable":true,"href":"https:\/\/www.europesays.com\/es\/wp-json\/wp\/v2\/comments?post=278021"}],"version-history":[{"count":0,"href":"https:\/\/www.europesays.com\/es\/wp-json\/wp\/v2\/posts\/278021\/revisions"}],"wp:featuredmedia":[{"embeddable":true,"href":"https:\/\/www.europesays.com\/es\/wp-json\/wp\/v2\/media\/278022"}],"wp:attachment":[{"href":"https:\/\/www.europesays.com\/es\/wp-json\/wp\/v2\/media?parent=278021"}],"wp:term":[{"taxonomy":"category","embeddable":true,"href":"https:\/\/www.europesays.com\/es\/wp-json\/wp\/v2\/categories?post=278021"},{"taxonomy":"post_tag","embeddable":true,"href":"https:\/\/www.europesays.com\/es\/wp-json\/wp\/v2\/tags?post=278021"}],"curies":[{"name":"wp","href":"https:\/\/api.w.org\/{rel}","templated":true}]}}