{"id":278027,"date":"2025-12-08T17:51:17","date_gmt":"2025-12-08T17:51:17","guid":{"rendered":"https:\/\/www.europesays.com\/es\/278027\/"},"modified":"2025-12-08T17:51:17","modified_gmt":"2025-12-08T17:51:17","slug":"sylvester-stallone-genera-preocupacion-tras-ser-visto-usando-un-baston-en-su-reciente-aparicion-publica","status":"publish","type":"post","link":"https:\/\/www.europesays.com\/es\/278027\/","title":{"rendered":"Sylvester Stallone genera preocupaci\u00f3n tras ser visto usando un bast\u00f3n en su reciente aparici\u00f3n p\u00fablica"},"content":{"rendered":"<p><img alt=\"Sylvester Stallone aparece con un\" class=\"global-image\" decoding=\"async\" fetchpriority=\"high\" height=\"1080\" loading=\"eager\" src=\"https:\/\/www.europesays.com\/es\/wp-content\/uploads\/2025\/12\/PIYPNY3DS5AAXIFJJE6CVXWWLE.jpg\" width=\"1920\"\/>Sylvester Stallone aparece con un elegante bast\u00f3n en los Kennedy Center Honors de Washington y evidencia las consecuencias f\u00edsicas de d\u00e9cadas de premios riesgos en el cine (REUTERS)<\/p>\n<p class=\"paragraph\">En Washington, la aparici\u00f3n p\u00fablica de<b> <\/b><a href=\"https:\/\/www.infobae.com\/entretenimiento\/2025\/10\/29\/sylvester-stallone-eligio-esta-pelicula-suya-como-la-que-realmente-perdura-en-el-tiempo\/\" target=\"_blank\" rel=\"noreferrer nofollow noopener\" title=\"https:\/\/www.infobae.com\/entretenimiento\/2025\/10\/29\/sylvester-stallone-eligio-esta-pelicula-suya-como-la-que-realmente-perdura-en-el-tiempo\/\">Sylvester Stallone<\/a><b> utilizando un bast\u00f3n<\/b> sorprendi\u00f3 a los seguidores del actor, reconocido por sus papeles en cl\u00e1sicos del cine de acci\u00f3n.<\/p>\n<p class=\"paragraph\">En la gala de los Kennedy Center Honors, celebrada durante el fin de semana en la capital estadounidense, Stallone, de 79 a\u00f1os, fue visto por primera vez con <b>una ayuda para caminar<\/b>, hecho que reflej\u00f3 las consecuencias de d\u00e9cadas de exigentes acrobacias.<\/p>\n<p class=\"paragraph\">El emblem\u00e1tico int\u00e9rprete de Rocky y Rambo particip\u00f3 en la ceremonia con un elegante esmoquin y su inconfundible medalla de homenaje, apoyado en un bast\u00f3n negro de mango dorado, mientras se desplazaba junto a su esposa, Jennifer Flavin.<\/p>\n<p class=\"paragraph\">El artista conserv\u00f3 un semblante animado durante el evento, sonriendo y conversando con otros homenajeados, a pesar de que su paso fue m\u00e1s lento y cauteloso que en anteriores apariciones. La imagen p\u00fablica de Sylvester (tambi\u00e9n conocido como <b>Sly<\/b>) expuso ahora las secuelas concretas de una larga trayectoria marcada por lesiones.<\/p>\n<p><img alt=\"Acompa\u00f1ado por Jennifer Flavin, su\" class=\"global-image\" decoding=\"async\" fetchpriority=\"low\" height=\"3292\" loading=\"lazy\" src=\"https:\/\/www.europesays.com\/es\/wp-content\/uploads\/2025\/12\/DRXSWJOPCNCZZJDRDGXNIBQKJY.JPG\" width=\"2469\"\/>Acompa\u00f1ado por Jennifer Flavin, su esposa, Stallone asisti\u00f3 al homenaje mostrando la medalla de honor y una ayuda para caminar en la alfombra roja (REUTERS\/Jeenah Moon)<\/p>\n<p class=\"paragraph\">La historia de problemas f\u00edsicos de <b>Sylvester Stallone<\/b> se remonta a los primeros a\u00f1os de su carrera. El propio actor ha relatado en diferentes ocasiones el costo personal asociado a su empe\u00f1o por ejecutar acrobacias sin dobles.<\/p>\n<p class=\"paragraph\">Sus lesiones acumulan una lista extensa: desgarro del m\u00fasculo pectoral durante el rodaje de <b>Rocky II<\/b>, fisura en la columna vertebral en pel\u00edculas subsiguientes e internaciones tras recibir golpes reales en escenas de <b>Rocky IV<\/b>, donde <b>Dolph Lundgren<\/b> impact\u00f3 su t\u00f3rax con tal fuerza que oblig\u00f3 a hospitalizarlo.<\/p>\n<p class=\"paragraph\">Un incidente especialmente grave ocurri\u00f3 durante la grabaci\u00f3n de la primera entrega de<b> Los indestructibles<\/b> en 2010. Stallone insisti\u00f3 en filmar personalmente una escena de sometimiento f\u00edsico con el luchador <b>Steve Austin<\/b>.<\/p>\n<p class=\"paragraph\">Buscando realismo, repiti\u00f3 la toma varias veces hasta que una ca\u00edda violenta le provoc\u00f3 una fractura de cuello, dislocaciones en ambos hombros y da\u00f1o permanente en la columna. La recuperaci\u00f3n exigi\u00f3 la inserci\u00f3n de una placa met\u00e1lica y una serie de siete operaciones mayores de espalda. \u201c<b>Nunca me he recuperado del todo<\/b>\u201d, reconoci\u00f3 el actor en un testimonio citado por Daily Mail.<\/p>\n<p><img alt=\"El actor de 79 a\u00f1os\" class=\"global-image\" decoding=\"async\" fetchpriority=\"low\" height=\"1079\" loading=\"lazy\" src=\"https:\/\/www.europesays.com\/es\/wp-content\/uploads\/2025\/12\/TVG2OKNWWBEP5FNYG2J7LCA2GI.png\" width=\"1920\"\/>El actor de 79 a\u00f1os mostr\u00f3 su resiliencia frente a c\u00e1maras, tras una carrera marcada por lesiones sufridas durante la filmaci\u00f3n de escenas de acci\u00f3n (Lionsgate)<\/p>\n<p class=\"paragraph\">Sobre este calvario f\u00edsico, su hija Scarlet comparti\u00f3 en la serie de telerrealidad de <b>Paramount+<\/b>, <b>The Family Stallone<\/b>, que la familia presenci\u00f3 durante a\u00f1os c\u00f3mo el actor combat\u00eda dolores persistentes.<\/p>\n<p class=\"paragraph\">Jennifer Flavin se\u00f1al\u00f3 en ese mismo programa que cada intervenci\u00f3n quir\u00fargica signific\u00f3 un momento angustiante, siempre con la esperanza de una soluci\u00f3n definitiva para el dolor de su esposo.<\/p>\n<p class=\"paragraph\">El actor advirti\u00f3 p\u00fablicamente a las nuevas generaciones de int\u00e9rpretes sobre los peligros de evitar dobles de riesgo. Reiteradas veces ha aconsejado priorizar la seguridad personal y no emular su pol\u00edtica de asumir directamente todos los desaf\u00edos f\u00edsicos.<\/p>\n<p class=\"paragraph\">Pese a estas recomendaciones, la reputaci\u00f3n del actor dentro de la industria contin\u00faa asociada al compromiso extremo con el realismo en pantalla.<\/p>\n<p><img alt=\"Los Kennedy Center Honors reunieron\" class=\"global-image\" decoding=\"async\" fetchpriority=\"low\" height=\"3335\" loading=\"lazy\" src=\"https:\/\/www.europesays.com\/es\/wp-content\/uploads\/2025\/12\/OJMHRLF43VDM7LL5Y6QBJAVPAE.JPG\" width=\"5000\"\/>Los Kennedy Center Honors reunieron a destacadas figuras del entretenimiento mientras Stallone compart\u00eda escena con miembros de KISS, Gloria Gaynor y otros homenajeados (REUTERS\/Kevin Lamarque)<\/p>\n<p class=\"paragraph\">La noche del homenaje en Washington reuni\u00f3 a otras figuras distinguidas, entre ellas <b>Paul Stanley<\/b>, <b>Gene Simmons<\/b> y <b>Peter Criss<\/b> de la banda <b>KISS<\/b>, as\u00ed como a <b>Gloria Gaynor<\/b>, <b>George Strait<\/b> y <b>Michael Crawford<\/b>.<\/p>\n<p class=\"paragraph\">En declaraciones a The Hollywood Reporter desde la alfombra roja, Stallone calific\u00f3 el reconocimiento como \u201cestar en el ojo del hurac\u00e1n\u201d y manifest\u00f3 sentirse \u201cprofundamente agradecido\u201d por la distinci\u00f3n otorgada a su carrera en la cultura estadounidense.<\/p>\n<p class=\"paragraph\">La cobertura realizada por Daily Mail destac\u00f3 que pese a la atenci\u00f3n generada por su uso del bast\u00f3n, el actor mantuvo el \u00e1nimo festivo durante la totalidad del fin de semana de homenajes, tambi\u00e9n al recibir la medalla en la recepci\u00f3n oficial en el Departamento de Estado.<\/p>\n<p class=\"paragraph\">El evento fue conducido por el presidente <b>Donald Trump<\/b>, quien elogi\u00f3 tanto a Stallone como al resto de los distinguidos, refiri\u00e9ndose a ellos como \u201clegendarios de muchas formas\u201d y celebrando sus contribuciones persistentes al arte y la cultura popular.<\/p>\n<p><img alt=\"Donald Trump presidi\u00f3 la ceremonia\" class=\"global-image\" decoding=\"async\" fetchpriority=\"low\" height=\"3810\" loading=\"lazy\" src=\"https:\/\/www.europesays.com\/es\/wp-content\/uploads\/2025\/12\/IYCPS3Z3XZD3LAZBDBVVPDSOVE.JPG\" width=\"5715\"\/>Donald Trump presidi\u00f3 la ceremonia de los Kennedy Center Honors en Washington y elogi\u00f3 la perseverancia de los homenajeados, entre ellos Sylvester Stallone, resaltando su impacto en la cultura estadounidense (REUTERS\/Kevin Lamarque)<\/p>\n<p class=\"paragraph\">Durante la ceremonia, <b>Trump<\/b> evoc\u00f3 la perseverancia como rasgo com\u00fan de los homenajeados y cit\u00f3 frases emblem\u00e1ticas de <b>Rocky Balboa<\/b> para subrayar la importancia de seguir adelante a pesar de las adversidades. \u201cMuestran que hay que seguir avanzando, solo seguir avanzando\u201d, indic\u00f3 el mandatario.<\/p>\n","protected":false},"excerpt":{"rendered":"Sylvester Stallone aparece con un elegante bast\u00f3n en los Kennedy Center Honors de Washington y evidencia las consecuencias&hellip;\n","protected":false},"author":2,"featured_media":278028,"comment_status":"","ping_status":"","sticky":false,"template":"","format":"standard","meta":{"footnotes":""},"categories":[169],"tags":[231,3118,177,5797,45640,146,147,25,24,176,5638,175,3119,23],"class_list":{"0":"post-278027","1":"post","2":"type-post","3":"status-publish","4":"format-standard","5":"has-post-thumbnail","7":"category-cine","8":"tag-arts","9":"tag-arts-culture-entertainment","10":"tag-cine","11":"tag-culture","12":"tag-domestic-politics","13":"tag-entertainment","14":"tag-entretenimiento","15":"tag-es","16":"tag-espana","17":"tag-film","18":"tag-government-politics","19":"tag-movies","20":"tag-north-america","21":"tag-spain"},"share_on_mastodon":{"url":"https:\/\/pubeurope.com\/@es\/115685221643370244","error":""},"_links":{"self":[{"href":"https:\/\/www.europesays.com\/es\/wp-json\/wp\/v2\/posts\/278027","targetHints":{"allow":["GET"]}}],"collection":[{"href":"https:\/\/www.europesays.com\/es\/wp-json\/wp\/v2\/posts"}],"about":[{"href":"https:\/\/www.europesays.com\/es\/wp-json\/wp\/v2\/types\/post"}],"author":[{"embeddable":true,"href":"https:\/\/www.europesays.com\/es\/wp-json\/wp\/v2\/users\/2"}],"replies":[{"embeddable":true,"href":"https:\/\/www.europesays.com\/es\/wp-json\/wp\/v2\/comments?post=278027"}],"version-history":[{"count":0,"href":"https:\/\/www.europesays.com\/es\/wp-json\/wp\/v2\/posts\/278027\/revisions"}],"wp:featuredmedia":[{"embeddable":true,"href":"https:\/\/www.europesays.com\/es\/wp-json\/wp\/v2\/media\/278028"}],"wp:attachment":[{"href":"https:\/\/www.europesays.com\/es\/wp-json\/wp\/v2\/media?parent=278027"}],"wp:term":[{"taxonomy":"category","embeddable":true,"href":"https:\/\/www.europesays.com\/es\/wp-json\/wp\/v2\/categories?post=278027"},{"taxonomy":"post_tag","embeddable":true,"href":"https:\/\/www.europesays.com\/es\/wp-json\/wp\/v2\/tags?post=278027"}],"curies":[{"name":"wp","href":"https:\/\/api.w.org\/{rel}","templated":true}]}}