{"id":278033,"date":"2025-12-08T17:54:10","date_gmt":"2025-12-08T17:54:10","guid":{"rendered":"https:\/\/www.europesays.com\/es\/278033\/"},"modified":"2025-12-08T17:54:10","modified_gmt":"2025-12-08T17:54:10","slug":"identifican-a-uno-de-los-sospechosos-de-robar-obras-de-matisse-en-brasil","status":"publish","type":"post","link":"https:\/\/www.europesays.com\/es\/278033\/","title":{"rendered":"Identifican a uno de los sospechosos de robar obras de Matisse en Brasil"},"content":{"rendered":"<p>    <img src=\"https:\/\/www.europesays.com\/es\/wp-content\/uploads\/2025\/12\/2025-12-08T143A443A52Z-90603925.jpg\" width=\"1024\" height=\"576\" alt=\"\" loading=\"eager\" decoding=\"sync\" fetchpriority=\"high\"\/><\/p>\n<p>            afp_tickers        <\/p>\n<p>        Este contenido fue publicado en    <\/p>\n<p>        08 diciembre 2025 &#8211; 15:44\n<\/p>\n<p>Un hombre sospechoso de participar el domingo en el robo de ocho grabados del artista franc\u00e9s Henri Matisse en Sao Paulo fue identificado por la polic\u00eda, que tambi\u00e9n busca a un segundo posible implicado, informaron las autoridades este lunes.\u00a0<\/p>\n<p>Dos hombres armados irrumpieron en la Biblioteca M\u00e1rio de Andrade, en el centro de la mayor ciudad de Brasil, y se llevaron los grabados de Matisse adem\u00e1s de otros cinco del pintor modernista brasile\u00f1o C\u00e1ndido Portinari.<\/p>\n<p>\u00abUn posible implicado ya fue identificado. El veh\u00edculo utilizado para huir fue localizado\u00bb, indic\u00f3 la secretar\u00eda de Seguridad de Sao Paulo, en una nota enviada a la AFP.\u00a0<\/p>\n<p>\u00abLas investigaciones contin\u00faan para identificar al segundo implicado y localizar las obras robadas\u00bb, agreg\u00f3.\u00a0<\/p>\n<p>Seg\u00fan la polic\u00eda, los delincuentes sometieron el domingo a una vigilante y una pareja de ancianos que visitaba la biblioteca. Luego robaron los grabados y los guardaron en una bolsa de lona antes de salir por la puerta frontal de la biblioteca.\u00a0<\/p>\n<p>El veh\u00edculo utilizado para huir fue \u00abenviado a una pericia t\u00e9cnica\u00bb, detall\u00f3 la secretaria de Seguridad.\u00a0<\/p>\n<p>\u2013 En c\u00e1mara \u2013<\/p>\n<p>Im\u00e1genes divulgadas por el portal G1 muestran a los dos presuntos asaltantes descargando varios cuadros de un furg\u00f3n peque\u00f1o y apoy\u00e1ndolos contra un muro en una calle a plena luz del d\u00eda.\u00a0<\/p>\n<p>El portal tambi\u00e9n difundi\u00f3 fotos de los presuntos ladrones andando por una v\u00eda, aunque el rostro de uno de ellos est\u00e1 cubierto por una gorra.<\/p>\n<p>Sao Paulo cuenta con un sofisticado sistema de vigilancia por c\u00e1maras y reconocimiento facial.\u00a0<\/p>\n<p>La alcald\u00eda de la ciudad no ha dado cuenta por el momento del valor o la procedencia de las obras robadas de Matisse (1869-1954) y Portinari (1903-1962).<\/p>\n<p>Los grabados extra\u00eddos formaban parte de una exposici\u00f3n sobre el movimiento modernista realizada en colaboraci\u00f3n entre la Biblioteca M\u00e1rio de Andrade y el Museo de Arte Moderno de Sao Paulo.<\/p>\n<p>Inaugurada en octubre y titulada \u00abDel libro al museo\u00bb, la muestra reun\u00eda libros raros y obras de las d\u00e9cadas de 1940 y 1950. Acababa el domingo.<\/p>\n<p>Una nota de septiembre de las autoridades municipales se\u00f1alaba que la exposici\u00f3n conten\u00eda obras del acervo del MAM, pero no detallaba cu\u00e1les.<\/p>\n<p>Unos 60 dibujos de Henri Matisse, uno de los mayores pintores del siglo XX, recaudaron m\u00e1s de 2,5 millones de d\u00f3lares en una subasta de la casa Christie\u2019s en octubre, seg\u00fan el sitio especializado artnet.<\/p>\n<p>El r\u00e9cord para una obra del artista franc\u00e9s recae en \u00abOdalisque Couch\u00e9e Aux Magnolias\u00bb (1923), subastada por 80,8 millones en 2018 por Christie\u2019s.<\/p>\n<p>El caso en la biblioteca de Sao Paulo ocurre luego de que unos delincuentes lograron introducirse en el museo parisino del Louvre en octubre y robar en pocos minutos joyas de la Corona francesa valoradas en unos 100 millones de d\u00f3lares.<\/p>\n<p>jss\/app\/mel<\/p>\n","protected":false},"excerpt":{"rendered":"afp_tickers Este contenido fue publicado en 08 diciembre 2025 &#8211; 15:44 Un hombre sospechoso de participar el domingo&hellip;\n","protected":false},"author":2,"featured_media":278034,"comment_status":"","ping_status":"","sticky":false,"template":"","format":"standard","meta":{"footnotes":""},"categories":[91],"tags":[11892,5797,146,147,25,24,7657,23,52589,90],"class_list":{"0":"post-278033","1":"post","2":"type-post","3":"status-publish","4":"format-standard","5":"has-post-thumbnail","7":"category-entretenimiento","8":"tag-crime","9":"tag-culture","10":"tag-entertainment","11":"tag-entretenimiento","12":"tag-es","13":"tag-espana","14":"tag-law-and-order","15":"tag-spain","16":"tag-theft","17":"tag-ticker"},"share_on_mastodon":{"url":"https:\/\/pubeurope.com\/@es\/115685233331291654","error":""},"_links":{"self":[{"href":"https:\/\/www.europesays.com\/es\/wp-json\/wp\/v2\/posts\/278033","targetHints":{"allow":["GET"]}}],"collection":[{"href":"https:\/\/www.europesays.com\/es\/wp-json\/wp\/v2\/posts"}],"about":[{"href":"https:\/\/www.europesays.com\/es\/wp-json\/wp\/v2\/types\/post"}],"author":[{"embeddable":true,"href":"https:\/\/www.europesays.com\/es\/wp-json\/wp\/v2\/users\/2"}],"replies":[{"embeddable":true,"href":"https:\/\/www.europesays.com\/es\/wp-json\/wp\/v2\/comments?post=278033"}],"version-history":[{"count":0,"href":"https:\/\/www.europesays.com\/es\/wp-json\/wp\/v2\/posts\/278033\/revisions"}],"wp:featuredmedia":[{"embeddable":true,"href":"https:\/\/www.europesays.com\/es\/wp-json\/wp\/v2\/media\/278034"}],"wp:attachment":[{"href":"https:\/\/www.europesays.com\/es\/wp-json\/wp\/v2\/media?parent=278033"}],"wp:term":[{"taxonomy":"category","embeddable":true,"href":"https:\/\/www.europesays.com\/es\/wp-json\/wp\/v2\/categories?post=278033"},{"taxonomy":"post_tag","embeddable":true,"href":"https:\/\/www.europesays.com\/es\/wp-json\/wp\/v2\/tags?post=278033"}],"curies":[{"name":"wp","href":"https:\/\/api.w.org\/{rel}","templated":true}]}}