{"id":278051,"date":"2025-12-08T18:10:11","date_gmt":"2025-12-08T18:10:11","guid":{"rendered":"https:\/\/www.europesays.com\/es\/278051\/"},"modified":"2025-12-08T18:10:11","modified_gmt":"2025-12-08T18:10:11","slug":"amador-clavet-y-ana-morales-una-vida-desde-un-pueblo-de-soria-para-el-arte","status":"publish","type":"post","link":"https:\/\/www.europesays.com\/es\/278051\/","title":{"rendered":"Amador Clavet y Ana Morales, una vida desde un pueblo de Soria para el arte"},"content":{"rendered":"<p>            Publicado por<\/p>\n<p>Heraldo-Diario de Soria<\/p>\n<p class=\"c-detail__info__more\">\n            Creado:<br \/>\n            <a class=\"c-detail__info__more__date\" href=\"https:\/\/www.heraldodiariodesoria.es\/hemeroteca\/251208\/\" rel=\"nofollow noopener\" target=\"_blank\"><br \/>\n                08.12.2025 | 13:58<br \/>\n            <\/a>\n        <\/p>\n<p class=\"c-detail__info__more\">\n            Actualizado:<br \/>\n            08.12.2025 | 13:58\n        <\/p>\n<p class=\"paragraph\">Caminan juntos en la <b>vida <\/b>y en su <b><a href=\"https:\/\/www.heraldodiariodesoria.es\/temas\/arte\/\" rel=\"nofollow noopener\" target=\"_blank\">carrera art\u00edstica<\/a><\/b> con la naturaleza como aliada. Cada uno con su estilo personal propio y en ambos con una gran carga l\u00edrica. Sus obras transmiten paz y son capaces de emocionar al espectador, que tiene la suerte de contemplar esos <b>paisajes <\/b>que invitan al silencio y a contemplar la vida desde la sobriedad y el lirismo que exuda <b>Castilla<\/b>.<\/p>\n<p class=\"paragraph\"><b>Amador Clavet<\/b> y <b>Ana Morales<\/b> crean arte, desde hace d\u00e9cadas, desde la peque\u00f1a localidad soriana de <b>Mazater\u00f3n<\/b>. Ambos se conocieron en la <b>Escuela de Bellas Artes de Barcelona <\/b>y tras vivir en la ciudad durante los primeros a\u00f1os de su trayectoria art\u00edstica decidieron apostar por <b>Soria <\/b>porque era m\u00e1s f\u00e1cil compaginar la vida laboral con su pasi\u00f3n por el arte, informa Ical.<\/p>\n<p>            <a href=\"#\" title=\"\"><\/p>\n<p>                    <img loading=\"lazy\" decoding=\"async\" data-index=\"\" width=\"140\" height=\"140\" alt=\"Lola Herrera, en su papel en \u2019Cinco horas con Mario\u2019.-EUROPA PRESS\" data-full=\"[object Object]\" data-original=\"[object Object]\" src=\"https:\/\/imagenes.heraldodiariodesoria.es\/files\/related_image\/uploads\/2023\/06\/19\/6490be87cb9e6.jpeg\" data-full-src=\"https:\/\/www.europesays.com\/es\/wp-content\/uploads\/2025\/12\/6490be87cb9e6.jpeg\"\/><\/p>\n<p>            <\/a><\/p>\n<p class=\"paragraph\">La inmensidad del paisaje castellano fue lo que conmovi\u00f3 a Amador Clavet a querer trasladarse a Soria. Su obra denota la <b>mirada mediterr\u00e1nea a los campos de Castilla<\/b>, que otrora tambi\u00e9n cantara Antonio Machado.<\/p>\n<p class=\"c-detail__media__subtitle\">\n<p>        Ana trabaja en una de sus obras.CONCHA ORTEGA &#8211; ICAL<\/p>\n<p class=\"paragraph\">El artista, que ejerci\u00f3 de profesor de <b>Dibujo T\u00e9cnico<\/b> en el <b>Instituto Castilla<\/b> de la capital soriana, confiesa que siempre le resultaron atractivas las im\u00e1genes buc\u00f3licas de los pueblos, es m\u00e1s, miraba una y otra vez las fotograf\u00edas que aparec\u00edan en los libros de Literatura que adornaban los poemas de los cl\u00e1sicos espa\u00f1oles con im\u00e1genes del mundo rural.<\/p>\n<p class=\"paragraph\">Tras cursar sus estudios en la Universidad de Bellas Artes de Barcelona, en un primer momento estuvo interesado por la abstracci\u00f3n geom\u00e9trica, el suprematismo y el arte cin\u00e9tico y conceptual pero luego se qued\u00f3 fascinado con la obra de <b>D\u00edaz Caneja<\/b>.<\/p>\n<p class=\"paragraph\">\u201cCuando curs\u00e1bamos la carrera visitamos un museo en La Haya en el que estaban todos los suprematistas importantes y nos impuls\u00f3 a apuntarnos a esta corriente. Pero poco despu\u00e9s, en 1979,  hicimos un viaje a <b>Madrid<\/b>, reci\u00e9n hab\u00eda acabado la mili, y visitamos el Museo Espa\u00f1ol de Arte Contempor\u00e1neo y descubr\u00ed a los artistas castellanos y a la Escuela de Madrid. Contemple obra de D\u00edaz Caneja, del extreme\u00f1o <b>Godofredo Ortega Mu\u00f1oz<\/b> y de <b>Esteban Vicente<\/b> que me llamaron mucho la atenci\u00f3n, sobre todo, me gusto la obra del palentino\u201d, confiesa a Ical.<\/p>\n<p class=\"c-detail__media__subtitle\">\n<p>        Amador, junto a uno de sus cuadros.CONCHA ORTEGA &#8211; ICAL<\/p>\n<p class=\"paragraph\">Esto le impuls\u00f3 a pedir a <b>Ana<\/b> que le llevara a su pueblo, <b>Mazater\u00f3n<\/b>, y all\u00ed se qued\u00f3 embelesado con los campos de trigo, los encinares y los contrastes de los verdes y los amarillos. Ya en 1993 cuando Clavet hab\u00eda hecho varias exposiciones con tem\u00e1tica soriana decidieron <b>trasladarse a Soria<\/b> para poder de salir a pintar al campo. Con el traslado pudo descubrir la luz y el silencio de Soria y la esencia castellana en directo.<\/p>\n<p class=\"paragraph\">\u201cMe ve\u00eda solo en la inmensidad del paisaje y eso me estremec\u00eda. <b>Me emocionaba el paisaje<\/b>. A veces esa emoci\u00f3n se interrump\u00eda porque venia gente a preguntar qu\u00e9 hac\u00eda. Algunos se sentaban conmigo y me contaban historias y tambi\u00e9n me llenaban\u201d, detalla.<\/p>\n<p class=\"paragraph\">El artista compagin\u00f3 a lo largo de su trayectoria art\u00edstica la creaci\u00f3n pict\u00f3rica con un trabajo que le pod\u00eda proporcionar ingresos fijos. Ya hab\u00eda aprobado las oposiciones de <b>profesor de Secundaria<\/b> en la ciudad condal y en Soria decidi\u00f3 impartir clases de Dibujo T\u00e9cnico en el Instituto Castilla.<\/p>\n<p class=\"paragraph\">Ana, mientras tanto, se dedic\u00f3 a ense\u00f1ar su obra en Madrid y consigui\u00f3 que en un principio un par de galer\u00edas se interesaran. \u201cNada m\u00e1s llegar a Soria impart\u00ed clases en <b>Arcos de Jal\u00f3n<\/b> y conoc\u00ed a <b>Pepe Arense<\/b>, que era el director de la <b>Galer\u00eda Arco Romano<\/b>. En ese momento tuvimos la suerte de conocer a <b>Modest Cuixart<\/b>. Me levantaba pronto y con mi cuatro latas me iba a encontrar paisajes. Un d\u00eda fui a una gasolinera a por gasoil para la estufa y empez\u00f3 a nevar. Me met\u00ed en el coche y me puse a pintar dentro del coche. Son experiencias que no las hubiera vivido jam\u00e1s sino hubiera venido a vivir a Soria\u201d, resalta.<\/p>\n<p class=\"paragraph\">El artista afirma que a pesar de ser consciente de que no era nada nuevo pintar el paisaje castellano para \u00e9l s\u00ed lo era y, por eso, puso todos los conocimientos conceptuales aprendidos a su servicio. De este modo, el artista ha creado infinidad de obras siempre ahondando y sintiendo la <b>tierra machadiana<\/b> y las ha expuesto por gran parte del pa\u00eds.<\/p>\n<p class=\"paragraph\">Ahora desde el retiro de la <b>jubilaci\u00f3n <\/b>y con todo su tiempo para el arte, Clavet practica otro tipo de pintura de investigaci\u00f3n o metaf\u00edsica que le ayuda a encontrarse consigo mismo. \u201cHe sentido la necesidad de empezar a trabajar otras cosas y ver <b>hasta d\u00f3nde soy capaz de llegar<\/b>. Nos gustan mucho los museos y en todos nuestros viajes vemos obra de otros artistas y decid\u00ed llevar a cabo im\u00e1genes de esa experiencia vital. Empezamos a hacer fotos de esa experiencia y ahora son mis paisajes. Recojo la coincidencia con otras personas. He creado retratos de personas de perfil que observan un cuadro que invitan al espectador a conocer la obra del artista que miran\u201d, detalla.<\/p>\n<p class=\"paragraph\">Ana Morales sab\u00eda que hablar de otros artistas era m\u00e1s f\u00e1cil que hablar de la suya propia y, por ello, durante toda su trayectoria se ha dedicado a \u201cmover\u201d la obra de su pareja, \u201cun pintor\u201d, dice, que daba clases pero que \u201cera m\u00e1s artista que otra cosa\u201d.<\/p>\n<p class=\"paragraph\">El duro trabajo de vender a galeristas la obra de Clavet la compagin\u00f3 con la creaci\u00f3n de sus <b>cuadros<\/b>, que destilan l\u00edrica y son capaces de transmitir al espectador paz y sosiego. \u201cEn Barcelona trabaj\u00e9 en <b>Editorial Planeta<\/b> pero este trabajo y el de Amador no nos dejaban vivir el sentido de la pintura. <b>Soria<\/b>, sin embargo, nos proporcion\u00f3 tener <b>m\u00e1s tiempo<\/b> y tener a la <b>naturaleza <\/b>a la puerta de casa\u201d, indica.<\/p>\n<p class=\"paragraph\">Desde la abstracci\u00f3n l\u00edrica y con toques de la pintura japonesa de sumi-e, Ana Morales ha participado en numerosas exposiciones colectivas. Actualmente participa en la muestra <b>\u2018Los Colores de Machado\u2019 <\/b>del<b> Gaya Nu\u00f1o<\/b> en Soria y pr\u00f3ximamente har\u00e1 lo propio en <b>Valladolid <\/b>donde exhibir\u00e1 su obra \u2018<b>Encina<\/b>\u2019 en la sala <b>Las Francesas<\/b> de la mano de la cooperativa <b>Acor<\/b>.<\/p>\n<p class=\"paragraph\">\u201cYo soy m\u00e1s expresionista <b>l\u00edrica<\/b>; parto de la mancha para crear la forma, a partir de pasear por la naturaleza y de las sensaciones que me genera. Cuando trabajo tengo un di\u00e1logo conmigo que se escapa de la figuraci\u00f3n y de las sensaciones que tengo ante la naturaleza. Hay un momento en el que cuadro te exige unas formas y manchas y te habla. Yo me quedo en la armon\u00eda del color y de las formas\u201d, describe para apuntar que \u201csue\u00f1a en el proceso del trabajo y establece un <b>di\u00e1logo con la obra<\/b> desde emoci\u00f3n que le causa la misma\u00bb.<\/p>\n<p class=\"paragraph\">Ana asegura sentirse libre para crear y confiesa que el arte es su forma de vida. Ambos pasan much\u00edsimas horas en el estudio de Mazater\u00f3n. Tal es su vocaci\u00f3n por el arte que viajan y viven conforme a ella. Confiesa que no es una obsesi\u00f3n pero s\u00ed una necesidad. \u201cEl mundo del <b>arte te tiene que atrapar<\/b>\u201d, puntualiza.<\/p>\n","protected":false},"excerpt":{"rendered":"Publicado por Heraldo-Diario de Soria Creado: 08.12.2025 | 13:58 Actualizado: 08.12.2025 | 13:58 Caminan juntos en la vida&hellip;\n","protected":false},"author":2,"featured_media":278052,"comment_status":"","ping_status":"","sticky":false,"template":"","format":"standard","meta":{"footnotes":""},"categories":[173],"tags":[229,233,231,230,210,232,234,146,147,25,24,67633,1409,246,23],"class_list":{"0":"post-278051","1":"post","2":"type-post","3":"status-publish","4":"format-standard","5":"has-post-thumbnail","7":"category-arte-y-diseno","8":"tag-arte","9":"tag-arte-y-diseno","10":"tag-arts","11":"tag-arts-and-design","12":"tag-barcelona","13":"tag-design","14":"tag-diseno","15":"tag-entertainment","16":"tag-entretenimiento","17":"tag-es","18":"tag-espana","19":"tag-ies-castilla","20":"tag-naturaleza","21":"tag-soria","22":"tag-spain"},"share_on_mastodon":{"url":"https:\/\/pubeurope.com\/@es\/115685295850488563","error":""},"_links":{"self":[{"href":"https:\/\/www.europesays.com\/es\/wp-json\/wp\/v2\/posts\/278051","targetHints":{"allow":["GET"]}}],"collection":[{"href":"https:\/\/www.europesays.com\/es\/wp-json\/wp\/v2\/posts"}],"about":[{"href":"https:\/\/www.europesays.com\/es\/wp-json\/wp\/v2\/types\/post"}],"author":[{"embeddable":true,"href":"https:\/\/www.europesays.com\/es\/wp-json\/wp\/v2\/users\/2"}],"replies":[{"embeddable":true,"href":"https:\/\/www.europesays.com\/es\/wp-json\/wp\/v2\/comments?post=278051"}],"version-history":[{"count":0,"href":"https:\/\/www.europesays.com\/es\/wp-json\/wp\/v2\/posts\/278051\/revisions"}],"wp:featuredmedia":[{"embeddable":true,"href":"https:\/\/www.europesays.com\/es\/wp-json\/wp\/v2\/media\/278052"}],"wp:attachment":[{"href":"https:\/\/www.europesays.com\/es\/wp-json\/wp\/v2\/media?parent=278051"}],"wp:term":[{"taxonomy":"category","embeddable":true,"href":"https:\/\/www.europesays.com\/es\/wp-json\/wp\/v2\/categories?post=278051"},{"taxonomy":"post_tag","embeddable":true,"href":"https:\/\/www.europesays.com\/es\/wp-json\/wp\/v2\/tags?post=278051"}],"curies":[{"name":"wp","href":"https:\/\/api.w.org\/{rel}","templated":true}]}}