{"id":278072,"date":"2025-12-08T18:22:08","date_gmt":"2025-12-08T18:22:08","guid":{"rendered":"https:\/\/www.europesays.com\/es\/278072\/"},"modified":"2025-12-08T18:22:08","modified_gmt":"2025-12-08T18:22:08","slug":"alberto-gonzalez-valoro-la-victoria-del-albacete-balompie-en-el-plantio","status":"publish","type":"post","link":"https:\/\/www.europesays.com\/es\/278072\/","title":{"rendered":"Alberto Gonz\u00e1lez valor\u00f3 la victoria del Albacete Balompi\u00e9 en el Plant\u00edo"},"content":{"rendered":"<p class=\"MsoNormal\" style=\"text-align: justify;\">Alberto Gonz\u00e1lez ha creado alrededor del Alba una estabilidad que siempre obtiene recompensa. Despu\u00e9s de dos derrotas consecutivas, ante Las Palmas y D\u00e9por, el equipo se presentaba en un Plant\u00edo en el que nunca hab\u00eda ganado y solo a un punto del descenso. \u201cLa categor\u00eda es de consistencia, constancia, mantener el nivel independientemente de las din\u00e1micas. <strong>El equipo que se mantenga firme independientemente de las tempestades a lo largo del tiempo ser\u00e1 el que m\u00e1s puntos consiga. Nuestro equipo la est\u00e1 teniendo. Venimos del palo de perder dos partidos seguidos y estando a un punto del descenso, pero el equipo lo gestiona bien y ha hecho un partido serio y bien competido. El trabajo siempre est\u00e1 ah\u00ed\u201d<\/strong>, dijo el entrenador del Alba. \u201cHemos mantenido durante todo el partido seriedad, trabajo, activaci\u00f3n y concentraci\u00f3n. La categor\u00eda demanda este mono de trabajo y hoy nos lo hemos puesto\u201d.<\/p>\n<p class=\"MsoNormal\" style=\"text-align: justify;\">El partido ante el Burgos cumpli\u00f3 con el guion establecido desde el cuerpo t\u00e9cnico. \u201cHemos hecho un gran trabajo. <strong>Hemos hecho un partido serio desde el minuto uno.<\/strong> Hemos recuperado balones, hemos tenido opciones de hacer da\u00f1o a la contra, si bien no hemos creado el peligro que nos hubiese gustado. Hemos sido pacientes a la hora de circular. El equipo se ha adaptado al partido y estoy muy contento por ello\u201d, analiz\u00f3. <strong>\u201cHemos dejado la puerta a cero. Hemos estado concentrados desde el minuto uno y hemos demostrado que en esas condiciones somos dif\u00edciles de batir. Somos de los equipos con m\u00e1s puertas a cero y tenemos que seguir en esta l\u00ednea\u201d.<\/strong><\/p>\n<p>\u00abEncantado con Jeft\u00e9 y con todo\u00bb<\/p>\n<p class=\"MsoNormal\" style=\"text-align: justify;\">La autor\u00eda de la victoria se la acabar\u00eda llevando Jeft\u00e9. <strong>\u201cEstoy contento por \u00e9l y por el equipo. No es f\u00e1cil sumar tres puntos y mucho menos fuera de casa y ante un gran rival. Estoy encantado con todo\u201d.<\/strong><\/p>\n<p>\u00abLa victoria nos la hemos llevado entre todos\u00bb<\/p>\n<p class=\"MsoNormal\" style=\"text-align: justify;\">Y feliz, Alberto estaba feliz, por nuestra afici\u00f3n. <strong>\u201cEra un d\u00eda de fiesta, era un sitio bonito para venir en puente y acompa\u00f1ar a tu equipo. El cambio de d\u00eda tambi\u00e9n supuso un h\u00e1ndicap para algunas familias. Agradecido y contentos de que podamos llevarnos entre todos esta victoria\u201d.<\/strong><\/p>\n<p>El sorteo de Copa<\/p>\n<p class=\"MsoNormal\" style=\"text-align: justify;\">Por \u00faltimo, el t\u00e9cnico andaluz se refiri\u00f3 al sorteo de Copa que ma\u00f1ana tendr\u00e1 lugar. <strong>\u201cEl hecho de que sea un equipo de categor\u00eda superior debe ser suficiente aliciente. Para mi atractivo es el Betis porque vengo de all\u00ed y gusta mucho en toda Espa\u00f1a. Cualquiera que venga ser\u00e1 bienvenido. Ser\u00e1 un gran espect\u00e1culo para nuestra gente\u201d.<\/strong><\/p>\n","protected":false},"excerpt":{"rendered":"Alberto Gonz\u00e1lez ha creado alrededor del Alba una estabilidad que siempre obtiene recompensa. Despu\u00e9s de dos derrotas consecutivas,&hellip;\n","protected":false},"author":2,"featured_media":278073,"comment_status":"","ping_status":"","sticky":false,"template":"","format":"standard","meta":{"footnotes":""},"categories":[5],"tags":[17,18,25,24,13,14,11,19,20,9,10,15,16,23,12,21,22],"class_list":{"0":"post-278072","1":"post","2":"type-post","3":"status-publish","4":"format-standard","5":"has-post-thumbnail","7":"category-titulares","8":"tag-breaking-news","9":"tag-breakingnews","10":"tag-es","11":"tag-espana","12":"tag-featured-news","13":"tag-featurednews","14":"tag-headlines","15":"tag-latest-news","16":"tag-latestnews","17":"tag-news","18":"tag-noticias","19":"tag-noticias-destacadas","20":"tag-noticiasdestacadas","21":"tag-spain","22":"tag-titulares","23":"tag-ultimas-noticias","24":"tag-ultimasnoticias"},"share_on_mastodon":{"url":"https:\/\/pubeurope.com\/@es\/115685342757636159","error":""},"_links":{"self":[{"href":"https:\/\/www.europesays.com\/es\/wp-json\/wp\/v2\/posts\/278072","targetHints":{"allow":["GET"]}}],"collection":[{"href":"https:\/\/www.europesays.com\/es\/wp-json\/wp\/v2\/posts"}],"about":[{"href":"https:\/\/www.europesays.com\/es\/wp-json\/wp\/v2\/types\/post"}],"author":[{"embeddable":true,"href":"https:\/\/www.europesays.com\/es\/wp-json\/wp\/v2\/users\/2"}],"replies":[{"embeddable":true,"href":"https:\/\/www.europesays.com\/es\/wp-json\/wp\/v2\/comments?post=278072"}],"version-history":[{"count":0,"href":"https:\/\/www.europesays.com\/es\/wp-json\/wp\/v2\/posts\/278072\/revisions"}],"wp:featuredmedia":[{"embeddable":true,"href":"https:\/\/www.europesays.com\/es\/wp-json\/wp\/v2\/media\/278073"}],"wp:attachment":[{"href":"https:\/\/www.europesays.com\/es\/wp-json\/wp\/v2\/media?parent=278072"}],"wp:term":[{"taxonomy":"category","embeddable":true,"href":"https:\/\/www.europesays.com\/es\/wp-json\/wp\/v2\/categories?post=278072"},{"taxonomy":"post_tag","embeddable":true,"href":"https:\/\/www.europesays.com\/es\/wp-json\/wp\/v2\/tags?post=278072"}],"curies":[{"name":"wp","href":"https:\/\/api.w.org\/{rel}","templated":true}]}}