{"id":278079,"date":"2025-12-08T18:33:11","date_gmt":"2025-12-08T18:33:11","guid":{"rendered":"https:\/\/www.europesays.com\/es\/278079\/"},"modified":"2025-12-08T18:33:11","modified_gmt":"2025-12-08T18:33:11","slug":"los-trabajadores-del-louvre-iran-a-la-huelga-por-el-deterioro-del-museo","status":"publish","type":"post","link":"https:\/\/www.europesays.com\/es\/278079\/","title":{"rendered":"Los trabajadores del\u00a0Louvre ir\u00e1n a la huelga por el deterioro del museo"},"content":{"rendered":"<p>\t\t\t \t\t \t\t\t\t\t\t\tImagen de archivo de turistas frente al Louvre <strong class=\"pd-l\">Kevin Coombs | REUTERS  <\/strong><\/p>\n<p>\t\t\t\t\t\tEste domingo se conoc\u00eda que la rotura de una tuber\u00eda da\u00f1\u00f3 400 piezas y documentos en la\u00a0biblioteca de antig\u00fcedades egipcias<br \/>\n\t\t\t\t\t\t\t\t\t\t\t\t<strong>08 dic 2025<\/strong> . Actualizado a las 13:53 h.\t\t\t\t\t\t<\/p>\n<p class=\"first-paragraph txt\">Primero fue un robo de pel\u00edcula y ahora una tuber\u00eda rota que ha da\u00f1ado cientos de piezas y documentos. Los trabajadores del <strong><a href=\"https:\/\/www.lavozdegalicia.es\/temas\/museo-del-louvre\" rel=\"nofollow noopener\" target=\"_blank\">Museo del Louvre<\/a><\/strong> han convocado este lunes una <a href=\"https:\/\/www.lavozdegalicia.es\/temas\/huelga\" rel=\"nofollow noopener\" target=\"_blank\">huelga<\/a>. La fecha de inicio, el 15 de diciembre, pero podr\u00eda prolongarse los d\u00edas siguientes, en un contexto de una fuerte controversia por el deterioro de las instalaciones.\u00a0<\/p>\n<p class=\"txt\">El objetivo de ese paro \u00abprorrogable\u00bb, que se vot\u00f3 por unanimidad en una asamblea general a propuesta de las centrales CGT, CFDT y Sud, es denunciar las condiciones de trabajo y la falta de recursos, seg\u00fan fuentes sindicales citadas por los medios.<\/p>\n<p class=\"txt\">El anuncio de esta convocatoria llega un d\u00eda despu\u00e9s de que se supiera que <a class=\"link-txt\" href=\"https:\/\/www.lavozdegalicia.es\/noticia\/cultura\/2025\/12\/07\/tuberia-rota-louvre-dana-400-piezas-documentos-biblioteca-antiguedades-egipcias\/00031765126394640413623.htm\" rel=\"nofollow noopener\" target=\"_blank\">el pasado 27 de noviembre resultaron da\u00f1ados varios cientos de libros antiguos<\/a> por una inundaci\u00f3n causada por la aver\u00eda de unas tuber\u00edas sobre las que se conoc\u00eda su estado vetusto en la biblioteca de antig\u00fcedades<\/p>\n<p class=\"txt\">Seg\u00fan La Tribune de l&#8217;Art, el agua empap\u00f3 la moqueta y da\u00f1\u00f3 los espacios de trabajo, pero los operarios pudieron cortar el flujo de agua antes de que llegase a un cuadro el\u00e9ctrico en el piso inferior, lo que podr\u00eda haber provocado un incendio.<\/p>\n<p class=\"txt\">El 17 de noviembre, el museo cerr\u00f3 un espacio de oficinas y, por precauci\u00f3n, una galer\u00eda de antig\u00fcedades griegas que se encuentra debajo, tras haber detectado problemas de fragilidad en algunas de las vigas de esa zona del complejo.<\/p>\n<p class=\"txt\">\n<p>\t\t\t\t\t\t\t\t\t\t\t\t&#13;<br \/>\n\t\t\t\t\t\t\t\t&#13;<br \/>\n&#13;<br \/>\n&#13;<\/p>\n<p>\t\t\t&#13;<br \/>\n\t&#13;<\/p>\n<p>\t\t\t<a href=\"https:\/\/www.lavozdegalicia.es\/noticia\/cultura\/2025\/11\/18\/grandes-robos-arte-galicia-santa-maria-azogue-codice-calixtino\/00031763484753673601944.htm\" data-analytics=\"link-embed\" rel=\"nofollow noopener\" target=\"_blank\">Los grandes robos de arte de Galicia: de Santa Mar\u00eda de Azogue al C\u00f3dice Calixtino<\/a><\/p>\n<p class=\"a-min-author\">\n<p>\t\t\t\t\t\t\t\t\t\t\t<a href=\"https:\/\/www.lavozdegalicia.es\/firmas\/tamara-montero\" rel=\"nofollow noopener\" target=\"_blank\"> \tTamara Montero<\/a><\/p>\n<p>\t&#13;<br \/>\n\t&#13;<br \/>\n&#13;<\/p>\n<p class=\"txt\">Pero lo que ha generado m\u00e1s pol\u00e9mica en las \u00faltimas semanas es el espectacular robo del que fue v\u00edctima <a class=\"link-txt\" href=\"https:\/\/www.lavozdegalicia.es\/noticia\/cultura\/2025\/11\/25\/detienen-francia-presunto-cuarto-miembro-banda-robo-museo-louvre\/00031764077016081975732.htm\" rel=\"nofollow noopener\" target=\"_blank\">el 19 de octubre, en el que un grupo de ladrones que accedieron con un montacargas m\u00f3vil a la galer\u00eda de Apolo<\/a> en pleno d\u00eda se llevaron joyas de la corona de Francia.<\/p>\n<p class=\"txt\">Los cuatro miembros del comando han sido detenidos, pero las joyas no han podido ser recuperadas. El pr\u00f3ximo mi\u00e9rcoles en el Senado se presentar\u00e1n las conclusiones de la investigaci\u00f3n administrativa que se puso en marcha para aclarar lo ocurrido y los posibles fallos en la seguridad.\u00a0<\/p>\n<p>&#13;<br \/>\n\tArchivado en:&#13;<br \/>\n\t\t\t\t\t<a href=\"https:\/\/www.lavozdegalicia.es\/temas\/huelga\/\" target=\"_blank\" class=\"mg-l\" rel=\"nofollow noopener\">Huelga<\/a>&#13;<br \/>\n\t\t\t\t\t<a href=\"https:\/\/www.lavozdegalicia.es\/temas\/museo-del-louvre\/\" target=\"_blank\" class=\"mg-l\" rel=\"nofollow noopener\">Museo del Louvre<\/a>&#13;<br \/>\n\t&#13;<\/p>\n","protected":false},"excerpt":{"rendered":"Imagen de archivo de turistas frente al Louvre Kevin Coombs | REUTERS Este domingo se conoc\u00eda que la&hellip;\n","protected":false},"author":2,"featured_media":278080,"comment_status":"","ping_status":"","sticky":false,"template":"","format":"standard","meta":{"footnotes":""},"categories":[173],"tags":[229,233,231,230,232,234,146,147,25,24,13181,41530,23],"class_list":{"0":"post-278079","1":"post","2":"type-post","3":"status-publish","4":"format-standard","5":"has-post-thumbnail","7":"category-arte-y-diseno","8":"tag-arte","9":"tag-arte-y-diseno","10":"tag-arts","11":"tag-arts-and-design","12":"tag-design","13":"tag-diseno","14":"tag-entertainment","15":"tag-entretenimiento","16":"tag-es","17":"tag-espana","18":"tag-huelga","19":"tag-museo-del-louvre","20":"tag-spain"},"share_on_mastodon":{"url":"https:\/\/pubeurope.com\/@es\/115685386045000496","error":""},"_links":{"self":[{"href":"https:\/\/www.europesays.com\/es\/wp-json\/wp\/v2\/posts\/278079","targetHints":{"allow":["GET"]}}],"collection":[{"href":"https:\/\/www.europesays.com\/es\/wp-json\/wp\/v2\/posts"}],"about":[{"href":"https:\/\/www.europesays.com\/es\/wp-json\/wp\/v2\/types\/post"}],"author":[{"embeddable":true,"href":"https:\/\/www.europesays.com\/es\/wp-json\/wp\/v2\/users\/2"}],"replies":[{"embeddable":true,"href":"https:\/\/www.europesays.com\/es\/wp-json\/wp\/v2\/comments?post=278079"}],"version-history":[{"count":0,"href":"https:\/\/www.europesays.com\/es\/wp-json\/wp\/v2\/posts\/278079\/revisions"}],"wp:featuredmedia":[{"embeddable":true,"href":"https:\/\/www.europesays.com\/es\/wp-json\/wp\/v2\/media\/278080"}],"wp:attachment":[{"href":"https:\/\/www.europesays.com\/es\/wp-json\/wp\/v2\/media?parent=278079"}],"wp:term":[{"taxonomy":"category","embeddable":true,"href":"https:\/\/www.europesays.com\/es\/wp-json\/wp\/v2\/categories?post=278079"},{"taxonomy":"post_tag","embeddable":true,"href":"https:\/\/www.europesays.com\/es\/wp-json\/wp\/v2\/tags?post=278079"}],"curies":[{"name":"wp","href":"https:\/\/api.w.org\/{rel}","templated":true}]}}