{"id":278081,"date":"2025-12-08T18:35:13","date_gmt":"2025-12-08T18:35:13","guid":{"rendered":"https:\/\/www.europesays.com\/es\/278081\/"},"modified":"2025-12-08T18:35:13","modified_gmt":"2025-12-08T18:35:13","slug":"tiempo-tv3-los-nuevos-mapas-del-tiempo-de-tv3-causan-revuelo-entre-la-audiencia-que-no-lo-toquen-mas","status":"publish","type":"post","link":"https:\/\/www.europesays.com\/es\/278081\/","title":{"rendered":"TIEMPO TV3 | Los nuevos mapas del tiempo de TV3 causan revuelo entre la audiencia: \u00ab\u00a1Que no lo toquen m\u00e1s!\u00bb"},"content":{"rendered":"<p class=\"ft-text\">El &#8216;<a class=\"ft-link ft-link--decoration\" href=\"https:\/\/www.elperiodico.com\/es\/temas\/telenoticies-39435\" rel=\"nofollow noopener\" target=\"_blank\">Telenot\u00edcies<\/a>&#8216; de <a class=\"ft-link ft-link--decoration\" href=\"https:\/\/www.elperiodico.com\/es\/temas\/tv3-television-catalunya-5010\" rel=\"nofollow noopener\" target=\"_blank\">TV3<\/a> de la<strong> noche del pasado martes, d\u00eda 2,<\/strong> incorpor\u00f3 <strong>novedades en el espacio del <\/strong><a class=\"ft-link ft-link--decoration\" href=\"https:\/\/www.elperiodico.com\/es\/temas\/tiempo-1834968\" rel=\"nofollow noopener\" target=\"_blank\"><strong>tiempo<\/strong><\/a><strong> <\/strong>que no pasaron desapercibidas entre los espectadores.<\/p>\n<p class=\"ft-text\">Desde que la cadena decidi\u00f3 <a class=\"ft-link ft-link--decoration\" href=\"https:\/\/www.elperiodico.com\/es\/tele\/20250916\/3catinfo-estrena-universo-informativo-renovacion-121640641\" rel=\"nofollow noopener\" target=\"_blank\">renovar sus contenidos y crear la nueva marca de informativos 3CatInfo<\/a>, el pasado mes de septiembre, <strong>el p\u00fablico se ha mostrado insatisfecho<\/strong> con los grafismos del mapa del tiempo y manifestaba que <strong>se hab\u00eda perdido legibilidad.<\/strong><\/p>\n<p>Cambios en los mapas<\/p>\n<p class=\"ft-text\">TV3 ya inform\u00f3 en su momento de que los primeros grafismos de esta nueva etapa estaban hechos con una <strong>nueva tecnolog\u00eda que habr\u00eda que ir perfeccionando <\/strong>poco a poco.<\/p>\n<p class=\"ft-text\">Uno de los cambios que m\u00e1s destaca es el del <strong>color del mar:<\/strong> ahora es de una <strong>tonalidad m\u00e1s oscura<\/strong> que ha gustado m\u00e1s a los telespectadores que la versi\u00f3n anterior.<strong> \u201cEl azul del mar me gusta mucho m\u00e1s\u201d<\/strong>, comentaba un usuario en <a class=\"ft-link ft-link--decoration\" href=\"https:\/\/www.elperiodico.com\/es\/temas\/twitter-9630\" rel=\"nofollow noopener\" target=\"_blank\">X<\/a>.<\/p>\n<blockquote class=\"twitter-tweet\">\n<p lang=\"ca\" dir=\"ltr\">El blau del mar m&#8217;agrada molt m\u00e9s i al mapa d&#8217;europa es veien b\u00e9 els s\u00edmbols de pluja.<br \/>Els sols els preferia taronja, per\u00f2 ja \u00e9s q\u00fcesti\u00f3 de gust. L&#8217;important \u00e9s que tot es veu clar \ud83d\udc4d\ud83c\udffb<\/p>\n<p>\u2014 Carlos Faro (@farolostao) <a href=\"https:\/\/twitter.com\/farolostao\/status\/1995964264474182119?ref_src=twsrc%5Etfw\" rel=\"nofollow noopener\" target=\"_blank\">December 2, 2025<\/a><\/p><\/blockquote>\n<p class=\"ft-text\"><strong>El icono del sol<\/strong> tambi\u00e9n ha cambiado, <strong>ha vuelto al caracter\u00edstico color amarillo<\/strong> que ten\u00eda antes de que, con la renovaci\u00f3n, lo ilustrasen con un tono m\u00e1s anaranjado.<\/p>\n<p><img decoding=\"async\" src=\"https:\/\/www.europesays.com\/es\/wp-content\/uploads\/2025\/12\/eca464c2-06ae-4181-ba2b-6311788da91b_alta-libre-aspect-ratio_default_0.jpg\" width=\"1200\" height=\"686\" alt=\"Telenot\u00edcies vespre de TV3 d\u00eda 02\/12\/2025.\" class=\"ft-helper-img-rd\" loading=\"lazy\"\/><\/p>\n<p class=\"ft-helper-fontColor-quaternary ft-helper-fontSize-body-S ft-helper-spacer-t-xxs\">Telenot\u00edcies vespre de TV3 d\u00eda 02\/12\/2025.  \/ TV3<\/p>\n<p>Opini\u00f3n en redes sociales<\/p>\n<p class=\"ft-text\">Estas modificaciones han sido<strong> muy comentadas en <\/strong><a class=\"ft-link ft-link--decoration\" href=\"https:\/\/www.elperiodico.com\/es\/temas\/redes-sociales-34032\" rel=\"nofollow noopener\" target=\"_blank\"><strong>redes sociales<\/strong><\/a> y, como siempre, hay <strong>opiniones divididas.<\/strong><\/p>\n<p class=\"ft-text\">La gran mayor\u00eda de los telespectadores se han mostrado satisfechos con los cambios<strong>.\u201c\u00a1Ahora s\u00ed! \u00a1Que no lo toquen m\u00e1s!<\/strong>, o <strong>\u201cMucho mejor, donde va a parar\u201d<\/strong>, han comentado diferentes usuarios en X.<\/p>\n<blockquote class=\"twitter-tweet\">\n<p lang=\"es\" dir=\"ltr\">Ara si! Que no ho toquin m\u00e9s!<\/p>\n<p>\u2014 Albert Puig (@albertpuigegara) <a href=\"https:\/\/twitter.com\/albertpuigegara\/status\/1995962212385784317?ref_src=twsrc%5Etfw\" rel=\"nofollow noopener\" target=\"_blank\">December 2, 2025<\/a><\/p><\/blockquote>\n<p class=\"ft-text\">Tambi\u00e9n se ha comentado que, con los cambios, han conseguido una mejor legibilidad. <strong>\u201cEn el mapa de <\/strong><strong>Europa<\/strong><strong> los s\u00edmbolos de lluvia se ven mejor\u00bb<\/strong>, y \u00ablas gotas de lluvia se vuelven a ver\u00bb, destacaban otros usuarios.<\/p>\n<p class=\"ft-text\">Sin embargo, hay quienes <strong>no olvidan los mapas tradicionales<\/strong> de TV3:<strong> \u201cSigue siendo el peor cambio de TV3. \u00a1Los mapas del tiempo, me sabe mal pero eran mucho mejor los antiguos!<\/strong> \u00a1Para mi gusto, claro!, expresaba un espectador.<\/p>\n<blockquote class=\"twitter-tweet\">\n<p lang=\"eu\" dir=\"ltr\">Ja era hora \u2600\ufe0f\u2600\ufe0f\u2600\ufe0f<\/p>\n<p>\u2014 Albert\ud83c\udf97\ufe0fOtero \ud83c\udf49 Girbau \u262e\ufe0f (@Bitelman) <a href=\"https:\/\/twitter.com\/Bitelman\/status\/1996144921615512048?ref_src=twsrc%5Etfw\" rel=\"nofollow noopener\" target=\"_blank\">December 3, 2025<\/a><\/p><\/blockquote>\n<p> <script async src=\"https:\/\/platform.twitter.com\/widgets.js\" charset=\"utf-8\"><\/script><\/p>\n","protected":false},"excerpt":{"rendered":"El &#8216;Telenot\u00edcies&#8216; de TV3 de la noche del pasado martes, d\u00eda 2, incorpor\u00f3 novedades en el espacio del&hellip;\n","protected":false},"author":2,"featured_media":278082,"comment_status":"","ping_status":"","sticky":false,"template":"","format":"standard","meta":{"footnotes":""},"categories":[171],"tags":[4482,146,147,25,24,17023,5024,1922,23,67639,159,214,7151,14720,6052],"class_list":{"0":"post-278081","1":"post","2":"type-post","3":"status-publish","4":"format-standard","5":"has-post-thumbnail","7":"category-tv","8":"tag-dv","9":"tag-entertainment","10":"tag-entretenimiento","11":"tag-es","12":"tag-espana","13":"tag-mapas","14":"tag-nuevos","15":"tag-redes-sociales","16":"tag-spain","17":"tag-telenoticies","18":"tag-tiempo","19":"tag-tv","20":"tag-tv3","21":"tag-tv3-television-de-catalunya","22":"tag-twitter"},"share_on_mastodon":{"url":"https:\/\/pubeurope.com\/@es\/115685394226413136","error":""},"_links":{"self":[{"href":"https:\/\/www.europesays.com\/es\/wp-json\/wp\/v2\/posts\/278081","targetHints":{"allow":["GET"]}}],"collection":[{"href":"https:\/\/www.europesays.com\/es\/wp-json\/wp\/v2\/posts"}],"about":[{"href":"https:\/\/www.europesays.com\/es\/wp-json\/wp\/v2\/types\/post"}],"author":[{"embeddable":true,"href":"https:\/\/www.europesays.com\/es\/wp-json\/wp\/v2\/users\/2"}],"replies":[{"embeddable":true,"href":"https:\/\/www.europesays.com\/es\/wp-json\/wp\/v2\/comments?post=278081"}],"version-history":[{"count":0,"href":"https:\/\/www.europesays.com\/es\/wp-json\/wp\/v2\/posts\/278081\/revisions"}],"wp:featuredmedia":[{"embeddable":true,"href":"https:\/\/www.europesays.com\/es\/wp-json\/wp\/v2\/media\/278082"}],"wp:attachment":[{"href":"https:\/\/www.europesays.com\/es\/wp-json\/wp\/v2\/media?parent=278081"}],"wp:term":[{"taxonomy":"category","embeddable":true,"href":"https:\/\/www.europesays.com\/es\/wp-json\/wp\/v2\/categories?post=278081"},{"taxonomy":"post_tag","embeddable":true,"href":"https:\/\/www.europesays.com\/es\/wp-json\/wp\/v2\/tags?post=278081"}],"curies":[{"name":"wp","href":"https:\/\/api.w.org\/{rel}","templated":true}]}}